{"id":86103,"date":"2025-02-26T16:12:29","date_gmt":"2025-02-26T19:12:29","guid":{"rendered":"https:\/\/blogdoeloiltoncajuhy.com.br\/site\/?p=86103"},"modified":"2025-02-26T16:12:31","modified_gmt":"2025-02-26T19:12:31","slug":"itiuba-e-destaque-na-producao-de-umbu","status":"publish","type":"post","link":"https:\/\/blogdoeloiltoncajuhy.com.br\/site\/itiuba-e-destaque-na-producao-de-umbu\/","title":{"rendered":"Iti\u00faba \u00e9 destaque na produ\u00e7\u00e3o de umbu"},"content":{"rendered":"\n<p class=\"has-medium-font-size\"><strong>Com safra mais abundante, agricultores extrativistas t\u00eam maior rentabilidade neste ano<\/strong><\/p>\n\n\n\n<p><strong>Blog do Eloilton Cajuhy &#8211; BEC<\/strong><\/p>\n\n\n\n<figure class=\"wp-block-image aligncenter size-full is-resized\"><a href=\"https:\/\/i0.wp.com\/blogdoeloiltoncajuhy.com.br\/site\/wp-content\/uploads\/2025\/02\/GOVBA_Producao-de-Umbu-2_Foto_acervo-Aresol-e-APPJ.jpg?ssl=1\"><img data-recalc-dims=\"1\" fetchpriority=\"high\" decoding=\"async\" width=\"700\" height=\"315\" src=\"https:\/\/i0.wp.com\/blogdoeloiltoncajuhy.com.br\/site\/wp-content\/uploads\/2025\/02\/GOVBA_Producao-de-Umbu-2_Foto_acervo-Aresol-e-APPJ.jpg?resize=700%2C315&#038;ssl=1\" alt=\"\" class=\"wp-image-86104\" style=\"width:824px;height:auto\" srcset=\"https:\/\/i0.wp.com\/blogdoeloiltoncajuhy.com.br\/site\/wp-content\/uploads\/2025\/02\/GOVBA_Producao-de-Umbu-2_Foto_acervo-Aresol-e-APPJ.jpg?w=700&amp;ssl=1 700w, https:\/\/i0.wp.com\/blogdoeloiltoncajuhy.com.br\/site\/wp-content\/uploads\/2025\/02\/GOVBA_Producao-de-Umbu-2_Foto_acervo-Aresol-e-APPJ.jpg?resize=300%2C135&amp;ssl=1 300w\" sizes=\"(max-width: 700px) 100vw, 700px\" \/><\/a><figcaption class=\"wp-element-caption\"><sub>Foto: Acervo Aresol e APPJ<\/sub><\/figcaption><\/figure>\n\n\n\n<p>Com produ\u00e7\u00e3o sazonal, o umbu \u00e9 uma fonte de renda importante para milhares de agricultores familiares. O fruto nativo do bioma Caatinga, que faz parte da cultura alimentar do baiano, tem alto valor nutricional e um espa\u00e7o importante na produ\u00e7\u00e3o agroindustrial da agricultura familiar do Estado.<\/p>\n\n\n\n<p>Neste primeiro trimestre, per\u00edodo de safra do umbuzeiro, as fam\u00edlias extrativistas est\u00e3o conseguindo comercializar o fruto por um pre\u00e7o justo, o que resulta no aumento da oferta dessa mat\u00e9ria-prima para cooperativas baianas e em aumento de renda para essas fam\u00edlias.<\/p>\n\n\n\n<p><strong><mark style=\"background-color:rgba(0, 0, 0, 0)\" class=\"has-inline-color has-black-color\">No munic\u00edpio de Iti\u00faba<\/mark><\/strong>, agricultores assessorados pela Companhia de Desenvolvimento e A\u00e7\u00e3o Regional (CAR), em parceria com a Associa\u00e7\u00e3o Regional dos Grupos Solid\u00e1rios de Gera\u00e7\u00e3o de Renda (Aresol), nas <strong><mark style=\"background-color:rgba(0, 0, 0, 0)\" class=\"has-inline-color has-black-color\">comunidades Cercadinho, Estreito, Maria dos Santos, Pedra do D\u00f3rea e S\u00edtio do Meio<\/mark><\/strong>, organizaram a produ\u00e7\u00e3o do umbu, e comercializaram cerca de 3.500 quilos do fruto para a Cooperativa Regional de Agricultores Familiares e Extrativistas da Economia Solid\u00e1ria (Coopersabor).<\/p>\n\n\n\n<blockquote class=\"wp-block-quote is-layout-flow wp-block-quote-is-layout-flow\">\n<p class=\"has-medium-font-size\"><strong><mark style=\"background-color:rgba(0, 0, 0, 0)\" class=\"has-inline-color has-black-color\">\u201cO pessoal ficou animado e todo mundo conseguiu comercializar seu umbu. Teve muita gente que j\u00e1 recebeu o dinheiro. Todo mundo estava envolvido. Foi muito divertido tamb\u00e9m tirar o umbu. Esse ano tem muito umbu\u201d, conta Maria Santos de Jesus, agricultora e presidente da associa\u00e7\u00e3o local da Comunidade Maria dos Santos, em Iti\u00faba.<\/mark><\/strong><\/p>\n<\/blockquote>\n\n\n\n<figure class=\"wp-block-image aligncenter size-full is-resized\"><a href=\"https:\/\/i0.wp.com\/blogdoeloiltoncajuhy.com.br\/site\/wp-content\/uploads\/2025\/02\/GOVBA_Producao-de-Umbu-1_Foto_acervo-Aresol-e-APPJ.jpg?ssl=1\"><img data-recalc-dims=\"1\" decoding=\"async\" width=\"700\" height=\"598\" src=\"https:\/\/i0.wp.com\/blogdoeloiltoncajuhy.com.br\/site\/wp-content\/uploads\/2025\/02\/GOVBA_Producao-de-Umbu-1_Foto_acervo-Aresol-e-APPJ.jpg?resize=700%2C598&#038;ssl=1\" alt=\"\" class=\"wp-image-86105\" style=\"width:571px;height:auto\" srcset=\"https:\/\/i0.wp.com\/blogdoeloiltoncajuhy.com.br\/site\/wp-content\/uploads\/2025\/02\/GOVBA_Producao-de-Umbu-1_Foto_acervo-Aresol-e-APPJ.jpg?w=700&amp;ssl=1 700w, https:\/\/i0.wp.com\/blogdoeloiltoncajuhy.com.br\/site\/wp-content\/uploads\/2025\/02\/GOVBA_Producao-de-Umbu-1_Foto_acervo-Aresol-e-APPJ.jpg?resize=300%2C256&amp;ssl=1 300w\" sizes=\"(max-width: 700px) 100vw, 700px\" \/><\/a><figcaption class=\"wp-element-caption\"><sub>Foto: Acervo Aresol e APPJ<\/sub><\/figcaption><\/figure>\n\n\n\n<p>Foi desenvolvida uma a\u00e7\u00e3o semelhante nas comunidades de Aroeira, Barro Vermelho, Cambueiro, ADJ e Volta, no munic\u00edpio de Capim Grosso. Com apoio direto da CAR, em parceria com a Associa\u00e7\u00e3o de Pequenos Produtores de Jaboticaba (APPJ), foi poss\u00edvel assegurar a venda de uma quantidade expressiva do fruto, como salienta o t\u00e9cnico Dilmo Souza.<\/p>\n\n\n\n<p>\u201cForam comercializados 1.349 quilos de umbu para a cooperativa Ser do Sert\u00e3o, com sede no munic\u00edpio de Pintadas. Em tr\u00eas semanas foram comercializadas seis toneladas de umbu para a Cooperativa. Al\u00e9m de Capim Grosso tamb\u00e9m foram envolvidas algumas comunidades de Quixabeira. Aqui foi hist\u00f3rico. Primeira vez que umbu \u00e9 comercializado nessa quantidade\u201d, destacou Dilmo.<\/p>\n\n\n\n<p>O trabalho de assist\u00eancia t\u00e9cnica cont\u00ednua nestes munic\u00edpios \u00e9 ofertado no \u00e2mbito do Pr\u00f3-Semi\u00e1rido, projeto do Governo da Bahia, executado pela CAR, empresa p\u00fablica vinculada \u00e0 Secretaria de Desenvolvimento Rural (SDR), que tem cofinanciamento do Fundo Internacional de Desenvolvimento Agr\u00edcola (Fida).<\/p>\n\n\n\n<ul class=\"wp-block-list\">\n<li><a href=\"https:\/\/whatsapp.com\/channel\/0029VaAT7tDLI8Yfj5y9Z50Z\"><strong><mark style=\"background-color:rgba(0, 0, 0, 0)\" class=\"has-inline-color has-vivid-red-color\">Siga nosso canal no WhatsApp e veja mais not\u00edcias<\/mark><\/strong><\/a><\/li>\n<\/ul>\n","protected":false},"excerpt":{"rendered":"<p>Com safra mais abundante, agricultores extrativistas t\u00eam maior rentabilidade neste ano Blog do Eloilton Cajuhy &#8211; BEC Com produ\u00e7\u00e3o sazonal, o umbu \u00e9 uma fonte de renda importante para milhares de agricultores familiares. O fruto nativo do bioma Caatinga, que faz parte da cultura alimentar do baiano, tem alto valor nutricional e um espa\u00e7o importante [&hellip;]<\/p>\n","protected":false},"author":2,"featured_media":86105,"comment_status":"open","ping_status":"open","sticky":false,"template":"","format":"standard","meta":{"_acf_changed":false,"_monsterinsights_skip_tracking":false,"_monsterinsights_sitenote_active":false,"_monsterinsights_sitenote_note":"","_monsterinsights_sitenote_category":0,"_jetpack_memberships_contains_paid_content":false,"footnotes":"","jetpack_publicize_message":"","jetpack_publicize_feature_enabled":true,"jetpack_social_post_already_shared":false,"jetpack_social_options":{"image_generator_settings":{"template":"highway","enabled":false},"version":2}},"categories":[11],"tags":[],"class_list":["post-86103","post","type-post","status-publish","format-standard","has-post-thumbnail","hentry","category-regional"],"acf":[],"jetpack_publicize_connections":[],"jetpack_featured_media_url":"https:\/\/i0.wp.com\/blogdoeloiltoncajuhy.com.br\/site\/wp-content\/uploads\/2025\/02\/GOVBA_Producao-de-Umbu-1_Foto_acervo-Aresol-e-APPJ.jpg?fit=700%2C598&ssl=1","jetpack_sharing_enabled":true,"publishpress_future_workflow_manual_trigger":{"enabledWorkflows":[]},"_links":{"self":[{"href":"https:\/\/blogdoeloiltoncajuhy.com.br\/site\/wp-json\/wp\/v2\/posts\/86103","targetHints":{"allow":["GET"]}}],"collection":[{"href":"https:\/\/blogdoeloiltoncajuhy.com.br\/site\/wp-json\/wp\/v2\/posts"}],"about":[{"href":"https:\/\/blogdoeloiltoncajuhy.com.br\/site\/wp-json\/wp\/v2\/types\/post"}],"author":[{"embeddable":true,"href":"https:\/\/blogdoeloiltoncajuhy.com.br\/site\/wp-json\/wp\/v2\/users\/2"}],"replies":[{"embeddable":true,"href":"https:\/\/blogdoeloiltoncajuhy.com.br\/site\/wp-json\/wp\/v2\/comments?post=86103"}],"version-history":[{"count":1,"href":"https:\/\/blogdoeloiltoncajuhy.com.br\/site\/wp-json\/wp\/v2\/posts\/86103\/revisions"}],"predecessor-version":[{"id":86106,"href":"https:\/\/blogdoeloiltoncajuhy.com.br\/site\/wp-json\/wp\/v2\/posts\/86103\/revisions\/86106"}],"wp:featuredmedia":[{"embeddable":true,"href":"https:\/\/blogdoeloiltoncajuhy.com.br\/site\/wp-json\/wp\/v2\/media\/86105"}],"wp:attachment":[{"href":"https:\/\/blogdoeloiltoncajuhy.com.br\/site\/wp-json\/wp\/v2\/media?parent=86103"}],"wp:term":[{"taxonomy":"category","embeddable":true,"href":"https:\/\/blogdoeloiltoncajuhy.com.br\/site\/wp-json\/wp\/v2\/categories?post=86103"},{"taxonomy":"post_tag","embeddable":true,"href":"https:\/\/blogdoeloiltoncajuhy.com.br\/site\/wp-json\/wp\/v2\/tags?post=86103"}],"curies":[{"name":"wp","href":"https:\/\/api.w.org\/{rel}","templated":true}]}}