{"id":86101,"date":"2025-02-26T15:49:38","date_gmt":"2025-02-26T18:49:38","guid":{"rendered":"https:\/\/blogdoeloiltoncajuhy.com.br\/site\/?p=86101"},"modified":"2025-02-27T15:10:27","modified_gmt":"2025-02-27T18:10:27","slug":"luto-na-cultura-bonfinense-morre-nivaldo-do-acordeon-aos-76-anos","status":"publish","type":"post","link":"https:\/\/blogdoeloiltoncajuhy.com.br\/site\/luto-na-cultura-bonfinense-morre-nivaldo-do-acordeon-aos-76-anos\/","title":{"rendered":"Luto na cultura bonfinense: Morre Nivaldo do Acordeon, aos 76 anos"},"content":{"rendered":"\n<p class=\"has-medium-font-size\"><strong>Nivaldo se destacou como um dos mais importantes nomes do forr\u00f3 regional<\/strong><\/p>\n\n\n\n<p><strong>Por Blog do Eloilton Cajuhy &#8211; BEC<\/strong><br><em><sub>Atualizado em 27 de fevereiro de 2025 \u00e0s 7h52 e \u00e0s 15h10<\/sub><\/em><\/p>\n\n\n\n<figure class=\"wp-block-image aligncenter size-full is-resized\"><a href=\"https:\/\/i0.wp.com\/blogdoeloiltoncajuhy.com.br\/site\/wp-content\/uploads\/2015\/06\/Nivaldo.jpg\"><img data-recalc-dims=\"1\" fetchpriority=\"high\" decoding=\"async\" width=\"540\" height=\"405\" src=\"https:\/\/i0.wp.com\/blogdoeloiltoncajuhy.com.br\/site\/wp-content\/uploads\/2015\/06\/Nivaldo.jpg?resize=540%2C405\" alt=\"\" class=\"wp-image-1535\" style=\"width:687px;height:auto\" srcset=\"https:\/\/i0.wp.com\/blogdoeloiltoncajuhy.com.br\/site\/wp-content\/uploads\/2015\/06\/Nivaldo.jpg?w=540&amp;ssl=1 540w, https:\/\/i0.wp.com\/blogdoeloiltoncajuhy.com.br\/site\/wp-content\/uploads\/2015\/06\/Nivaldo.jpg?resize=300%2C225&amp;ssl=1 300w, https:\/\/i0.wp.com\/blogdoeloiltoncajuhy.com.br\/site\/wp-content\/uploads\/2015\/06\/Nivaldo.jpg?resize=250%2C188&amp;ssl=1 250w\" sizes=\"(max-width: 540px) 100vw, 540px\" \/><\/a><figcaption class=\"wp-element-caption\"><sub>Foto: Reprodu\u00e7\u00e3o<\/sub><\/figcaption><\/figure>\n\n\n\n<p>Faleceu nesta quarta-feira (26), o <strong><mark style=\"background-color:rgba(0, 0, 0, 0)\" class=\"has-inline-color has-black-color\">sanfoneiro Nivaldo Amaro de Ara\u00fajo<\/mark><\/strong>, mais conhecido como <strong><mark style=\"background-color:rgba(0, 0, 0, 0)\" class=\"has-inline-color has-black-color\">Nivaldo do Acordeon<\/mark><\/strong>, aos 76 anos de idade, completados na \u00faltima sexta-feira, dia 21.<\/p>\n\n\n\n<p>Dono de um talento inconfund\u00edvel, Nivaldo nasceu no distrito de Quic\u00e9, interior de Senhor do Bonfim, mas cresceu por toda a regi\u00e3o ap\u00f3s entrar no mundo art\u00edstico do forr\u00f3, tendo influ\u00eancias de nomes famosos da m\u00fasica nordestina, a exemplo de Luiz Gonzaga e Dominguinhos.<\/p>\n\n\n\n<ul class=\"wp-block-list\">\n<li><a href=\"https:\/\/whatsapp.com\/channel\/0029VaAT7tDLI8Yfj5y9Z50Z\"><strong><mark style=\"background-color:rgba(0, 0, 0, 0)\" class=\"has-inline-color has-vivid-red-color\">Siga nosso canal no WhatsApp e veja mais not\u00edcias<\/mark><\/strong><\/a><\/li>\n<\/ul>\n\n\n\n<p><\/p>\n\n\n\n<p>Em mar\u00e7o de 2018, Nivaldo do Acordeon foi not\u00edcia nacional por conta de uma a\u00e7\u00e3o judicial que determinou a apreens\u00e3o de sua sanfona ap\u00f3s o sanfoneiro Renato Cigano alegar que o instrumento lhe pertencia e havia sido roubado. (<a href=\"https:\/\/blogdoeloiltoncajuhy.com.br\/site\/bonfim-com-sentenca-poetica-juiz-manda-devolver-sanfona-a-nivaldo-do-acordeon\/\"><strong><mark style=\"background-color:rgba(0, 0, 0, 0)\" class=\"has-inline-color has-vivid-cyan-blue-color\">Relembre aqui<\/mark><\/strong><\/a>)<\/p>\n\n\n\n<p>O juiz do caso na \u00e9poca Dr. Teomar Almeida de Oliveira, em senten\u00e7a publicada em forma de poesia, decidiu que a sanfona ficasse com Nivaldo enquanto o processo seguia em andamento. Dois anos depois, a Justi\u00e7a determinou que o sanfoneiro bonfinense devia devolver a sanfona a Renato Cigano. (<a href=\"https:\/\/blogdoeloiltoncajuhy.com.br\/site\/senhor-do-bonfim-justica-decide-que-nivaldo-do-acordeon-deve-devolver-sanfona\/\"><strong><mark style=\"background-color:rgba(0, 0, 0, 0)\" class=\"has-inline-color has-vivid-cyan-blue-color\">Relembre aqui<\/mark><\/strong><\/a>)<\/p>\n\n\n\n<p>Ap\u00f3s campanha e ajuda de empres\u00e1rios, Nivaldo do Acordeon conseguiu adquirir seu principal instrumento de trabalho e voltar a alegrar seus f\u00e3s, voltando a participar de eventos festivos em toda regi\u00e3o.<\/p>\n\n\n\n<p>O corpo de Nivaldo do Acordeon foi velado em sua resid\u00eancia, no distrito de Quic\u00e9, e o sepultamento foi realizado nesta quinta-feira (27), \u00e0s 10h da manh\u00e3, no cemit\u00e9rio daquela localidade.<\/p>\n\n\n\n<figure class=\"wp-block-image aligncenter size-full is-resized\"><a href=\"https:\/\/i0.wp.com\/blogdoeloiltoncajuhy.com.br\/site\/wp-content\/uploads\/2025\/02\/NIVALDO-DO-ACORDEON-E-LUCY-ALVES-MAURO-COELHO.png?ssl=1\"><img data-recalc-dims=\"1\" decoding=\"async\" width=\"750\" height=\"501\" src=\"https:\/\/i0.wp.com\/blogdoeloiltoncajuhy.com.br\/site\/wp-content\/uploads\/2025\/02\/NIVALDO-DO-ACORDEON-E-LUCY-ALVES-MAURO-COELHO.png?resize=750%2C501&#038;ssl=1\" alt=\"\" class=\"wp-image-86127\" style=\"width:689px;height:auto\" srcset=\"https:\/\/i0.wp.com\/blogdoeloiltoncajuhy.com.br\/site\/wp-content\/uploads\/2025\/02\/NIVALDO-DO-ACORDEON-E-LUCY-ALVES-MAURO-COELHO.png?w=750&amp;ssl=1 750w, https:\/\/i0.wp.com\/blogdoeloiltoncajuhy.com.br\/site\/wp-content\/uploads\/2025\/02\/NIVALDO-DO-ACORDEON-E-LUCY-ALVES-MAURO-COELHO.png?resize=300%2C200&amp;ssl=1 300w\" sizes=\"(max-width: 750px) 100vw, 750px\" \/><\/a><figcaption class=\"wp-element-caption\"><sub>Nivaldo do Acordeon ao lado da cantora, instrumentista e atriz da Globo, Lucy Alves &#8211; Foto: Mauro Coelho<\/sub><\/figcaption><\/figure>\n","protected":false},"excerpt":{"rendered":"<p>Nivaldo se destacou como um dos mais importantes nomes do forr\u00f3 regional Por Blog do Eloilton Cajuhy &#8211; BECAtualizado em 27 de fevereiro de 2025 \u00e0s 7h52 e \u00e0s 15h10 Faleceu nesta quarta-feira (26), o sanfoneiro Nivaldo Amaro de Ara\u00fajo, mais conhecido como Nivaldo do Acordeon, aos 76 anos de idade, completados na \u00faltima sexta-feira, [&hellip;]<\/p>\n","protected":false},"author":2,"featured_media":1535,"comment_status":"open","ping_status":"open","sticky":false,"template":"","format":"standard","meta":{"_acf_changed":false,"_monsterinsights_skip_tracking":false,"_monsterinsights_sitenote_active":false,"_monsterinsights_sitenote_note":"","_monsterinsights_sitenote_category":0,"_jetpack_memberships_contains_paid_content":false,"footnotes":"","jetpack_publicize_message":"","jetpack_publicize_feature_enabled":true,"jetpack_social_post_already_shared":true,"jetpack_social_options":{"image_generator_settings":{"template":"highway","default_image_id":0,"font":"","enabled":false},"version":2}},"categories":[8],"tags":[],"class_list":["post-86101","post","type-post","status-publish","format-standard","has-post-thumbnail","hentry","category-cultura"],"acf":[],"jetpack_publicize_connections":[],"jetpack_featured_media_url":"https:\/\/i0.wp.com\/blogdoeloiltoncajuhy.com.br\/site\/wp-content\/uploads\/2015\/06\/Nivaldo.jpg?fit=540%2C405&ssl=1","jetpack_sharing_enabled":true,"publishpress_future_workflow_manual_trigger":{"enabledWorkflows":[]},"_links":{"self":[{"href":"https:\/\/blogdoeloiltoncajuhy.com.br\/site\/wp-json\/wp\/v2\/posts\/86101","targetHints":{"allow":["GET"]}}],"collection":[{"href":"https:\/\/blogdoeloiltoncajuhy.com.br\/site\/wp-json\/wp\/v2\/posts"}],"about":[{"href":"https:\/\/blogdoeloiltoncajuhy.com.br\/site\/wp-json\/wp\/v2\/types\/post"}],"author":[{"embeddable":true,"href":"https:\/\/blogdoeloiltoncajuhy.com.br\/site\/wp-json\/wp\/v2\/users\/2"}],"replies":[{"embeddable":true,"href":"https:\/\/blogdoeloiltoncajuhy.com.br\/site\/wp-json\/wp\/v2\/comments?post=86101"}],"version-history":[{"count":4,"href":"https:\/\/blogdoeloiltoncajuhy.com.br\/site\/wp-json\/wp\/v2\/posts\/86101\/revisions"}],"predecessor-version":[{"id":86129,"href":"https:\/\/blogdoeloiltoncajuhy.com.br\/site\/wp-json\/wp\/v2\/posts\/86101\/revisions\/86129"}],"wp:featuredmedia":[{"embeddable":true,"href":"https:\/\/blogdoeloiltoncajuhy.com.br\/site\/wp-json\/wp\/v2\/media\/1535"}],"wp:attachment":[{"href":"https:\/\/blogdoeloiltoncajuhy.com.br\/site\/wp-json\/wp\/v2\/media?parent=86101"}],"wp:term":[{"taxonomy":"category","embeddable":true,"href":"https:\/\/blogdoeloiltoncajuhy.com.br\/site\/wp-json\/wp\/v2\/categories?post=86101"},{"taxonomy":"post_tag","embeddable":true,"href":"https:\/\/blogdoeloiltoncajuhy.com.br\/site\/wp-json\/wp\/v2\/tags?post=86101"}],"curies":[{"name":"wp","href":"https:\/\/api.w.org\/{rel}","templated":true}]}}