{"id":86097,"date":"2025-02-26T08:54:13","date_gmt":"2025-02-26T11:54:13","guid":{"rendered":"https:\/\/blogdoeloiltoncajuhy.com.br\/site\/?p=86097"},"modified":"2025-02-26T08:54:15","modified_gmt":"2025-02-26T11:54:15","slug":"curriculo-como-conseguir-se-destacar-e-conquistar-entrevistas","status":"publish","type":"post","link":"https:\/\/blogdoeloiltoncajuhy.com.br\/site\/curriculo-como-conseguir-se-destacar-e-conquistar-entrevistas\/","title":{"rendered":"Curr\u00edculo: como conseguir se destacar e conquistar entrevistas?"},"content":{"rendered":"\n<p><strong>Blog do Eloilton Cajuhy &#8211; BEC<\/strong><\/p>\n\n\n\n<figure class=\"wp-block-image aligncenter size-full\"><a href=\"https:\/\/i0.wp.com\/blogdoeloiltoncajuhy.com.br\/site\/wp-content\/uploads\/2025\/02\/Curriculo_2025-02-25-reproducao.jpeg?ssl=1\"><img data-recalc-dims=\"1\" fetchpriority=\"high\" decoding=\"async\" width=\"760\" height=\"507\" src=\"https:\/\/i0.wp.com\/blogdoeloiltoncajuhy.com.br\/site\/wp-content\/uploads\/2025\/02\/Curriculo_2025-02-25-reproducao.jpeg?resize=760%2C507&#038;ssl=1\" alt=\"\" class=\"wp-image-86098\" srcset=\"https:\/\/i0.wp.com\/blogdoeloiltoncajuhy.com.br\/site\/wp-content\/uploads\/2025\/02\/Curriculo_2025-02-25-reproducao.jpeg?w=760&amp;ssl=1 760w, https:\/\/i0.wp.com\/blogdoeloiltoncajuhy.com.br\/site\/wp-content\/uploads\/2025\/02\/Curriculo_2025-02-25-reproducao.jpeg?resize=300%2C200&amp;ssl=1 300w\" sizes=\"(max-width: 760px) 100vw, 760px\" \/><\/a><figcaption class=\"wp-element-caption\"><sub>Curr\u00edculo: como conseguir se destacar e conquistar entrevistas? &#8211; Foto: Reprodu\u00e7\u00e3o<\/sub><\/figcaption><\/figure>\n\n\n\n<p>Quantos curr\u00edculos voc\u00ea j\u00e1 enviou e n\u00e3o teve retorno? Talvez a resposta seja: \u201cJ\u00e1 perdi as contas\u201d. Conseguir uma entrevista de emprego logo na primeira tentativa pode acontecer, mas, \u00e0s vezes, \u00e9 necess\u00e1rio enviar v\u00e1rios curr\u00edculos antes de obter uma oportunidade. Neste \u00faltimo caso, talvez voc\u00ea j\u00e1 tenha se questionado se est\u00e1 fazendo algo errado. A psic\u00f3loga do Instituto Euvaldo Lodi de Pernambuco (IEL-PE), entidade que aproxima estudantes e profissionais do mercado de trabalho, refor\u00e7a que, entre as principais dicas, ser claro e objetivo \u00e9 o ponto de partida para um curr\u00edculo competitivo.<\/p>\n\n\n\n<p>\u201cFormatar seu curr\u00edculo em t\u00f3picos facilitar\u00e1 a identifica\u00e7\u00e3o das informa\u00e7\u00f5es de seu perfil. O formato enxuto e organizado facilita a leitura e destaca as informa\u00e7\u00f5es principais\u201d, orienta a psic\u00f3loga Aldineide Pereira. Ela explica que, entre as principais informa\u00e7\u00f5es que devem constar no curr\u00edculo est\u00e3o dados pessoais (nome completo, data de nascimento, cidade onde mora, telefone e e-mail), forma\u00e7\u00e3o acad\u00eamica e objetivo profissional \u2013 destacando qual vaga e \u00e1rea deseja atuar. Tamb\u00e9m devem estar no documento idiomas, habilidades t\u00e9cnicas e experi\u00eancia profissional, deixando claro o nome da empresa, o per\u00edodo em que trabalhou nela, a fun\u00e7\u00e3o desempenhada e as atividades desenvolvidas.<\/p>\n\n\n\n<ul class=\"wp-block-list\">\n<li><a href=\"https:\/\/whatsapp.com\/channel\/0029VaAT7tDLI8Yfj5y9Z50Z\"><strong><mark style=\"background-color:rgba(0, 0, 0, 0)\" class=\"has-inline-color has-vivid-red-color\">Siga nosso canal no WhatsApp e veja mais not\u00edcias<\/mark><\/strong><\/a><\/li>\n<\/ul>\n\n\n\n<p><\/p>\n\n\n\n<p>Para a psic\u00f3loga, as habilidades comportamentais, cada vez mais valorizadas por recrutadores e gestores, tamb\u00e9m podem ser inclu\u00eddas no curr\u00edculo, desde que relacionadas \u00e0 vaga. No documento, elas podem ser destacadas em uma se\u00e7\u00e3o de &#8220;Compet\u00eancias Pessoais&#8221; ou &#8220;Soft Skills&#8221;, como &#8220;trabalho em equipe&#8221;, &#8220;lideran\u00e7a&#8221; ou &#8220;gest\u00e3o de tempo&#8221;, sempre seguidas com exemplos espec\u00edficos de como foram aplicadas. \u201cO empregador precisa saber que voc\u00ea tem dom\u00ednio dessas habilidades atrav\u00e9s de situa\u00e7\u00f5es vivenciadas no seu cotidiano profissional\u201d, refor\u00e7a.<\/p>\n\n\n\n<p>Ela orienta ainda que mudar o curr\u00edculo para tentar conquistar diferentes vagas \u00e9 uma boa ideia, contanto que o interessado modifique o objetivo profissional e destaque as experi\u00eancias e habilidades mais relevantes para a vaga espec\u00edfica, sem perder a coer\u00eancia com sua identidade profissional. Al\u00e9m disso, apresentar as experi\u00eancias n\u00e3o profissionais, como projetos relevantes, voluntariados ou interc\u00e2mbios, \u00e9 uma boa aposta, mas \u00e9 preciso destacar as habilidades adquiridas e os resultados alcan\u00e7ados. \u201cSe voc\u00ea foi gestor de equipe em um projeto social, \u00e9 preciso enfatizar, por exemplo, que coordenou 10 volunt\u00e1rios e atingiu 100% da meta de arrecada\u00e7\u00e3o\u201d.<\/p>\n\n\n\n<p>Ao mesmo tempo que \u00e9 importante saber o que colocar no curr\u00edculo, Aldineide lembra que tamb\u00e9m \u00e9 fundamental saber o que n\u00e3o colocar. Ela orienta sobre a import\u00e2ncia de se resguardar e n\u00e3o divulgar informa\u00e7\u00f5es desnecess\u00e1rias nesse primeiro momento de apresenta\u00e7\u00e3o. \u201cExemplo disso s\u00e3o RG e CPF, foto, refer\u00eancias pessoais ou profissionais sem solicita\u00e7\u00e3o, e experi\u00eancias ou habilidades que n\u00e3o agregam valor para a vaga\u201d.<\/p>\n","protected":false},"excerpt":{"rendered":"<p>Blog do Eloilton Cajuhy &#8211; BEC Quantos curr\u00edculos voc\u00ea j\u00e1 enviou e n\u00e3o teve retorno? Talvez a resposta seja: \u201cJ\u00e1 perdi as contas\u201d. Conseguir uma entrevista de emprego logo na primeira tentativa pode acontecer, mas, \u00e0s vezes, \u00e9 necess\u00e1rio enviar v\u00e1rios curr\u00edculos antes de obter uma oportunidade. Neste \u00faltimo caso, talvez voc\u00ea j\u00e1 tenha se [&hellip;]<\/p>\n","protected":false},"author":2,"featured_media":86098,"comment_status":"open","ping_status":"open","sticky":false,"template":"","format":"standard","meta":{"_acf_changed":false,"_monsterinsights_skip_tracking":false,"_monsterinsights_sitenote_active":false,"_monsterinsights_sitenote_note":"","_monsterinsights_sitenote_category":0,"_jetpack_memberships_contains_paid_content":false,"footnotes":"","jetpack_publicize_message":"","jetpack_publicize_feature_enabled":true,"jetpack_social_post_already_shared":false,"jetpack_social_options":{"image_generator_settings":{"template":"highway","enabled":false},"version":2}},"categories":[32],"tags":[],"class_list":["post-86097","post","type-post","status-publish","format-standard","has-post-thumbnail","hentry","category-emprego"],"acf":[],"jetpack_publicize_connections":[],"jetpack_featured_media_url":"https:\/\/i0.wp.com\/blogdoeloiltoncajuhy.com.br\/site\/wp-content\/uploads\/2025\/02\/Curriculo_2025-02-25-reproducao.jpeg?fit=760%2C507&ssl=1","jetpack_sharing_enabled":true,"publishpress_future_workflow_manual_trigger":{"enabledWorkflows":[]},"_links":{"self":[{"href":"https:\/\/blogdoeloiltoncajuhy.com.br\/site\/wp-json\/wp\/v2\/posts\/86097","targetHints":{"allow":["GET"]}}],"collection":[{"href":"https:\/\/blogdoeloiltoncajuhy.com.br\/site\/wp-json\/wp\/v2\/posts"}],"about":[{"href":"https:\/\/blogdoeloiltoncajuhy.com.br\/site\/wp-json\/wp\/v2\/types\/post"}],"author":[{"embeddable":true,"href":"https:\/\/blogdoeloiltoncajuhy.com.br\/site\/wp-json\/wp\/v2\/users\/2"}],"replies":[{"embeddable":true,"href":"https:\/\/blogdoeloiltoncajuhy.com.br\/site\/wp-json\/wp\/v2\/comments?post=86097"}],"version-history":[{"count":1,"href":"https:\/\/blogdoeloiltoncajuhy.com.br\/site\/wp-json\/wp\/v2\/posts\/86097\/revisions"}],"predecessor-version":[{"id":86099,"href":"https:\/\/blogdoeloiltoncajuhy.com.br\/site\/wp-json\/wp\/v2\/posts\/86097\/revisions\/86099"}],"wp:featuredmedia":[{"embeddable":true,"href":"https:\/\/blogdoeloiltoncajuhy.com.br\/site\/wp-json\/wp\/v2\/media\/86098"}],"wp:attachment":[{"href":"https:\/\/blogdoeloiltoncajuhy.com.br\/site\/wp-json\/wp\/v2\/media?parent=86097"}],"wp:term":[{"taxonomy":"category","embeddable":true,"href":"https:\/\/blogdoeloiltoncajuhy.com.br\/site\/wp-json\/wp\/v2\/categories?post=86097"},{"taxonomy":"post_tag","embeddable":true,"href":"https:\/\/blogdoeloiltoncajuhy.com.br\/site\/wp-json\/wp\/v2\/tags?post=86097"}],"curies":[{"name":"wp","href":"https:\/\/api.w.org\/{rel}","templated":true}]}}