{"id":86094,"date":"2025-02-26T08:46:03","date_gmt":"2025-02-26T11:46:03","guid":{"rendered":"https:\/\/blogdoeloiltoncajuhy.com.br\/site\/?p=86094"},"modified":"2025-02-26T08:46:04","modified_gmt":"2025-02-26T11:46:04","slug":"justica-eleitoral-declara-improcedente-denuncia-contra-prefeito-de-andorinha-e-vereador-neguinho-do-grigorio","status":"publish","type":"post","link":"https:\/\/blogdoeloiltoncajuhy.com.br\/site\/justica-eleitoral-declara-improcedente-denuncia-contra-prefeito-de-andorinha-e-vereador-neguinho-do-grigorio\/","title":{"rendered":"Justi\u00e7a Eleitoral declara improcedente den\u00fancia contra prefeito de Andorinha e vereador Neguinho do Grig\u00f3rio"},"content":{"rendered":"\n<p class=\"has-medium-font-size\"><strong>Decis\u00e3o \u00e9 do Juiz da 45\u00aa Zona Eleitoral de Senhor do Bonfim, Dr. Tardelli Cerqueira<\/strong><\/p>\n\n\n\n<p><strong>Por Blog do Eloilton Cajuhy &#8211; BEC<\/strong><\/p>\n\n\n\n<figure class=\"wp-block-image aligncenter size-full\"><a href=\"https:\/\/i0.wp.com\/blogdoeloiltoncajuhy.com.br\/site\/wp-content\/uploads\/2025\/02\/Adilberto.webp?ssl=1\"><img data-recalc-dims=\"1\" fetchpriority=\"high\" decoding=\"async\" width=\"640\" height=\"459\" src=\"https:\/\/i0.wp.com\/blogdoeloiltoncajuhy.com.br\/site\/wp-content\/uploads\/2025\/02\/Adilberto.webp?resize=640%2C459&#038;ssl=1\" alt=\"\" class=\"wp-image-86095\" srcset=\"https:\/\/i0.wp.com\/blogdoeloiltoncajuhy.com.br\/site\/wp-content\/uploads\/2025\/02\/Adilberto.webp?w=640&amp;ssl=1 640w, https:\/\/i0.wp.com\/blogdoeloiltoncajuhy.com.br\/site\/wp-content\/uploads\/2025\/02\/Adilberto.webp?resize=300%2C215&amp;ssl=1 300w\" sizes=\"(max-width: 640px) 100vw, 640px\" \/><\/a><figcaption class=\"wp-element-caption\"><sub>Justi\u00e7a Eleitoral declara improcedente den\u00fancia contra prefeito de Andorinha e vereador Neguinho do Grig\u00f3rio &#8211; Foto: Divulga\u00e7\u00e3o<\/sub><\/figcaption><\/figure>\n\n\n\n<p>A Justi\u00e7a Eleitoral da 45\u00aa Zona de Senhor do Bonfim decidiu pela improced\u00eancia da a\u00e7\u00e3o movida contra o prefeito de Andorinha, Adilberto Evangelista de Souza, afastando as acusa\u00e7\u00f5es de capta\u00e7\u00e3o il\u00edcita de votos e uso indevido de bem p\u00fablico. O julgamento, conduzido pelo Juiz Dr. Tardelli Cerqueira Boaventura, concluiu que n\u00e3o h\u00e1 elementos que comprovem qualquer irregularidade nas a\u00e7\u00f5es de Adilberto. A informa\u00e7\u00e3o \u00e9 do <strong>Portal Andorinha News<\/strong>.<\/p>\n\n\n\n<p>Segundo a senten\u00e7a do juiz, as imagens apresentadas como prova indicam apenas um di\u00e1logo entre Adilberto Evangelista e o vereador Cleriston Grig\u00f3rio de Ara\u00fajo, dentro da C\u00e2mara Municipal de Andorinha. Dr. Tardelli concluiu que n\u00e3o houve evid\u00eancias de atividade pol\u00edtica irregular ou tentativa de obten\u00e7\u00e3o de votos de forma indevida.<\/p>\n\n\n\n<p>Com a decis\u00e3o, o prefeito Adilberto Evangelista segue no cargo para o qual foi eleito nas elei\u00e7\u00f5es municipais de outubro do ano passado.<\/p>\n\n\n\n<ul class=\"wp-block-list\">\n<li><a href=\"https:\/\/whatsapp.com\/channel\/0029VaAT7tDLI8Yfj5y9Z50Z\"><strong><mark style=\"background-color:rgba(0, 0, 0, 0)\" class=\"has-inline-color has-vivid-red-color\">Siga nosso canal no WhatsApp e veja mais not\u00edcias<\/mark><\/strong><\/a><\/li>\n<\/ul>\n","protected":false},"excerpt":{"rendered":"<p>Decis\u00e3o \u00e9 do Juiz da 45\u00aa Zona Eleitoral de Senhor do Bonfim, Dr. Tardelli Cerqueira Por Blog do Eloilton Cajuhy &#8211; BEC A Justi\u00e7a Eleitoral da 45\u00aa Zona de Senhor do Bonfim decidiu pela improced\u00eancia da a\u00e7\u00e3o movida contra o prefeito de Andorinha, Adilberto Evangelista de Souza, afastando as acusa\u00e7\u00f5es de capta\u00e7\u00e3o il\u00edcita de votos [&hellip;]<\/p>\n","protected":false},"author":2,"featured_media":86095,"comment_status":"open","ping_status":"open","sticky":false,"template":"","format":"standard","meta":{"_acf_changed":false,"_monsterinsights_skip_tracking":false,"_monsterinsights_sitenote_active":false,"_monsterinsights_sitenote_note":"","_monsterinsights_sitenote_category":0,"_jetpack_memberships_contains_paid_content":false,"footnotes":"","jetpack_publicize_message":"","jetpack_publicize_feature_enabled":true,"jetpack_social_post_already_shared":true,"jetpack_social_options":{"image_generator_settings":{"template":"highway","default_image_id":0,"font":"","enabled":false},"version":2}},"categories":[11],"tags":[],"class_list":["post-86094","post","type-post","status-publish","format-standard","has-post-thumbnail","hentry","category-regional"],"acf":[],"jetpack_publicize_connections":[],"jetpack_featured_media_url":"https:\/\/i0.wp.com\/blogdoeloiltoncajuhy.com.br\/site\/wp-content\/uploads\/2025\/02\/Adilberto.webp?fit=640%2C459&ssl=1","jetpack_sharing_enabled":true,"publishpress_future_workflow_manual_trigger":{"enabledWorkflows":[]},"_links":{"self":[{"href":"https:\/\/blogdoeloiltoncajuhy.com.br\/site\/wp-json\/wp\/v2\/posts\/86094","targetHints":{"allow":["GET"]}}],"collection":[{"href":"https:\/\/blogdoeloiltoncajuhy.com.br\/site\/wp-json\/wp\/v2\/posts"}],"about":[{"href":"https:\/\/blogdoeloiltoncajuhy.com.br\/site\/wp-json\/wp\/v2\/types\/post"}],"author":[{"embeddable":true,"href":"https:\/\/blogdoeloiltoncajuhy.com.br\/site\/wp-json\/wp\/v2\/users\/2"}],"replies":[{"embeddable":true,"href":"https:\/\/blogdoeloiltoncajuhy.com.br\/site\/wp-json\/wp\/v2\/comments?post=86094"}],"version-history":[{"count":1,"href":"https:\/\/blogdoeloiltoncajuhy.com.br\/site\/wp-json\/wp\/v2\/posts\/86094\/revisions"}],"predecessor-version":[{"id":86096,"href":"https:\/\/blogdoeloiltoncajuhy.com.br\/site\/wp-json\/wp\/v2\/posts\/86094\/revisions\/86096"}],"wp:featuredmedia":[{"embeddable":true,"href":"https:\/\/blogdoeloiltoncajuhy.com.br\/site\/wp-json\/wp\/v2\/media\/86095"}],"wp:attachment":[{"href":"https:\/\/blogdoeloiltoncajuhy.com.br\/site\/wp-json\/wp\/v2\/media?parent=86094"}],"wp:term":[{"taxonomy":"category","embeddable":true,"href":"https:\/\/blogdoeloiltoncajuhy.com.br\/site\/wp-json\/wp\/v2\/categories?post=86094"},{"taxonomy":"post_tag","embeddable":true,"href":"https:\/\/blogdoeloiltoncajuhy.com.br\/site\/wp-json\/wp\/v2\/tags?post=86094"}],"curies":[{"name":"wp","href":"https:\/\/api.w.org\/{rel}","templated":true}]}}