{"id":86076,"date":"2025-02-25T15:25:41","date_gmt":"2025-02-25T18:25:41","guid":{"rendered":"https:\/\/blogdoeloiltoncajuhy.com.br\/site\/?p=86076"},"modified":"2025-02-25T15:25:43","modified_gmt":"2025-02-25T18:25:43","slug":"cangacou-vila-nova-da-rainha-filme-estreia-nesta-terca-feira-em-senhor-do-bonfim","status":"publish","type":"post","link":"https:\/\/blogdoeloiltoncajuhy.com.br\/site\/cangacou-vila-nova-da-rainha-filme-estreia-nesta-terca-feira-em-senhor-do-bonfim\/","title":{"rendered":"Canga\u00e7ou &#8211; Vila Nova da Rainha: Filme estreia nesta ter\u00e7a-feira em Senhor do Bonfim"},"content":{"rendered":"\n<p><strong>*Por Liliana Peixinho<\/strong><\/p>\n\n\n\n<figure class=\"wp-block-image aligncenter size-full\"><a href=\"https:\/\/i0.wp.com\/blogdoeloiltoncajuhy.com.br\/site\/wp-content\/uploads\/2025\/02\/Cangacou-2025-02-25.jpeg?ssl=1\"><img data-recalc-dims=\"1\" fetchpriority=\"high\" decoding=\"async\" width=\"509\" height=\"720\" src=\"https:\/\/i0.wp.com\/blogdoeloiltoncajuhy.com.br\/site\/wp-content\/uploads\/2025\/02\/Cangacou-2025-02-25.jpeg?resize=509%2C720&#038;ssl=1\" alt=\"\" class=\"wp-image-86077\" srcset=\"https:\/\/i0.wp.com\/blogdoeloiltoncajuhy.com.br\/site\/wp-content\/uploads\/2025\/02\/Cangacou-2025-02-25.jpeg?w=509&amp;ssl=1 509w, https:\/\/i0.wp.com\/blogdoeloiltoncajuhy.com.br\/site\/wp-content\/uploads\/2025\/02\/Cangacou-2025-02-25.jpeg?resize=212%2C300&amp;ssl=1 212w\" sizes=\"(max-width: 509px) 100vw, 509px\" \/><\/a><figcaption class=\"wp-element-caption\"><sub>Canga\u00e7ou &#8211; Vila Nova da Rainha: Filme estreia nesta ter\u00e7a-feira em Senhor do Bonfim<\/sub><\/figcaption><\/figure>\n\n\n\n<p>Nesta ter\u00e7a-feira (25), \u00e0s 19h30, na sede da ACLASB &#8211; Academia de Letras e Artes de Senhor do Bonfim, acontece o lan\u00e7amento do filme <strong>&#8220;CANGA\u00c7OU &#8211; Vila Nova da Rainha&#8221;<\/strong>, com uma programa\u00e7\u00e3o que inclui proje\u00e7\u00e3o, apresenta\u00e7\u00e3o das a\u00e7\u00f5es realizadas pelo grupo de campo e pesquisa. A presidente da ACLASB, Leonor Bartilotti, convida a comunidade para prestigiar o evento.<\/p>\n\n\n\n<p>Depois da proje\u00e7\u00e3o, que \u00e9 p\u00fablica e gratuita, ser\u00e1 realizada uma roda de conversa com participa\u00e7\u00e3o da equipe de produ\u00e7\u00e3o, acad\u00eamicos da ACLASB, ativistas culturais, professores, e membros da sociedade.<\/p>\n\n\n\n<p>Conforme informa\u00e7\u00f5es de Darlan Orfeu, ativista sociocultural, comprometido com pautas de valores transversais e diretor do filme, &#8220;Canga\u00e7ou&#8221; \u00e9 fruto de interesses hist\u00f3ricos, com muitos anos de pesquisa sobre Lampi\u00e3o e o Canga\u00e7o.<\/p>\n\n\n\n<blockquote class=\"wp-block-quote is-layout-flow wp-block-quote-is-layout-flow\">\n<p class=\"has-medium-font-size\"><strong><mark style=\"background-color:rgba(0, 0, 0, 0)\" class=\"has-inline-color has-black-color\">&#8220;A paix\u00e3o pelo tema canga\u00e7o, surgiu das mem\u00f3rias contadas desde crian\u00e7a que perpetuaram o imagin\u00e1rio coletivo de nossa \u00e9poca&#8221;, relata Darlan.<\/mark><\/strong><\/p>\n<\/blockquote>\n\n\n\n<ul class=\"wp-block-list\">\n<li><a href=\"https:\/\/whatsapp.com\/channel\/0029VaAT7tDLI8Yfj5y9Z50Z\"><strong><mark style=\"background-color:rgba(0, 0, 0, 0)\" class=\"has-inline-color has-vivid-red-color\">Siga nosso canal no WhatsApp e veja mais not\u00edcias<\/mark><\/strong><\/a><\/li>\n<\/ul>\n\n\n\n<p><\/p>\n\n\n\n<p>O valor e resgate de saberes ancestrais, compromisso do grupo de pesquisa e trabalho de campo, \u00e9 refor\u00e7ado no roteiro, fotografia, edi\u00e7\u00e3o, montagem, capta\u00e7\u00e3o de imagens e conceito documental do filme.<\/p>\n\n\n\n<p>&#8220;Os contadores de hist\u00f3rias acessavam as matrizes orais, palpitados em versos, as narrativas das aventuras e da saga sangrenta de um Brasil ainda rural e constru\u00edam a figura mitol\u00f3gica dos cangaceiros&#8221;, resgata Darlan.<\/p>\n\n\n\n<p>O filme tem uma equipe t\u00e9cnica formada por profissionais especializados, apaixonados pelo audiovisual, que n\u00e3o medem esfor\u00e7os em desafios para ir a campo realizar sonhos. Com dire\u00e7\u00e3o de Darlan Orfeu; Co-Dire\u00e7\u00e3o, Fotografia e Montagem do publicit\u00e1rio e v\u00eddeo maker, especializado em novas tecnologias cinematogr\u00e1ficas, Alen Peixinho; C\u00e2mera de Wadson Filho; Assistente de C\u00e2mera, Sol Oliveira e Imagem a\u00e9rea de Silvonei Viana.<\/p>\n\n\n\n<p>O filme &#8220;Canga\u00e7ou&#8221;, conta com recursos da Lei Paulo Gustavo e muita entrega de tempo e conhecimentos aplicados em excel\u00eancia.<\/p>\n\n\n\n<p>Como todo projeto alternativo, os caminhos para chegar \u00e0s fontes de financiamento foram de desafios hist\u00f3ricos e alimentado em ritmo org\u00e2nico, onde coragem, compromisso coletivo e uni\u00e3o com profissionais do audiovisual favoreceram o sonho de levar \u00e0s telas hist\u00f3rias que envolveram a regi\u00e3o de Senhor do Bonfim nos caminhos do Canga\u00e7o.<\/p>\n\n\n\n<p>As t\u00e9cnicas que foram usadas desde a pesquisa, roteiro, capta\u00e7\u00e3o de imagem, dire\u00e7\u00e3o de fotografia, montagem e edi\u00e7\u00e3o, contou com expertises de profissionais focados no mercado e em temas humanos.<\/p>\n\n\n\n<p>Atento aos movimentos, Darlan revela que &#8220;as t\u00e9cnicas usadas desde roteiro, montagem e edi\u00e7\u00e3o foi um trabalho em parceria com o grande profissional Alen Peixinho. A captura de imagem, com Wadson Filho; e imagem a\u00e9rea com Silvonei Viena.<\/p>\n\n\n\n<p>J\u00e1 o trabalho de pesquisa, diz Darlan, &#8220;foi feito ao longo de muitos anos em campo e atrav\u00e9s de fontes orais documentais e bibliogr\u00e1ficas&#8221;.<\/p>\n\n\n\n<p>Conforme informa\u00e7\u00f5es de Darlan, o projeto tem uma colabora\u00e7\u00e3o di\u00e1ria do grupo de estudos e pesquisa Canga\u00e7ou. E o lan\u00e7amento na ACLASB, &#8220;\u00e9 um projeto piloto para utiliza\u00e7\u00e3o da linguagem audiovisual como forma de preserva\u00e7\u00e3o e perpetua\u00e7\u00e3o da mem\u00f3ria&#8221;.<\/p>\n\n\n\n<blockquote class=\"wp-block-quote is-layout-flow wp-block-quote-is-layout-flow\">\n<p class=\"has-medium-font-size\"><strong><mark style=\"background-color:rgba(0, 0, 0, 0)\" class=\"has-inline-color has-black-color\">O document\u00e1rio faz parte de uma s\u00e9rie de a\u00e7\u00f5es que estamos realizando em nosso territ\u00f3rio com o prop\u00f3sito de tamb\u00e9m explorar o turismo hist\u00f3rico, visto que nossa regi\u00e3o tem muito potencial para o tema&#8221;, diz Darlan.<\/mark><\/strong><\/p>\n<\/blockquote>\n\n\n\n<p>Ap\u00f3s o lan\u00e7amento na ACLASB, o &#8221; Canga\u00e7ou &#8211; Vila Nova da Rainha&#8221; segue para exibi\u00e7\u00e3o em diversos espa\u00e7os que est\u00e3o sendo programados como em Igara, interior do munic\u00edpio de Senhor do Bonfim.<\/p>\n\n\n\n<p><em><strong><mark style=\"background-color:rgba(0, 0, 0, 0)\" class=\"has-inline-color has-black-color\">*Liliana Peixinho<\/mark><\/strong> &#8211; Jornalista, especializa\u00e7\u00e3o em Jornalismo Cient\u00edfico, Cultura, Novas Tecnologias e Meio ambiente. Ativista humanit\u00e1ria. Fundadora das m\u00eddias independentes: Movimento AMA, M\u00eddia Org\u00e2nica, RAMA, Reaja, Catadora de Sonhos, O outro no eu.<\/em><\/p>\n","protected":false},"excerpt":{"rendered":"<p>*Por Liliana Peixinho Nesta ter\u00e7a-feira (25), \u00e0s 19h30, na sede da ACLASB &#8211; Academia de Letras e Artes de Senhor do Bonfim, acontece o lan\u00e7amento do filme &#8220;CANGA\u00c7OU &#8211; Vila Nova da Rainha&#8221;, com uma programa\u00e7\u00e3o que inclui proje\u00e7\u00e3o, apresenta\u00e7\u00e3o das a\u00e7\u00f5es realizadas pelo grupo de campo e pesquisa. A presidente da ACLASB, Leonor Bartilotti, [&hellip;]<\/p>\n","protected":false},"author":2,"featured_media":86078,"comment_status":"open","ping_status":"open","sticky":false,"template":"","format":"standard","meta":{"_acf_changed":false,"_monsterinsights_skip_tracking":false,"_monsterinsights_sitenote_active":false,"_monsterinsights_sitenote_note":"","_monsterinsights_sitenote_category":0,"_jetpack_memberships_contains_paid_content":false,"footnotes":"","jetpack_publicize_message":"","jetpack_publicize_feature_enabled":true,"jetpack_social_post_already_shared":true,"jetpack_social_options":{"image_generator_settings":{"template":"highway","default_image_id":0,"font":"","enabled":false},"version":2}},"categories":[8],"tags":[],"class_list":["post-86076","post","type-post","status-publish","format-standard","has-post-thumbnail","hentry","category-cultura"],"acf":[],"jetpack_publicize_connections":[],"jetpack_featured_media_url":"https:\/\/i0.wp.com\/blogdoeloiltoncajuhy.com.br\/site\/wp-content\/uploads\/2025\/02\/Cangacou-2025-02-25-capa.png?fit=643%2C469&ssl=1","jetpack_sharing_enabled":true,"publishpress_future_workflow_manual_trigger":{"enabledWorkflows":[]},"_links":{"self":[{"href":"https:\/\/blogdoeloiltoncajuhy.com.br\/site\/wp-json\/wp\/v2\/posts\/86076","targetHints":{"allow":["GET"]}}],"collection":[{"href":"https:\/\/blogdoeloiltoncajuhy.com.br\/site\/wp-json\/wp\/v2\/posts"}],"about":[{"href":"https:\/\/blogdoeloiltoncajuhy.com.br\/site\/wp-json\/wp\/v2\/types\/post"}],"author":[{"embeddable":true,"href":"https:\/\/blogdoeloiltoncajuhy.com.br\/site\/wp-json\/wp\/v2\/users\/2"}],"replies":[{"embeddable":true,"href":"https:\/\/blogdoeloiltoncajuhy.com.br\/site\/wp-json\/wp\/v2\/comments?post=86076"}],"version-history":[{"count":1,"href":"https:\/\/blogdoeloiltoncajuhy.com.br\/site\/wp-json\/wp\/v2\/posts\/86076\/revisions"}],"predecessor-version":[{"id":86079,"href":"https:\/\/blogdoeloiltoncajuhy.com.br\/site\/wp-json\/wp\/v2\/posts\/86076\/revisions\/86079"}],"wp:featuredmedia":[{"embeddable":true,"href":"https:\/\/blogdoeloiltoncajuhy.com.br\/site\/wp-json\/wp\/v2\/media\/86078"}],"wp:attachment":[{"href":"https:\/\/blogdoeloiltoncajuhy.com.br\/site\/wp-json\/wp\/v2\/media?parent=86076"}],"wp:term":[{"taxonomy":"category","embeddable":true,"href":"https:\/\/blogdoeloiltoncajuhy.com.br\/site\/wp-json\/wp\/v2\/categories?post=86076"},{"taxonomy":"post_tag","embeddable":true,"href":"https:\/\/blogdoeloiltoncajuhy.com.br\/site\/wp-json\/wp\/v2\/tags?post=86076"}],"curies":[{"name":"wp","href":"https:\/\/api.w.org\/{rel}","templated":true}]}}