{"id":86071,"date":"2025-02-25T15:01:38","date_gmt":"2025-02-25T18:01:38","guid":{"rendered":"https:\/\/blogdoeloiltoncajuhy.com.br\/site\/?p=86071"},"modified":"2025-02-25T15:03:12","modified_gmt":"2025-02-25T18:03:12","slug":"pre-eclampsia-doenca-silenciosa-que-pode-levar-ao-parto-prematuro","status":"publish","type":"post","link":"https:\/\/blogdoeloiltoncajuhy.com.br\/site\/pre-eclampsia-doenca-silenciosa-que-pode-levar-ao-parto-prematuro\/","title":{"rendered":"Pr\u00e9-ecl\u00e2mpsia: doen\u00e7a silenciosa que pode levar ao parto prematuro"},"content":{"rendered":"\n<p class=\"has-medium-font-size\"><strong>Condi\u00e7\u00e3o pode amea\u00e7ar a vida da m\u00e3e e do beb\u00ea; ONG Prematuridade.com alerta sobre a import\u00e2ncia do pr\u00e9-natal de qualidade e da realiza\u00e7\u00e3o regular de exames<\/strong><\/p>\n\n\n\n<p><strong>Blog do Eloilton Cajuhy \u2013 BEC<\/strong><\/p>\n\n\n\n<figure class=\"wp-block-image aligncenter size-full is-resized\"><a href=\"https:\/\/i0.wp.com\/blogdoeloiltoncajuhy.com.br\/site\/wp-content\/uploads\/2025\/02\/Mulher-gravida_Divulgacao-Freepik_250225.jpg?ssl=1\"><img data-recalc-dims=\"1\" fetchpriority=\"high\" decoding=\"async\" width=\"800\" height=\"534\" src=\"https:\/\/i0.wp.com\/blogdoeloiltoncajuhy.com.br\/site\/wp-content\/uploads\/2025\/02\/Mulher-gravida_Divulgacao-Freepik_250225.jpg?resize=800%2C534&#038;ssl=1\" alt=\"\" class=\"wp-image-86072\" style=\"width:689px;height:auto\" srcset=\"https:\/\/i0.wp.com\/blogdoeloiltoncajuhy.com.br\/site\/wp-content\/uploads\/2025\/02\/Mulher-gravida_Divulgacao-Freepik_250225.jpg?w=800&amp;ssl=1 800w, https:\/\/i0.wp.com\/blogdoeloiltoncajuhy.com.br\/site\/wp-content\/uploads\/2025\/02\/Mulher-gravida_Divulgacao-Freepik_250225.jpg?resize=300%2C200&amp;ssl=1 300w, https:\/\/i0.wp.com\/blogdoeloiltoncajuhy.com.br\/site\/wp-content\/uploads\/2025\/02\/Mulher-gravida_Divulgacao-Freepik_250225.jpg?resize=768%2C513&amp;ssl=1 768w\" sizes=\"(max-width: 800px) 100vw, 800px\" \/><\/a><figcaption class=\"wp-element-caption\"><sub>Foto: Divulga\u00e7\u00e3o \/ Freepik<\/sub><\/figcaption><\/figure>\n\n\n\n<p>O Brasil est\u00e1 entre os pa\u00edses com o maior n\u00famero de nascimentos prematuros no mundo, e uma das principais causas desse problema \u00e9 a pr\u00e9-ecl\u00e2mpsia, um dist\u00farbio hipertensivo que afeta cerca de 5% das mulheres gr\u00e1vidas. A condi\u00e7\u00e3o, que se manifesta ap\u00f3s a 20\u00aa semana de gesta\u00e7\u00e3o, \u00e9 diagnosticada durante o pr\u00e9-natal por meio da identifica\u00e7\u00e3o de hipertens\u00e3o arterial e protein\u00faria (presen\u00e7a de prote\u00edna na urina).<\/p>\n\n\n\n<blockquote class=\"wp-block-quote is-layout-flow wp-block-quote-is-layout-flow\">\n<p class=\"has-medium-font-size\"><strong><mark style=\"background-color:rgba(0, 0, 0, 0)\" class=\"has-inline-color has-black-color\">\u201cA doen\u00e7a pode comprometer diversos \u00f3rg\u00e3os, incluindo rins, sistema hematol\u00f3gico e f\u00edgado. Nos casos mais graves, pode evoluir para ecl\u00e2mpsia, caracterizada por convuls\u00f5es, colocando em risco a vida da m\u00e3e e do beb\u00ea\u201d, explica o obstetra especialista em perda gestacional e pr\u00e9-natal de alto risco, Dr. Arlley Cleverson, consultor da ONG Prematuridade.com.<\/mark><\/strong><\/p>\n<\/blockquote>\n\n\n\n<p>O m\u00e9dico destaca que o problema est\u00e1 associado a altera\u00e7\u00f5es vasculares e inflamat\u00f3rias que impactam diretamente a sa\u00fade materno-fetal.<\/p>\n\n\n\n<ul class=\"wp-block-list\">\n<li><a href=\"https:\/\/whatsapp.com\/channel\/0029VaAT7tDLI8Yfj5y9Z50Z\"><strong><mark style=\"background-color:rgba(0, 0, 0, 0)\" class=\"has-inline-color has-vivid-red-color\">Siga nosso canal no WhatsApp e veja mais not\u00edcias<\/mark><\/strong><\/a><\/li>\n<\/ul>\n\n\n\n<p><\/p>\n\n\n\n<p>Alguns fatores de risco aumentam a probabilidade de desenvolver pr\u00e9-ecl\u00e2mpsia, incluindo hipertens\u00e3o cr\u00f4nica, hist\u00f3rico da doen\u00e7a em gesta\u00e7\u00f5es anteriores, diabetes, trombofilia (como a S\u00edndrome Antifosfol\u00edpide), obesidade, gravidez gemelar, hist\u00f3rico familiar e doen\u00e7as autoimunes, como l\u00fapus. Em certas situa\u00e7\u00f5es, o sistema imunol\u00f3gico da gestante libera prote\u00ednas que afetam os vasos sangu\u00edneos, provocando vasoconstri\u00e7\u00e3o e eleva\u00e7\u00e3o da press\u00e3o arterial, o que pode levar \u00e0 evolu\u00e7\u00e3o para ecl\u00e2mpsia.<\/p>\n\n\n\n<p>As complica\u00e7\u00f5es podem ser severas. Para a m\u00e3e, uma das mais graves \u00e9 a S\u00edndrome HELLP, caracterizada por hem\u00f3lise (destrui\u00e7\u00e3o das hem\u00e1cias), eleva\u00e7\u00e3o das enzimas hep\u00e1ticas e queda das plaquetas. Para o beb\u00ea, a pr\u00e9-ecl\u00e2mpsia pode levar \u00e0 restri\u00e7\u00e3o do crescimento intrauterino devido \u00e0 insufici\u00eancia placent\u00e1ria, podendo resultar em \u00f3bito fetal ou neonatal.<\/p>\n\n\n\n<p>De acordo com o especialista, cerca de um ter\u00e7o dos casos de pr\u00e9-ecl\u00e2mpsia resultam em parto prematuro. &#8220;Isso ocorre porque a insufici\u00eancia placent\u00e1ria impede o fornecimento adequado de oxig\u00eanio e nutrientes para o feto, tornando necess\u00e1ria a interrup\u00e7\u00e3o precoce da gesta\u00e7\u00e3o para preservar a vida do beb\u00ea&#8221;, alerta.<\/p>\n\n\n\n<p>Alguns fatores que podem aumentar o risco incluem doen\u00e7as autoimunes, diabetes, obesidade, doen\u00e7a renal cr\u00f4nica, fertiliza\u00e7\u00e3o in vitro, hist\u00f3rico familiar, idade materna superior a 40 anos ou gravidez na adolesc\u00eancia. No entanto, \u00e9 importante ressaltar que a pr\u00e9-ecl\u00e2mpsia pode surgir mesmo em mulheres sem essas condi\u00e7\u00f5es preexistentes.<\/p>\n\n\n\n<p>Diante da gravidade do quadro, o acompanhamento pr\u00e9-natal regular \u00e9 essencial. \u201cGestantes devem monitorar frequentemente a press\u00e3o arterial e procurar atendimento m\u00e9dico imediato se os valores ultrapassarem 140\/90 mmHg de forma recorrente ou atingirem 160\/110 mmHg. Outros sinais de alerta incluem dor de cabe\u00e7a intensa, altera\u00e7\u00f5es visuais, tontura, dor abdominal intensa (especialmente no lado direito abaixo das costelas), n\u00e1useas e mal-estar\u201d, destaca o Dr. Arlley.<\/p>\n\n\n\n<h4 class=\"wp-block-heading\"><strong><mark style=\"background-color:rgba(0, 0, 0, 0)\" class=\"has-inline-color has-black-color\">Dados do Minist\u00e9rio da Sa\u00fade<\/mark><\/strong><\/h4>\n\n\n\n<p>Em 2023 (\u00faltimos dados dispon\u00edveis) foram registrados 7.846 casos de pr\u00e9-ecl\u00e2mpsia, entre os tipos moderado, grave e n\u00e3o especificado. Os dados referentes ao ano passado, ainda s\u00e3o parciais. No \u00faltimo dia 14 de fevereiro, o Minist\u00e9rio da Sa\u00fade, divulgou uma nota t\u00e9cnica compreendendo que a suplementa\u00e7\u00e3o de c\u00e1lcio se configura como uma importante estrat\u00e9gia para redu\u00e7\u00e3o da morbimortalidade materna, principalmente de mulheres negras e ind\u00edgenas.<\/p>\n\n\n\n<p>O \u00f3rg\u00e3o passou a orientar o uso universal do carbonato de c\u00e1lcio para gestantes com in\u00edcio na 12\u00aa semana de gesta\u00e7\u00e3o at\u00e9 o momento do parto, com objetivo de prevenir pr\u00e9-ecl\u00e2mpsia. Em nota, \u201ca ado\u00e7\u00e3o dessa pr\u00e1tica no \u00e2mbito da APS, na rotina das Unidades B\u00e1sicas de Sa\u00fade (UBS), possibilitar\u00e1 o cuidado integral \u00e0s gestantes durante o pr\u00e9-natal, com vistas ao alcance do cuidado em sa\u00fade com universalidade e equidade \u00e9tnico-racial\u201d.<\/p>\n","protected":false},"excerpt":{"rendered":"<p>Condi\u00e7\u00e3o pode amea\u00e7ar a vida da m\u00e3e e do beb\u00ea; ONG Prematuridade.com alerta sobre a import\u00e2ncia do pr\u00e9-natal de qualidade e da realiza\u00e7\u00e3o regular de exames Blog do Eloilton Cajuhy \u2013 BEC O Brasil est\u00e1 entre os pa\u00edses com o maior n\u00famero de nascimentos prematuros no mundo, e uma das principais causas desse problema \u00e9 [&hellip;]<\/p>\n","protected":false},"author":2,"featured_media":86072,"comment_status":"open","ping_status":"open","sticky":false,"template":"","format":"standard","meta":{"_acf_changed":false,"_monsterinsights_skip_tracking":false,"_monsterinsights_sitenote_active":false,"_monsterinsights_sitenote_note":"","_monsterinsights_sitenote_category":0,"_jetpack_memberships_contains_paid_content":false,"footnotes":"","jetpack_publicize_message":"","jetpack_publicize_feature_enabled":true,"jetpack_social_post_already_shared":false,"jetpack_social_options":{"image_generator_settings":{"template":"highway","enabled":false},"version":2}},"categories":[7],"tags":[],"class_list":["post-86071","post","type-post","status-publish","format-standard","has-post-thumbnail","hentry","category-saude"],"acf":[],"jetpack_publicize_connections":[],"jetpack_featured_media_url":"https:\/\/i0.wp.com\/blogdoeloiltoncajuhy.com.br\/site\/wp-content\/uploads\/2025\/02\/Mulher-gravida_Divulgacao-Freepik_250225.jpg?fit=800%2C534&ssl=1","jetpack_sharing_enabled":true,"publishpress_future_workflow_manual_trigger":{"enabledWorkflows":[]},"_links":{"self":[{"href":"https:\/\/blogdoeloiltoncajuhy.com.br\/site\/wp-json\/wp\/v2\/posts\/86071","targetHints":{"allow":["GET"]}}],"collection":[{"href":"https:\/\/blogdoeloiltoncajuhy.com.br\/site\/wp-json\/wp\/v2\/posts"}],"about":[{"href":"https:\/\/blogdoeloiltoncajuhy.com.br\/site\/wp-json\/wp\/v2\/types\/post"}],"author":[{"embeddable":true,"href":"https:\/\/blogdoeloiltoncajuhy.com.br\/site\/wp-json\/wp\/v2\/users\/2"}],"replies":[{"embeddable":true,"href":"https:\/\/blogdoeloiltoncajuhy.com.br\/site\/wp-json\/wp\/v2\/comments?post=86071"}],"version-history":[{"count":2,"href":"https:\/\/blogdoeloiltoncajuhy.com.br\/site\/wp-json\/wp\/v2\/posts\/86071\/revisions"}],"predecessor-version":[{"id":86075,"href":"https:\/\/blogdoeloiltoncajuhy.com.br\/site\/wp-json\/wp\/v2\/posts\/86071\/revisions\/86075"}],"wp:featuredmedia":[{"embeddable":true,"href":"https:\/\/blogdoeloiltoncajuhy.com.br\/site\/wp-json\/wp\/v2\/media\/86072"}],"wp:attachment":[{"href":"https:\/\/blogdoeloiltoncajuhy.com.br\/site\/wp-json\/wp\/v2\/media?parent=86071"}],"wp:term":[{"taxonomy":"category","embeddable":true,"href":"https:\/\/blogdoeloiltoncajuhy.com.br\/site\/wp-json\/wp\/v2\/categories?post=86071"},{"taxonomy":"post_tag","embeddable":true,"href":"https:\/\/blogdoeloiltoncajuhy.com.br\/site\/wp-json\/wp\/v2\/tags?post=86071"}],"curies":[{"name":"wp","href":"https:\/\/api.w.org\/{rel}","templated":true}]}}