{"id":86062,"date":"2025-02-25T08:46:39","date_gmt":"2025-02-25T11:46:39","guid":{"rendered":"https:\/\/blogdoeloiltoncajuhy.com.br\/site\/?p=86062"},"modified":"2025-02-25T08:48:40","modified_gmt":"2025-02-25T11:48:40","slug":"agricultoras-de-antonio-goncalves-celebram-aumento-da-comercializacao-do-licuri","status":"publish","type":"post","link":"https:\/\/blogdoeloiltoncajuhy.com.br\/site\/agricultoras-de-antonio-goncalves-celebram-aumento-da-comercializacao-do-licuri\/","title":{"rendered":"Agricultoras de Ant\u00f4nio Gon\u00e7alves celebram aumento da comercializa\u00e7\u00e3o do licuri"},"content":{"rendered":"\n<p><strong>Blog do Eloilton Cajuhy \u2013 BEC<\/strong><\/p>\n\n\n\n<figure class=\"wp-block-image aligncenter size-full\"><a href=\"https:\/\/i0.wp.com\/blogdoeloiltoncajuhy.com.br\/site\/wp-content\/uploads\/2025\/02\/GOVBA_Licuri-em-Antonio-Goncalves-Foto_Carlos-Eduardo-Idesa.jpeg?ssl=1\"><img data-recalc-dims=\"1\" fetchpriority=\"high\" decoding=\"async\" width=\"540\" height=\"720\" src=\"https:\/\/i0.wp.com\/blogdoeloiltoncajuhy.com.br\/site\/wp-content\/uploads\/2025\/02\/GOVBA_Licuri-em-Antonio-Goncalves-Foto_Carlos-Eduardo-Idesa.jpeg?resize=540%2C720&#038;ssl=1\" alt=\"\" class=\"wp-image-86063\" srcset=\"https:\/\/i0.wp.com\/blogdoeloiltoncajuhy.com.br\/site\/wp-content\/uploads\/2025\/02\/GOVBA_Licuri-em-Antonio-Goncalves-Foto_Carlos-Eduardo-Idesa.jpeg?w=540&amp;ssl=1 540w, https:\/\/i0.wp.com\/blogdoeloiltoncajuhy.com.br\/site\/wp-content\/uploads\/2025\/02\/GOVBA_Licuri-em-Antonio-Goncalves-Foto_Carlos-Eduardo-Idesa.jpeg?resize=225%2C300&amp;ssl=1 225w\" sizes=\"(max-width: 540px) 100vw, 540px\" \/><\/a><figcaption class=\"wp-element-caption\"><sub>Foto: Carlos Eduardo\/Idesa<\/sub><\/figcaption><\/figure>\n\n\n\n<p>A venda do licuri em comunidades rurais do munic\u00edpio de Ant\u00f4nio Gon\u00e7alves tem animado as agricultoras extrativistas, neste in\u00edcio de ano de 2025. Isso, porque, com a recente parceria comercial com a Cooperativa de Produ\u00e7\u00e3o da Regi\u00e3o do Piemonte da Diamantina (Coopes), est\u00e1 sendo poss\u00edvel comercializar a am\u00eandoa a um pre\u00e7o bem mais vantajoso do que o que \u00e9 ofertado em mercados e feiras convencionais.<\/p>\n\n\n\n<p>A iniciativa foi facilitada pelo trabalho de assessoramento t\u00e9cnico ofertado pela Companhia de Desenvolvimento e A\u00e7\u00e3o Regional (CAR), em conjunto com o Instituto de Desenvolvimento Social e Agr\u00e1rio do Semi\u00e1rido (Idesa).<\/p>\n\n\n\n<p>Iranilde Santos Silva, que mora na comunidade quilombola Caldeir\u00e3o do Mulato, \u00e9 uma das extrativistas que comercializa o licuri para a Coopes. Ela comemora as vendas que est\u00e3o acima do estimado. \u201cEssa parceria com o Idesa e a CAR foi uma ben\u00e7\u00e3o. A venda do licuri foi mais do que o esperado pra gente, porque a gente vendia o quilo de licuri a R$ 3,00 ou R$ 2,50, mas agora multiplicou, porque a gente est\u00e1 vendendo o quilo do licuri a R$ 8,00\u201d.<\/p>\n\n\n\n<ul class=\"wp-block-list\">\n<li><a href=\"https:\/\/whatsapp.com\/channel\/0029VaAT7tDLI8Yfj5y9Z50Z\"><strong><mark style=\"background-color:rgba(0, 0, 0, 0)\" class=\"has-inline-color has-vivid-red-color\">Siga nosso canal no WhatsApp e veja mais not\u00edcias<\/mark><\/strong><\/a><\/li>\n<\/ul>\n\n\n\n<p><\/p>\n\n\n\n<p>Na \u00faltima quinzena foram comercializados 885 quilos de am\u00eandoas de licuri secas inteiras, 120 quilos de am\u00eandoas em banda, 406 quilos de am\u00eandoas cozidas e 950 quilos de licuri na casca. A pr\u00f3xima venda deve ocorrer na primeira semana de mar\u00e7o e as fam\u00edlias j\u00e1 est\u00e3o estocando a produ\u00e7\u00e3o.<\/p>\n\n\n\n<p>O t\u00e9cnico do Idesa, Carlos Eduardo Teles, que acompanha as fam\u00edlias, por meio da execu\u00e7\u00e3o do Projeto Pr\u00f3-Semi\u00e1rido, da CAR, explicita que as vendas continuar\u00e3o enquanto houver oferta do licuri, que costuma ter duas safras por ano.<\/p>\n\n\n\n<p>\u201cNormalmente, um p\u00e9 de licuri produz entre 9 e 20 buzas (cachos), anualmente. Ent\u00e3o, tem duas produ\u00e7\u00f5es ao ano. Come\u00e7ou agora no fim de janeiro e vai at\u00e9 o fim de mar\u00e7o. Em junho, come\u00e7a a florar novamente. Enquanto houver produ\u00e7\u00e3o tem mercado\u201d, enfatizou Carlos Eduardo.<\/p>\n\n\n\n<h4 class=\"wp-block-heading\"><strong><mark style=\"background-color:rgba(0, 0, 0, 0)\" class=\"has-inline-color has-black-color\">Outros investimentos<\/mark><\/strong><\/h4>\n\n\n\n<p>Al\u00e9m dos investimentos com assessoria t\u00e9cnica e infraestrutura para fomentar a produ\u00e7\u00e3o de milhares de agricultores familiares, a CAR, por meio do Pr\u00f3-Semi\u00e1rido investiu cerca de R$ 400 mil na implanta\u00e7\u00e3o da loja da Coopes, no munic\u00edpio de Capim Grosso.<\/p>\n\n\n\n<p>O Projeto de Desenvolvimento Rural e Combate \u00e0 Fome (Pr\u00f3-Semi\u00e1rido) \u00e9 uma iniciativa do Governo da Bahia, executado pela CAR, empresa p\u00fablica vinculada \u00e0 Secretaria de Desenvolvimento Rural (SDR), com cofinanciamento do Fundo Internacional de Desenvolvimento Agr\u00edcola (Fida).<\/p>\n","protected":false},"excerpt":{"rendered":"<p>Blog do Eloilton Cajuhy \u2013 BEC A venda do licuri em comunidades rurais do munic\u00edpio de Ant\u00f4nio Gon\u00e7alves tem animado as agricultoras extrativistas, neste in\u00edcio de ano de 2025. Isso, porque, com a recente parceria comercial com a Cooperativa de Produ\u00e7\u00e3o da Regi\u00e3o do Piemonte da Diamantina (Coopes), est\u00e1 sendo poss\u00edvel comercializar a am\u00eandoa a [&hellip;]<\/p>\n","protected":false},"author":2,"featured_media":86063,"comment_status":"open","ping_status":"open","sticky":false,"template":"","format":"standard","meta":{"_acf_changed":false,"_monsterinsights_skip_tracking":false,"_monsterinsights_sitenote_active":false,"_monsterinsights_sitenote_note":"","_monsterinsights_sitenote_category":0,"_jetpack_memberships_contains_paid_content":false,"footnotes":"","jetpack_publicize_message":"","jetpack_publicize_feature_enabled":true,"jetpack_social_post_already_shared":false,"jetpack_social_options":{"image_generator_settings":{"template":"highway","enabled":false},"version":2}},"categories":[11],"tags":[],"class_list":["post-86062","post","type-post","status-publish","format-standard","has-post-thumbnail","hentry","category-regional"],"acf":[],"jetpack_publicize_connections":[],"jetpack_featured_media_url":"https:\/\/i0.wp.com\/blogdoeloiltoncajuhy.com.br\/site\/wp-content\/uploads\/2025\/02\/GOVBA_Licuri-em-Antonio-Goncalves-Foto_Carlos-Eduardo-Idesa.jpeg?fit=540%2C720&ssl=1","jetpack_sharing_enabled":true,"publishpress_future_workflow_manual_trigger":{"enabledWorkflows":[]},"_links":{"self":[{"href":"https:\/\/blogdoeloiltoncajuhy.com.br\/site\/wp-json\/wp\/v2\/posts\/86062","targetHints":{"allow":["GET"]}}],"collection":[{"href":"https:\/\/blogdoeloiltoncajuhy.com.br\/site\/wp-json\/wp\/v2\/posts"}],"about":[{"href":"https:\/\/blogdoeloiltoncajuhy.com.br\/site\/wp-json\/wp\/v2\/types\/post"}],"author":[{"embeddable":true,"href":"https:\/\/blogdoeloiltoncajuhy.com.br\/site\/wp-json\/wp\/v2\/users\/2"}],"replies":[{"embeddable":true,"href":"https:\/\/blogdoeloiltoncajuhy.com.br\/site\/wp-json\/wp\/v2\/comments?post=86062"}],"version-history":[{"count":2,"href":"https:\/\/blogdoeloiltoncajuhy.com.br\/site\/wp-json\/wp\/v2\/posts\/86062\/revisions"}],"predecessor-version":[{"id":86065,"href":"https:\/\/blogdoeloiltoncajuhy.com.br\/site\/wp-json\/wp\/v2\/posts\/86062\/revisions\/86065"}],"wp:featuredmedia":[{"embeddable":true,"href":"https:\/\/blogdoeloiltoncajuhy.com.br\/site\/wp-json\/wp\/v2\/media\/86063"}],"wp:attachment":[{"href":"https:\/\/blogdoeloiltoncajuhy.com.br\/site\/wp-json\/wp\/v2\/media?parent=86062"}],"wp:term":[{"taxonomy":"category","embeddable":true,"href":"https:\/\/blogdoeloiltoncajuhy.com.br\/site\/wp-json\/wp\/v2\/categories?post=86062"},{"taxonomy":"post_tag","embeddable":true,"href":"https:\/\/blogdoeloiltoncajuhy.com.br\/site\/wp-json\/wp\/v2\/tags?post=86062"}],"curies":[{"name":"wp","href":"https:\/\/api.w.org\/{rel}","templated":true}]}}