{"id":86058,"date":"2025-02-25T08:24:29","date_gmt":"2025-02-25T11:24:29","guid":{"rendered":"https:\/\/blogdoeloiltoncajuhy.com.br\/site\/?p=86058"},"modified":"2025-02-25T08:29:52","modified_gmt":"2025-02-25T11:29:52","slug":"deputado-bobo-visita-projeto-social-forja-jiu-jitsu-em-senhor-do-bonfim","status":"publish","type":"post","link":"https:\/\/blogdoeloiltoncajuhy.com.br\/site\/deputado-bobo-visita-projeto-social-forja-jiu-jitsu-em-senhor-do-bonfim\/","title":{"rendered":"Deputado Bob\u00f4 visita Projeto Social Forja Jiu-Jitsu em Senhor do Bonfim"},"content":{"rendered":"\n<p><strong>Blog do Eloilton Cajuhy &#8211; BEC<\/strong><\/p>\n\n\n\n<figure class=\"wp-block-image aligncenter size-full\"><a href=\"https:\/\/i0.wp.com\/blogdoeloiltoncajuhy.com.br\/site\/wp-content\/uploads\/2025\/02\/Bobo-em-Bonfim_230225.jpeg?ssl=1\"><img data-recalc-dims=\"1\" fetchpriority=\"high\" decoding=\"async\" width=\"760\" height=\"428\" src=\"https:\/\/i0.wp.com\/blogdoeloiltoncajuhy.com.br\/site\/wp-content\/uploads\/2025\/02\/Bobo-em-Bonfim_230225.jpeg?resize=760%2C428&#038;ssl=1\" alt=\"\" class=\"wp-image-86059\" srcset=\"https:\/\/i0.wp.com\/blogdoeloiltoncajuhy.com.br\/site\/wp-content\/uploads\/2025\/02\/Bobo-em-Bonfim_230225.jpeg?w=760&amp;ssl=1 760w, https:\/\/i0.wp.com\/blogdoeloiltoncajuhy.com.br\/site\/wp-content\/uploads\/2025\/02\/Bobo-em-Bonfim_230225.jpeg?resize=300%2C169&amp;ssl=1 300w\" sizes=\"(max-width: 760px) 100vw, 760px\" \/><\/a><figcaption class=\"wp-element-caption\"><sub>Foto: Ascom Deputado Bob\u00f4<\/sub><\/figcaption><\/figure>\n\n\n\n<p>Dando continuidade \u00e0 sua agenda no territ\u00f3rio Piemonte Norte do Itapicuru, o deputado estadual Bob\u00f4, acompanhado da ex-vereadora L\u00facia Cerqueira, visitou na \u00faltima sexta-feira (21) o Projeto Social Forja Jiu-Jitsu, em Senhor do Bonfim. A recep\u00e7\u00e3o foi conduzida pelo professor e coordenador do projeto, Marcos Wolf, que apresentou as atividades desenvolvidas e os alunos beneficiados.<\/p>\n\n\n\n<p>Em seu terceiro ano de execu\u00e7\u00e3o, o Projeto Forja Jiu-Jitsu \u00e9 realizado em parceria com a Superintend\u00eancia dos Desportos do Estado da Bahia (Sudesb) e conta com o apoio do deputado Bob\u00f4.<\/p>\n\n\n\n<ul class=\"wp-block-list\">\n<li><a href=\"https:\/\/whatsapp.com\/channel\/0029VaAT7tDLI8Yfj5y9Z50Z\"><strong><mark style=\"background-color:rgba(0, 0, 0, 0)\" class=\"has-inline-color has-vivid-red-color\">Siga nosso canal no WhatsApp e veja mais not\u00edcias<\/mark><\/strong><\/a><\/li>\n<\/ul>\n\n\n\n<p><\/p>\n\n\n\n<p>Ao longo desse per\u00edodo, mais de 200 alunos j\u00e1 foram atendidos. Atualmente, 60 jovens participam das atividades, distribu\u00eddos entre as categorias infantil (at\u00e9 13 anos), juvenil (14 a 22 anos) e adulta, al\u00e9m de haver uma lista de espera para novos participantes.<\/p>\n\n\n\n<p>Durante a visita, o deputado enfatizou a relev\u00e2ncia do projeto n\u00e3o apenas para a forma\u00e7\u00e3o de atletas, mas tamb\u00e9m como ferramenta de transforma\u00e7\u00e3o social.<\/p>\n\n\n\n<p>\u201cQuando surgiu a possibilidade de implantar este projeto, Senhor do Bonfim foi o primeiro munic\u00edpio contemplado. Desde ent\u00e3o, levamos a iniciativa para outras cidades, como Capim Grosso, Serrol\u00e2ndia e V\u00e1rzea do Po\u00e7o. Minha inten\u00e7\u00e3o \u00e9 realizar ainda este ano uma competi\u00e7\u00e3o em Senhor do Bonfim, com o apoio da federa\u00e7\u00e3o. Al\u00e9m disso, vou dialogar com a Sudesb para viabilizar o envio de quimonos e tatames, garantindo melhores condi\u00e7\u00f5es e permitindo que mais pessoas participem desse projeto, que tem formado n\u00e3o apenas atletas, mas tamb\u00e9m cidad\u00e3os\u201d, destacou Bob\u00f4.<\/p>\n","protected":false},"excerpt":{"rendered":"<p>Blog do Eloilton Cajuhy &#8211; BEC Dando continuidade \u00e0 sua agenda no territ\u00f3rio Piemonte Norte do Itapicuru, o deputado estadual Bob\u00f4, acompanhado da ex-vereadora L\u00facia Cerqueira, visitou na \u00faltima sexta-feira (21) o Projeto Social Forja Jiu-Jitsu, em Senhor do Bonfim. A recep\u00e7\u00e3o foi conduzida pelo professor e coordenador do projeto, Marcos Wolf, que apresentou as [&hellip;]<\/p>\n","protected":false},"author":2,"featured_media":86059,"comment_status":"open","ping_status":"open","sticky":false,"template":"","format":"standard","meta":{"_acf_changed":false,"_monsterinsights_skip_tracking":false,"_monsterinsights_sitenote_active":false,"_monsterinsights_sitenote_note":"","_monsterinsights_sitenote_category":0,"_jetpack_memberships_contains_paid_content":false,"footnotes":"","jetpack_publicize_message":"","jetpack_publicize_feature_enabled":true,"jetpack_social_post_already_shared":false,"jetpack_social_options":{"image_generator_settings":{"template":"highway","enabled":false},"version":2}},"categories":[3],"tags":[],"class_list":["post-86058","post","type-post","status-publish","format-standard","has-post-thumbnail","hentry","category-politica"],"acf":[],"jetpack_publicize_connections":[],"jetpack_featured_media_url":"https:\/\/i0.wp.com\/blogdoeloiltoncajuhy.com.br\/site\/wp-content\/uploads\/2025\/02\/Bobo-em-Bonfim_230225.jpeg?fit=760%2C428&ssl=1","jetpack_sharing_enabled":true,"publishpress_future_workflow_manual_trigger":{"enabledWorkflows":[]},"_links":{"self":[{"href":"https:\/\/blogdoeloiltoncajuhy.com.br\/site\/wp-json\/wp\/v2\/posts\/86058","targetHints":{"allow":["GET"]}}],"collection":[{"href":"https:\/\/blogdoeloiltoncajuhy.com.br\/site\/wp-json\/wp\/v2\/posts"}],"about":[{"href":"https:\/\/blogdoeloiltoncajuhy.com.br\/site\/wp-json\/wp\/v2\/types\/post"}],"author":[{"embeddable":true,"href":"https:\/\/blogdoeloiltoncajuhy.com.br\/site\/wp-json\/wp\/v2\/users\/2"}],"replies":[{"embeddable":true,"href":"https:\/\/blogdoeloiltoncajuhy.com.br\/site\/wp-json\/wp\/v2\/comments?post=86058"}],"version-history":[{"count":2,"href":"https:\/\/blogdoeloiltoncajuhy.com.br\/site\/wp-json\/wp\/v2\/posts\/86058\/revisions"}],"predecessor-version":[{"id":86061,"href":"https:\/\/blogdoeloiltoncajuhy.com.br\/site\/wp-json\/wp\/v2\/posts\/86058\/revisions\/86061"}],"wp:featuredmedia":[{"embeddable":true,"href":"https:\/\/blogdoeloiltoncajuhy.com.br\/site\/wp-json\/wp\/v2\/media\/86059"}],"wp:attachment":[{"href":"https:\/\/blogdoeloiltoncajuhy.com.br\/site\/wp-json\/wp\/v2\/media?parent=86058"}],"wp:term":[{"taxonomy":"category","embeddable":true,"href":"https:\/\/blogdoeloiltoncajuhy.com.br\/site\/wp-json\/wp\/v2\/categories?post=86058"},{"taxonomy":"post_tag","embeddable":true,"href":"https:\/\/blogdoeloiltoncajuhy.com.br\/site\/wp-json\/wp\/v2\/tags?post=86058"}],"curies":[{"name":"wp","href":"https:\/\/api.w.org\/{rel}","templated":true}]}}