{"id":86051,"date":"2025-02-24T19:23:19","date_gmt":"2025-02-24T22:23:19","guid":{"rendered":"https:\/\/blogdoeloiltoncajuhy.com.br\/site\/?p=86051"},"modified":"2025-02-24T19:23:20","modified_gmt":"2025-02-24T22:23:20","slug":"morre-cantora-lilian-knapp-da-dupla-leno-lilian-apos-complicacoes-de-cancer-na-pelve","status":"publish","type":"post","link":"https:\/\/blogdoeloiltoncajuhy.com.br\/site\/morre-cantora-lilian-knapp-da-dupla-leno-lilian-apos-complicacoes-de-cancer-na-pelve\/","title":{"rendered":"Morre cantora L\u00edlian Knapp, da dupla Leno &amp; Lilian, ap\u00f3s complica\u00e7\u00f5es de c\u00e2ncer na pelve"},"content":{"rendered":"\n<p><strong>Por Bia Lopes Silveira\/Quem<\/strong><\/p>\n\n\n\n<figure class=\"wp-block-image aligncenter size-full\"><a href=\"https:\/\/i0.wp.com\/blogdoeloiltoncajuhy.com.br\/site\/wp-content\/uploads\/2025\/02\/Lilian-Knapp-%E2%80%94-Foto_Reproducao-Instagram.jpeg?ssl=1\"><img data-recalc-dims=\"1\" fetchpriority=\"high\" decoding=\"async\" width=\"416\" height=\"740\" src=\"https:\/\/i0.wp.com\/blogdoeloiltoncajuhy.com.br\/site\/wp-content\/uploads\/2025\/02\/Lilian-Knapp-%E2%80%94-Foto_Reproducao-Instagram.jpeg?resize=416%2C740&#038;ssl=1\" alt=\"\" class=\"wp-image-86052\" srcset=\"https:\/\/i0.wp.com\/blogdoeloiltoncajuhy.com.br\/site\/wp-content\/uploads\/2025\/02\/Lilian-Knapp-%E2%80%94-Foto_Reproducao-Instagram.jpeg?w=416&amp;ssl=1 416w, https:\/\/i0.wp.com\/blogdoeloiltoncajuhy.com.br\/site\/wp-content\/uploads\/2025\/02\/Lilian-Knapp-%E2%80%94-Foto_Reproducao-Instagram.jpeg?resize=169%2C300&amp;ssl=1 169w\" sizes=\"(max-width: 416px) 100vw, 416px\" \/><\/a><figcaption class=\"wp-element-caption\"><sub>L\u00edlian Knapp \u2014 Foto: Reprodu\u00e7\u00e3o\/Instagram<\/sub><\/figcaption><\/figure>\n\n\n\n<p>A cantora <strong>L\u00edlian Knapp<\/strong> morreu no s\u00e1bado (22), em decorr\u00eancia de um &#8220;tumor agressivo&#8221; na pelve. A not\u00edcia foi confirmada por seu marido, o produtor musical Cadu Nolla, por meio de suas redes sociais. A artista ficou conhecida nacionalmente na d\u00e9cada de 1960, como parte da dupla <strong>Leno &amp; Lilian<\/strong>, que fez sucesso com can\u00e7\u00f5es como <em>Pobre Menina<\/em> e <em>Devolva-me<\/em>.<\/p>\n\n\n\n<ul class=\"wp-block-list\">\n<li><a href=\"https:\/\/whatsapp.com\/channel\/0029VaAT7tDLI8Yfj5y9Z50Z\"><strong><mark style=\"background-color:rgba(0, 0, 0, 0)\" class=\"has-inline-color has-vivid-red-color\">Siga nosso canal no WhatsApp e veja mais not\u00edcias<\/mark><\/strong><\/a><\/li>\n<\/ul>\n\n\n\n<p><\/p>\n\n\n\n<p>Cadu compartilhou uma homenagem a L\u00edlian, descrevendo-a como &#8220;a pessoa mais doce, am\u00e1vel, sincera, prestativa, altru\u00edsta e todos os adjetivos que definem pureza e beleza&#8221;. Ele tamb\u00e9m se despediu com uma cita\u00e7\u00e3o de uma de suas m\u00fasicas favoritas: &#8220;Pois sou uma Gaivota sem destino, que gosta de voar em liberdade. E assim ela foi, como um lindo p\u00e1ssaro, voando em dire\u00e7\u00e3o ao para\u00edso&#8221;, completou ele.<\/p>\n\n\n\n<p>Na \u00faltima semana, Cadu havia informado que L\u00edlian estava internada na UTI ap\u00f3s o agravamento de seu quadro de sa\u00fade. Em novembro de 2024, a cantora come\u00e7ou a sentir dores no ci\u00e1tico, o que a levou a iniciar um tratamento.<\/p>\n\n\n\n<figure class=\"wp-block-image aligncenter size-full is-resized\"><a href=\"https:\/\/i0.wp.com\/blogdoeloiltoncajuhy.com.br\/site\/wp-content\/uploads\/2025\/02\/Leno-Lilian-%E2%80%94-Foto_Reproducao-Instagram.jpeg?ssl=1\"><img data-recalc-dims=\"1\" decoding=\"async\" width=\"740\" height=\"740\" src=\"https:\/\/i0.wp.com\/blogdoeloiltoncajuhy.com.br\/site\/wp-content\/uploads\/2025\/02\/Leno-Lilian-%E2%80%94-Foto_Reproducao-Instagram.jpeg?resize=740%2C740&#038;ssl=1\" alt=\"\" class=\"wp-image-86053\" style=\"width:580px;height:auto\" srcset=\"https:\/\/i0.wp.com\/blogdoeloiltoncajuhy.com.br\/site\/wp-content\/uploads\/2025\/02\/Leno-Lilian-%E2%80%94-Foto_Reproducao-Instagram.jpeg?w=740&amp;ssl=1 740w, https:\/\/i0.wp.com\/blogdoeloiltoncajuhy.com.br\/site\/wp-content\/uploads\/2025\/02\/Leno-Lilian-%E2%80%94-Foto_Reproducao-Instagram.jpeg?resize=300%2C300&amp;ssl=1 300w, https:\/\/i0.wp.com\/blogdoeloiltoncajuhy.com.br\/site\/wp-content\/uploads\/2025\/02\/Leno-Lilian-%E2%80%94-Foto_Reproducao-Instagram.jpeg?resize=150%2C150&amp;ssl=1 150w\" sizes=\"(max-width: 740px) 100vw, 740px\" \/><\/a><figcaption class=\"wp-element-caption\"><sub>Leno &amp; Lilian \u2014 Foto: Reprodu\u00e7\u00e3o\/Instagram<\/sub><\/figcaption><\/figure>\n\n\n\n<p>Em 11 de fevereiro de 2025, sua filha, Priscilla Evelyn Knapp, pediu ajuda nas redes sociais para custear os custos da interna\u00e7\u00e3o da m\u00e3e. &#8220;Ela se dedicou \u00e0 m\u00fasica desde os 16 anos, ganhou v\u00e1rios discos de ouro e de platina, estourou em duas \u00e9pocas distintas, sendo lembrada at\u00e9 hoje quando anda nas ruas&#8221;, escreveu. &#8220;N\u00e3o \u00e9 justo que, ap\u00f3s dar a vida enriquecendo a cultura brasileira, ela n\u00e3o tenha um tratamento digno&#8221;, completou.<\/p>\n\n\n\n<p>L\u00edlian Knapp ficou conhecida nacionalmente na d\u00e9cada de 1960 como parte da dupla Leno &amp; Lilian, o cantor morreu em 2022 aos 73 anos. Na d\u00e9cada de 70 e 80, ambos seguiram carreiras solo, com L\u00edlian conquistando tamb\u00e9m destaque com a m\u00fasica <em>Sou Rebelde<\/em>. Durante sua carreira, a cantora teve mais de 370 m\u00fasicas gravadas por diversos artistas.<\/p>\n","protected":false},"excerpt":{"rendered":"<p>Por Bia Lopes Silveira\/Quem A cantora L\u00edlian Knapp morreu no s\u00e1bado (22), em decorr\u00eancia de um &#8220;tumor agressivo&#8221; na pelve. A not\u00edcia foi confirmada por seu marido, o produtor musical Cadu Nolla, por meio de suas redes sociais. A artista ficou conhecida nacionalmente na d\u00e9cada de 1960, como parte da dupla Leno &amp; Lilian, que [&hellip;]<\/p>\n","protected":false},"author":2,"featured_media":86052,"comment_status":"open","ping_status":"open","sticky":false,"template":"","format":"standard","meta":{"_acf_changed":false,"_monsterinsights_skip_tracking":false,"_monsterinsights_sitenote_active":false,"_monsterinsights_sitenote_note":"","_monsterinsights_sitenote_category":0,"_jetpack_memberships_contains_paid_content":false,"footnotes":"","jetpack_publicize_message":"","jetpack_publicize_feature_enabled":true,"jetpack_social_post_already_shared":true,"jetpack_social_options":{"image_generator_settings":{"template":"highway","default_image_id":0,"font":"","enabled":false},"version":2}},"categories":[8],"tags":[],"class_list":["post-86051","post","type-post","status-publish","format-standard","has-post-thumbnail","hentry","category-cultura"],"acf":[],"jetpack_publicize_connections":[],"jetpack_featured_media_url":"https:\/\/i0.wp.com\/blogdoeloiltoncajuhy.com.br\/site\/wp-content\/uploads\/2025\/02\/Lilian-Knapp-%E2%80%94-Foto_Reproducao-Instagram.jpeg?fit=416%2C740&ssl=1","jetpack_sharing_enabled":true,"publishpress_future_workflow_manual_trigger":{"enabledWorkflows":[]},"_links":{"self":[{"href":"https:\/\/blogdoeloiltoncajuhy.com.br\/site\/wp-json\/wp\/v2\/posts\/86051","targetHints":{"allow":["GET"]}}],"collection":[{"href":"https:\/\/blogdoeloiltoncajuhy.com.br\/site\/wp-json\/wp\/v2\/posts"}],"about":[{"href":"https:\/\/blogdoeloiltoncajuhy.com.br\/site\/wp-json\/wp\/v2\/types\/post"}],"author":[{"embeddable":true,"href":"https:\/\/blogdoeloiltoncajuhy.com.br\/site\/wp-json\/wp\/v2\/users\/2"}],"replies":[{"embeddable":true,"href":"https:\/\/blogdoeloiltoncajuhy.com.br\/site\/wp-json\/wp\/v2\/comments?post=86051"}],"version-history":[{"count":1,"href":"https:\/\/blogdoeloiltoncajuhy.com.br\/site\/wp-json\/wp\/v2\/posts\/86051\/revisions"}],"predecessor-version":[{"id":86054,"href":"https:\/\/blogdoeloiltoncajuhy.com.br\/site\/wp-json\/wp\/v2\/posts\/86051\/revisions\/86054"}],"wp:featuredmedia":[{"embeddable":true,"href":"https:\/\/blogdoeloiltoncajuhy.com.br\/site\/wp-json\/wp\/v2\/media\/86052"}],"wp:attachment":[{"href":"https:\/\/blogdoeloiltoncajuhy.com.br\/site\/wp-json\/wp\/v2\/media?parent=86051"}],"wp:term":[{"taxonomy":"category","embeddable":true,"href":"https:\/\/blogdoeloiltoncajuhy.com.br\/site\/wp-json\/wp\/v2\/categories?post=86051"},{"taxonomy":"post_tag","embeddable":true,"href":"https:\/\/blogdoeloiltoncajuhy.com.br\/site\/wp-json\/wp\/v2\/tags?post=86051"}],"curies":[{"name":"wp","href":"https:\/\/api.w.org\/{rel}","templated":true}]}}