{"id":86047,"date":"2025-02-24T08:51:33","date_gmt":"2025-02-24T11:51:33","guid":{"rendered":"https:\/\/blogdoeloiltoncajuhy.com.br\/site\/?p=86047"},"modified":"2025-02-24T08:52:59","modified_gmt":"2025-02-24T11:52:59","slug":"homem-e-morto-a-tiros-dentro-de-bar-em-missao-do-sahy","status":"publish","type":"post","link":"https:\/\/blogdoeloiltoncajuhy.com.br\/site\/homem-e-morto-a-tiros-dentro-de-bar-em-missao-do-sahy\/","title":{"rendered":"Homem \u00e9 morto a tiros dentro de bar em Miss\u00e3o do Sahy"},"content":{"rendered":"\n<p class=\"has-medium-font-size\"><strong>Pol\u00edcia investiga morte<\/strong><\/p>\n\n\n\n<p><strong>Por Blog do Eloilton Cajuhy &#8211; BEC<\/strong><\/p>\n\n\n\n<figure class=\"wp-block-image aligncenter size-full\"><a href=\"https:\/\/i0.wp.com\/blogdoeloiltoncajuhy.com.br\/site\/wp-content\/uploads\/2025\/02\/Kadu.png?ssl=1\"><img data-recalc-dims=\"1\" fetchpriority=\"high\" decoding=\"async\" width=\"720\" height=\"646\" src=\"https:\/\/i0.wp.com\/blogdoeloiltoncajuhy.com.br\/site\/wp-content\/uploads\/2025\/02\/Kadu.png?resize=720%2C646&#038;ssl=1\" alt=\"\" class=\"wp-image-86048\" srcset=\"https:\/\/i0.wp.com\/blogdoeloiltoncajuhy.com.br\/site\/wp-content\/uploads\/2025\/02\/Kadu.png?w=720&amp;ssl=1 720w, https:\/\/i0.wp.com\/blogdoeloiltoncajuhy.com.br\/site\/wp-content\/uploads\/2025\/02\/Kadu.png?resize=300%2C269&amp;ssl=1 300w\" sizes=\"(max-width: 720px) 100vw, 720px\" \/><\/a><figcaption class=\"wp-element-caption\"><sub>Homem foi atingido por v\u00e1rios tiros &#8211; Foto: Redes Sociais<\/sub><\/figcaption><\/figure>\n\n\n\n<p><strong><mark style=\"background-color:rgba(0, 0, 0, 0)\" class=\"has-inline-color has-black-color\">Alberico Ricardo<\/mark><\/strong>, conhecido como <strong><mark style=\"background-color:rgba(0, 0, 0, 0)\" class=\"has-inline-color has-black-color\">\u201cKadu\u201d<\/mark><\/strong>, foi morto a tiros na madrugada deste domingo (23), em Miss\u00e3o do Sahy. De acordo com informa\u00e7\u00f5es da <strong>WA TV Web<\/strong>, ele foi atingido por disparos de arma de fogo dentro de um bar de Miss\u00e3o do Sahy, interior de Senhor do Bonfim.<\/p>\n\n\n\n<p>O caso mobilizou equipes de emerg\u00eancia. Segundo relatos de testemunhas que estavam no local, a movimenta\u00e7\u00e3o era intensa devido a uma festa que acontecia no estabelecimento.<\/p>\n\n\n\n<p>Em determinado momento, um homem usando roupas camufladas e capacete, entrou no bar, foi direto em dire\u00e7\u00e3o \u00e0 v\u00edtima e efetuou os disparos, que atingiram Kadu no peito. Ap\u00f3s cair, Alberico ainda foi alvo de novos disparos pelas costas.<\/p>\n\n\n\n<ul class=\"wp-block-list\">\n<li><a href=\"https:\/\/whatsapp.com\/channel\/0029VaAT7tDLI8Yfj5y9Z50Z\"><strong><mark style=\"background-color:rgba(0, 0, 0, 0)\" class=\"has-inline-color has-vivid-red-color\">Siga nosso canal no WhatsApp e veja mais not\u00edcias<\/mark><\/strong><\/a><\/li>\n<\/ul>\n\n\n\n<p><\/p>\n\n\n\n<p>Depois da a\u00e7\u00e3o, o autor deixou o local rapidamente em uma motocicleta de cor preta, sem deixar pistas sobre seu paradeiro. Segundo informa\u00e7\u00f5es, o estabelecimento possui c\u00e2meras de seguran\u00e7a que podem ter registrado o ocorrido.<\/p>\n\n\n\n<p>Equipes de atendimento foram acionadas, mas ao chegarem ao local constataram que a v\u00edtima j\u00e1 n\u00e3o apresentava sinais vitais. A ocorr\u00eancia segue sob investiga\u00e7\u00e3o para esclarecer os detalhes do caso.<\/p>\n","protected":false},"excerpt":{"rendered":"<p>Pol\u00edcia investiga morte Por Blog do Eloilton Cajuhy &#8211; BEC Alberico Ricardo, conhecido como \u201cKadu\u201d, foi morto a tiros na madrugada deste domingo (23), em Miss\u00e3o do Sahy. De acordo com informa\u00e7\u00f5es da WA TV Web, ele foi atingido por disparos de arma de fogo dentro de um bar de Miss\u00e3o do Sahy, interior de [&hellip;]<\/p>\n","protected":false},"author":2,"featured_media":86048,"comment_status":"open","ping_status":"open","sticky":false,"template":"","format":"standard","meta":{"_acf_changed":false,"_monsterinsights_skip_tracking":false,"_monsterinsights_sitenote_active":false,"_monsterinsights_sitenote_note":"","_monsterinsights_sitenote_category":0,"_jetpack_memberships_contains_paid_content":false,"footnotes":"","jetpack_publicize_message":"","jetpack_publicize_feature_enabled":true,"jetpack_social_post_already_shared":true,"jetpack_social_options":{"image_generator_settings":{"template":"highway","default_image_id":0,"font":"","enabled":false},"version":2}},"categories":[15],"tags":[],"class_list":["post-86047","post","type-post","status-publish","format-standard","has-post-thumbnail","hentry","category-policia"],"acf":[],"jetpack_publicize_connections":[],"jetpack_featured_media_url":"https:\/\/i0.wp.com\/blogdoeloiltoncajuhy.com.br\/site\/wp-content\/uploads\/2025\/02\/Kadu.png?fit=720%2C646&ssl=1","jetpack_sharing_enabled":true,"publishpress_future_workflow_manual_trigger":{"enabledWorkflows":[]},"_links":{"self":[{"href":"https:\/\/blogdoeloiltoncajuhy.com.br\/site\/wp-json\/wp\/v2\/posts\/86047","targetHints":{"allow":["GET"]}}],"collection":[{"href":"https:\/\/blogdoeloiltoncajuhy.com.br\/site\/wp-json\/wp\/v2\/posts"}],"about":[{"href":"https:\/\/blogdoeloiltoncajuhy.com.br\/site\/wp-json\/wp\/v2\/types\/post"}],"author":[{"embeddable":true,"href":"https:\/\/blogdoeloiltoncajuhy.com.br\/site\/wp-json\/wp\/v2\/users\/2"}],"replies":[{"embeddable":true,"href":"https:\/\/blogdoeloiltoncajuhy.com.br\/site\/wp-json\/wp\/v2\/comments?post=86047"}],"version-history":[{"count":2,"href":"https:\/\/blogdoeloiltoncajuhy.com.br\/site\/wp-json\/wp\/v2\/posts\/86047\/revisions"}],"predecessor-version":[{"id":86050,"href":"https:\/\/blogdoeloiltoncajuhy.com.br\/site\/wp-json\/wp\/v2\/posts\/86047\/revisions\/86050"}],"wp:featuredmedia":[{"embeddable":true,"href":"https:\/\/blogdoeloiltoncajuhy.com.br\/site\/wp-json\/wp\/v2\/media\/86048"}],"wp:attachment":[{"href":"https:\/\/blogdoeloiltoncajuhy.com.br\/site\/wp-json\/wp\/v2\/media?parent=86047"}],"wp:term":[{"taxonomy":"category","embeddable":true,"href":"https:\/\/blogdoeloiltoncajuhy.com.br\/site\/wp-json\/wp\/v2\/categories?post=86047"},{"taxonomy":"post_tag","embeddable":true,"href":"https:\/\/blogdoeloiltoncajuhy.com.br\/site\/wp-json\/wp\/v2\/tags?post=86047"}],"curies":[{"name":"wp","href":"https:\/\/api.w.org\/{rel}","templated":true}]}}