{"id":86006,"date":"2025-02-21T15:30:07","date_gmt":"2025-02-21T18:30:07","guid":{"rendered":"https:\/\/blogdoeloiltoncajuhy.com.br\/site\/?p=86006"},"modified":"2025-02-21T15:30:08","modified_gmt":"2025-02-21T18:30:08","slug":"stf-autoriza-guardas-municipais-a-atuarem-como-policia-e-fazerem-prisoes-em-flagrante","status":"publish","type":"post","link":"https:\/\/blogdoeloiltoncajuhy.com.br\/site\/stf-autoriza-guardas-municipais-a-atuarem-como-policia-e-fazerem-prisoes-em-flagrante\/","title":{"rendered":"STF autoriza guardas municipais a atuarem como pol\u00edcia e fazerem pris\u00f5es em flagrante"},"content":{"rendered":"\n<p class=\"has-medium-font-size\"><strong>Em julgamento nesta quinta (20), ministros entenderam que as guardas municipais devem trabalhar em coopera\u00e7\u00e3o com as pol\u00edcias Civil e Militar dos estados. A\u00e7\u00f5es ser\u00e3o fiscalizadas pelo Minist\u00e9rio P\u00fablico<\/strong><\/p>\n\n\n\n<p><strong>Por g1 SP<\/strong> \u2014 S\u00e3o Paulo<\/p>\n\n\n\n<figure class=\"wp-block-image aligncenter size-full\"><a href=\"https:\/\/i0.wp.com\/blogdoeloiltoncajuhy.com.br\/site\/wp-content\/uploads\/2025\/02\/GCM_Bonfim_210225.png?ssl=1\"><img data-recalc-dims=\"1\" fetchpriority=\"high\" decoding=\"async\" width=\"710\" height=\"542\" src=\"https:\/\/i0.wp.com\/blogdoeloiltoncajuhy.com.br\/site\/wp-content\/uploads\/2025\/02\/GCM_Bonfim_210225.png?resize=710%2C542&#038;ssl=1\" alt=\"\" class=\"wp-image-86007\" srcset=\"https:\/\/i0.wp.com\/blogdoeloiltoncajuhy.com.br\/site\/wp-content\/uploads\/2025\/02\/GCM_Bonfim_210225.png?w=710&amp;ssl=1 710w, https:\/\/i0.wp.com\/blogdoeloiltoncajuhy.com.br\/site\/wp-content\/uploads\/2025\/02\/GCM_Bonfim_210225.png?resize=300%2C229&amp;ssl=1 300w\" sizes=\"(max-width: 710px) 100vw, 710px\" \/><\/a><figcaption class=\"wp-element-caption\"><sub>Guarda Civil Municipal de Senhor do Bonfim. Ao centro, Policial Militar &#8211; Foto: Divulga\u00e7\u00e3o<\/sub><\/figcaption><\/figure>\n\n\n\n<p>O Supremo Tribunal Federal (STF) decidiu nesta quinta-feira (20) que as cidades podem aprovar leis para que as guardas municipais atuem em a\u00e7\u00f5es de seguran\u00e7a urbana ostensivas, como as pol\u00edcias.<\/p>\n\n\n\n<p>Essas normas devem, segundo o tribunal, \u201crespeitar limites, de forma a que n\u00e3o se sobreponham, mas cooperem com as atribui\u00e7\u00f5es das pol\u00edcias Civil e Militar, cujas fun\u00e7\u00f5es s\u00e3o reguladas pela Constitui\u00e7\u00e3o e por normas estaduais\u201d.<\/p>\n\n\n\n<p>De acordo com o novo entendimento fixado pelos ministros, as guardas municipais n\u00e3o t\u00eam poder de investigar, mas podem fazer policiamento ostensivo e comunit\u00e1rio e agir diante de condutas lesivas a pessoas, bens e servi\u00e7os, inclusive realizar pris\u00f5es em flagrante.<\/p>\n\n\n\n<p>A atua\u00e7\u00e3o das guardas fica limitada \u00e0s instala\u00e7\u00f5es municipais, em coopera\u00e7\u00e3o com os demais \u00f3rg\u00e3os de seguran\u00e7a p\u00fablica e sob a fiscaliza\u00e7\u00e3o do Minist\u00e9rio P\u00fablico.<\/p>\n\n\n\n<p>A decis\u00e3o foi tomada durante o julgamento de um Recurso Extraordin\u00e1rio (RE) impetrado pela Prefeitura de S\u00e3o Paulo, que pedia aval para que a Guarda Civil Municipal (GCM) da cidade pudesse atuar em a\u00e7\u00f5es ostensivas de seguran\u00e7a.<\/p>\n\n\n\n<p>A decis\u00e3o tomada nesta quinta (20) pelos ministros do STF, outras 53 a\u00e7\u00f5es pendentes sobre o tema que est\u00e3o em tramita\u00e7\u00e3o na corte dever\u00e3o seguir a nova orienta\u00e7\u00e3o jur\u00eddica.<\/p>\n\n\n\n<ul class=\"wp-block-list\">\n<li><a href=\"https:\/\/whatsapp.com\/channel\/0029VaAT7tDLI8Yfj5y9Z50Z\"><strong><mark style=\"background-color:rgba(0, 0, 0, 0)\" class=\"has-inline-color has-vivid-red-color\">Siga nosso canal no WhatsApp e veja mais not\u00edcias<\/mark><\/strong><\/a><\/li>\n<\/ul>\n","protected":false},"excerpt":{"rendered":"<p>Em julgamento nesta quinta (20), ministros entenderam que as guardas municipais devem trabalhar em coopera\u00e7\u00e3o com as pol\u00edcias Civil e Militar dos estados. A\u00e7\u00f5es ser\u00e3o fiscalizadas pelo Minist\u00e9rio P\u00fablico Por g1 SP \u2014 S\u00e3o Paulo O Supremo Tribunal Federal (STF) decidiu nesta quinta-feira (20) que as cidades podem aprovar leis para que as guardas municipais [&hellip;]<\/p>\n","protected":false},"author":2,"featured_media":86007,"comment_status":"open","ping_status":"open","sticky":false,"template":"","format":"standard","meta":{"_acf_changed":false,"_monsterinsights_skip_tracking":false,"_monsterinsights_sitenote_active":false,"_monsterinsights_sitenote_note":"","_monsterinsights_sitenote_category":0,"_jetpack_memberships_contains_paid_content":false,"footnotes":"","jetpack_publicize_message":"","jetpack_publicize_feature_enabled":true,"jetpack_social_post_already_shared":true,"jetpack_social_options":{"image_generator_settings":{"template":"highway","default_image_id":0,"font":"","enabled":false},"version":2}},"categories":[5],"tags":[],"class_list":["post-86006","post","type-post","status-publish","format-standard","has-post-thumbnail","hentry","category-cotidiano"],"acf":[],"jetpack_publicize_connections":[],"jetpack_featured_media_url":"https:\/\/i0.wp.com\/blogdoeloiltoncajuhy.com.br\/site\/wp-content\/uploads\/2025\/02\/GCM_Bonfim_210225.png?fit=710%2C542&ssl=1","jetpack_sharing_enabled":true,"publishpress_future_workflow_manual_trigger":{"enabledWorkflows":[]},"_links":{"self":[{"href":"https:\/\/blogdoeloiltoncajuhy.com.br\/site\/wp-json\/wp\/v2\/posts\/86006","targetHints":{"allow":["GET"]}}],"collection":[{"href":"https:\/\/blogdoeloiltoncajuhy.com.br\/site\/wp-json\/wp\/v2\/posts"}],"about":[{"href":"https:\/\/blogdoeloiltoncajuhy.com.br\/site\/wp-json\/wp\/v2\/types\/post"}],"author":[{"embeddable":true,"href":"https:\/\/blogdoeloiltoncajuhy.com.br\/site\/wp-json\/wp\/v2\/users\/2"}],"replies":[{"embeddable":true,"href":"https:\/\/blogdoeloiltoncajuhy.com.br\/site\/wp-json\/wp\/v2\/comments?post=86006"}],"version-history":[{"count":1,"href":"https:\/\/blogdoeloiltoncajuhy.com.br\/site\/wp-json\/wp\/v2\/posts\/86006\/revisions"}],"predecessor-version":[{"id":86008,"href":"https:\/\/blogdoeloiltoncajuhy.com.br\/site\/wp-json\/wp\/v2\/posts\/86006\/revisions\/86008"}],"wp:featuredmedia":[{"embeddable":true,"href":"https:\/\/blogdoeloiltoncajuhy.com.br\/site\/wp-json\/wp\/v2\/media\/86007"}],"wp:attachment":[{"href":"https:\/\/blogdoeloiltoncajuhy.com.br\/site\/wp-json\/wp\/v2\/media?parent=86006"}],"wp:term":[{"taxonomy":"category","embeddable":true,"href":"https:\/\/blogdoeloiltoncajuhy.com.br\/site\/wp-json\/wp\/v2\/categories?post=86006"},{"taxonomy":"post_tag","embeddable":true,"href":"https:\/\/blogdoeloiltoncajuhy.com.br\/site\/wp-json\/wp\/v2\/tags?post=86006"}],"curies":[{"name":"wp","href":"https:\/\/api.w.org\/{rel}","templated":true}]}}