{"id":86000,"date":"2025-02-21T08:07:45","date_gmt":"2025-02-21T11:07:45","guid":{"rendered":"https:\/\/blogdoeloiltoncajuhy.com.br\/site\/?p=86000"},"modified":"2025-02-21T08:07:47","modified_gmt":"2025-02-21T11:07:47","slug":"novo-pac-selecoes-investira-r-23-bilhoes-na-compra-de-transportes-escolares-e-construcao-de-creches","status":"publish","type":"post","link":"https:\/\/blogdoeloiltoncajuhy.com.br\/site\/novo-pac-selecoes-investira-r-23-bilhoes-na-compra-de-transportes-escolares-e-construcao-de-creches\/","title":{"rendered":"Novo PAC Sele\u00e7\u00f5es investir\u00e1 R$ 2,3 bilh\u00f5es na compra de transportes escolares e constru\u00e7\u00e3o de creches"},"content":{"rendered":"\n<p class=\"has-medium-font-size\"><strong>Segunda etapa do programa abre inscri\u00e7\u00f5es na pr\u00f3xima segunda-feira (24). Recursos ser\u00e3o destinados para priorizar a amplia\u00e7\u00e3o de vagas na educa\u00e7\u00e3o b\u00e1sica<\/strong><\/p>\n\n\n\n<p><strong>Blog do Eloilton Cajuhy \u2013 BEC<\/strong><\/p>\n\n\n\n<figure class=\"wp-block-image aligncenter size-full\"><a href=\"https:\/\/i0.wp.com\/blogdoeloiltoncajuhy.com.br\/site\/wp-content\/uploads\/2025\/02\/GOVFED_Educacao-basica_Foto-Getty-Images.png?ssl=1\"><img data-recalc-dims=\"1\" fetchpriority=\"high\" decoding=\"async\" width=\"740\" height=\"489\" src=\"https:\/\/i0.wp.com\/blogdoeloiltoncajuhy.com.br\/site\/wp-content\/uploads\/2025\/02\/GOVFED_Educacao-basica_Foto-Getty-Images.png?resize=740%2C489&#038;ssl=1\" alt=\"\" class=\"wp-image-86001\" srcset=\"https:\/\/i0.wp.com\/blogdoeloiltoncajuhy.com.br\/site\/wp-content\/uploads\/2025\/02\/GOVFED_Educacao-basica_Foto-Getty-Images.png?w=740&amp;ssl=1 740w, https:\/\/i0.wp.com\/blogdoeloiltoncajuhy.com.br\/site\/wp-content\/uploads\/2025\/02\/GOVFED_Educacao-basica_Foto-Getty-Images.png?resize=300%2C198&amp;ssl=1 300w\" sizes=\"(max-width: 740px) 100vw, 740px\" \/><\/a><figcaption class=\"wp-element-caption\"><sub>Os recursos ir\u00e3o priorizar a amplia\u00e7\u00e3o de vagas na educa\u00e7\u00e3o b\u00e1sica, a redu\u00e7\u00e3o da evas\u00e3o escolar e as desigualdades no acesso \u00e0 educa\u00e7\u00e3o &#8211; Foto: Getty Images<\/sub><\/figcaption><\/figure>\n\n\n\n<p>A segunda etapa do Novo PAC Sele\u00e7\u00f5es, cujas inscri\u00e7\u00f5es come\u00e7ar\u00e3o na pr\u00f3xima segunda-feira, 24 de fevereiro, permitir\u00e1 que os novos gestores municipais inscrevam seus projetos e participem da sele\u00e7\u00e3o. Al\u00e9m disso, munic\u00edpios e estados que n\u00e3o foram selecionados na primeira etapa tamb\u00e9m poder\u00e3o se inscrever.<\/p>\n\n\n\n<p>Na nova fase do programa, s\u00f3 no eixo Educa\u00e7\u00e3o, Ci\u00eancia e Tecnologia, ser\u00e3o investidos R$2,3 bilh\u00f5es para aquisi\u00e7\u00e3o de transportes escolares e constru\u00e7\u00e3o de novas creches. Os recursos ser\u00e3o destinados \u00e0s duas modalidades priorizando a amplia\u00e7\u00e3o de vagas na educa\u00e7\u00e3o b\u00e1sica, a redu\u00e7\u00e3o da evas\u00e3o escolar e das desigualdades no acesso \u00e0 educa\u00e7\u00e3o, priorizando regi\u00f5es com maior d\u00e9ficit e alinhadas com o Plano Nacional de Educa\u00e7\u00e3o.<\/p>\n\n\n\n<p>Os editais e portarias ser\u00e3o divulgados no site do Novo PAC. As inscri\u00e7\u00f5es ser\u00e3o feitas pelo portal transfere.gov.<\/p>\n\n\n\n<h4 class=\"wp-block-heading\"><strong><mark style=\"background-color:rgba(0, 0, 0, 0)\" class=\"has-inline-color has-black-color\">Abaixo, informa\u00e7\u00f5es sobre as duas modalidades:<\/mark><\/strong><\/h4>\n\n\n\n<p><strong><mark style=\"background-color:rgba(0, 0, 0, 0)\" class=\"has-inline-color has-black-color\">Creches | 500 unidades | R$ 1,75 bilh\u00e3o<\/mark><\/strong><\/p>\n\n\n\n<p>A partir desta etapa, o Novo PAC Sele\u00e7\u00f5es vai construir 500 novas creches, ampliando a oferta de vagas para crian\u00e7as de 0 a 5 anos. Esta modalidade busca reduzir as desigualdades educacionais, ampliando a oferta de educa\u00e7\u00e3o, com prioridade para os munic\u00edpios com maior d\u00e9ficit e em sintonia com as metas do Plano Nacional de Educa\u00e7\u00e3o. Prioriza, tamb\u00e9m, o atendimento a munic\u00edpios com baixa capacidade para realiza\u00e7\u00e3o de obras e equipamentos, de forma a fortalecer o efetivo direito \u00e0 educa\u00e7\u00e3o para todos.<\/p>\n\n\n\n<p><strong><mark style=\"background-color:rgba(0, 0, 0, 0)\" class=\"has-inline-color has-black-color\">Transporte Escolar | 1 mil unidades | R$ 500 milh\u00f5es<\/mark><\/strong><\/p>\n\n\n\n<p>O investimento inclui a aquisi\u00e7\u00e3o de 1.000 novos ve\u00edculos do Programa Caminho da Escola, especialmente para alunos da zona rural. Os ve\u00edculos possibilitam mais seguran\u00e7a e conforto, al\u00e9m de contribuir para a redu\u00e7\u00e3o da evas\u00e3o escolar das redes de Educa\u00e7\u00e3o B\u00e1sica brasileira. O Novo PAC Sele\u00e7\u00f5es prioriza o atendimento a munic\u00edpios com pequena capacidade financeira para novos equipamentos e que apresentam d\u00e9ficit de cobertura, de forma a ampliar o efetivo direito \u00e0 educa\u00e7\u00e3o para todos.<\/p>\n\n\n\n<ul class=\"wp-block-list\">\n<li><a href=\"https:\/\/whatsapp.com\/channel\/0029VaAT7tDLI8Yfj5y9Z50Z\"><strong><mark style=\"background-color:rgba(0, 0, 0, 0)\" class=\"has-inline-color has-vivid-red-color\">Siga nosso canal no WhatsApp e veja mais not\u00edcias<\/mark><\/strong><\/a><\/li>\n<\/ul>\n","protected":false},"excerpt":{"rendered":"<p>Segunda etapa do programa abre inscri\u00e7\u00f5es na pr\u00f3xima segunda-feira (24). Recursos ser\u00e3o destinados para priorizar a amplia\u00e7\u00e3o de vagas na educa\u00e7\u00e3o b\u00e1sica Blog do Eloilton Cajuhy \u2013 BEC A segunda etapa do Novo PAC Sele\u00e7\u00f5es, cujas inscri\u00e7\u00f5es come\u00e7ar\u00e3o na pr\u00f3xima segunda-feira, 24 de fevereiro, permitir\u00e1 que os novos gestores municipais inscrevam seus projetos e participem [&hellip;]<\/p>\n","protected":false},"author":2,"featured_media":86001,"comment_status":"open","ping_status":"open","sticky":false,"template":"","format":"standard","meta":{"_acf_changed":false,"_monsterinsights_skip_tracking":false,"_monsterinsights_sitenote_active":false,"_monsterinsights_sitenote_note":"","_monsterinsights_sitenote_category":0,"_jetpack_memberships_contains_paid_content":false,"footnotes":"","jetpack_publicize_message":"","jetpack_publicize_feature_enabled":true,"jetpack_social_post_already_shared":false,"jetpack_social_options":{"image_generator_settings":{"template":"highway","enabled":false},"version":2}},"categories":[14],"tags":[],"class_list":["post-86000","post","type-post","status-publish","format-standard","has-post-thumbnail","hentry","category-educacao"],"acf":[],"jetpack_publicize_connections":[],"jetpack_featured_media_url":"https:\/\/i0.wp.com\/blogdoeloiltoncajuhy.com.br\/site\/wp-content\/uploads\/2025\/02\/GOVFED_Educacao-basica_Foto-Getty-Images.png?fit=740%2C489&ssl=1","jetpack_sharing_enabled":true,"publishpress_future_workflow_manual_trigger":{"enabledWorkflows":[]},"_links":{"self":[{"href":"https:\/\/blogdoeloiltoncajuhy.com.br\/site\/wp-json\/wp\/v2\/posts\/86000","targetHints":{"allow":["GET"]}}],"collection":[{"href":"https:\/\/blogdoeloiltoncajuhy.com.br\/site\/wp-json\/wp\/v2\/posts"}],"about":[{"href":"https:\/\/blogdoeloiltoncajuhy.com.br\/site\/wp-json\/wp\/v2\/types\/post"}],"author":[{"embeddable":true,"href":"https:\/\/blogdoeloiltoncajuhy.com.br\/site\/wp-json\/wp\/v2\/users\/2"}],"replies":[{"embeddable":true,"href":"https:\/\/blogdoeloiltoncajuhy.com.br\/site\/wp-json\/wp\/v2\/comments?post=86000"}],"version-history":[{"count":1,"href":"https:\/\/blogdoeloiltoncajuhy.com.br\/site\/wp-json\/wp\/v2\/posts\/86000\/revisions"}],"predecessor-version":[{"id":86002,"href":"https:\/\/blogdoeloiltoncajuhy.com.br\/site\/wp-json\/wp\/v2\/posts\/86000\/revisions\/86002"}],"wp:featuredmedia":[{"embeddable":true,"href":"https:\/\/blogdoeloiltoncajuhy.com.br\/site\/wp-json\/wp\/v2\/media\/86001"}],"wp:attachment":[{"href":"https:\/\/blogdoeloiltoncajuhy.com.br\/site\/wp-json\/wp\/v2\/media?parent=86000"}],"wp:term":[{"taxonomy":"category","embeddable":true,"href":"https:\/\/blogdoeloiltoncajuhy.com.br\/site\/wp-json\/wp\/v2\/categories?post=86000"},{"taxonomy":"post_tag","embeddable":true,"href":"https:\/\/blogdoeloiltoncajuhy.com.br\/site\/wp-json\/wp\/v2\/tags?post=86000"}],"curies":[{"name":"wp","href":"https:\/\/api.w.org\/{rel}","templated":true}]}}