{"id":85953,"date":"2025-02-19T08:45:04","date_gmt":"2025-02-19T11:45:04","guid":{"rendered":"https:\/\/blogdoeloiltoncajuhy.com.br\/site\/?p=85953"},"modified":"2025-02-19T08:45:06","modified_gmt":"2025-02-19T11:45:06","slug":"stf-preve-julgar-bolsonaro-neste-ano-para-evitar-calendario-eleitoral-de-2026","status":"publish","type":"post","link":"https:\/\/blogdoeloiltoncajuhy.com.br\/site\/stf-preve-julgar-bolsonaro-neste-ano-para-evitar-calendario-eleitoral-de-2026\/","title":{"rendered":"STF prev\u00ea julgar Bolsonaro neste ano para evitar calend\u00e1rio eleitoral de 2026"},"content":{"rendered":"\n<p class=\"has-medium-font-size\"><strong>Ex-presidente ser\u00e1 julgado pela Primeira Turma do Supremo; advogados apostam que processo ser\u00e1 mais demorado que o previsto<\/strong><\/p>\n\n\n\n<p><strong>Por Folha de S.Paulo<\/strong><\/p>\n\n\n\n<figure class=\"wp-block-image aligncenter size-full\"><a href=\"https:\/\/i0.wp.com\/blogdoeloiltoncajuhy.com.br\/site\/wp-content\/uploads\/2025\/02\/Jair-Bolsonaro_Foto-Pedro-Ladeira-Folhapress.png?ssl=1\"><img data-recalc-dims=\"1\" fetchpriority=\"high\" decoding=\"async\" width=\"671\" height=\"517\" src=\"https:\/\/i0.wp.com\/blogdoeloiltoncajuhy.com.br\/site\/wp-content\/uploads\/2025\/02\/Jair-Bolsonaro_Foto-Pedro-Ladeira-Folhapress.png?resize=671%2C517&#038;ssl=1\" alt=\"\" class=\"wp-image-85954\" srcset=\"https:\/\/i0.wp.com\/blogdoeloiltoncajuhy.com.br\/site\/wp-content\/uploads\/2025\/02\/Jair-Bolsonaro_Foto-Pedro-Ladeira-Folhapress.png?w=671&amp;ssl=1 671w, https:\/\/i0.wp.com\/blogdoeloiltoncajuhy.com.br\/site\/wp-content\/uploads\/2025\/02\/Jair-Bolsonaro_Foto-Pedro-Ladeira-Folhapress.png?resize=300%2C231&amp;ssl=1 300w\" sizes=\"(max-width: 671px) 100vw, 671px\" \/><\/a><figcaption class=\"wp-element-caption\"><sub>Foto: Pedro Ladeira\/Folhapress<\/sub><\/figcaption><\/figure>\n\n\n\n<p>Ministros do STF (Supremo Tribunal Federal) mant\u00e9m a previs\u00e3o de julgar o ex-presidente Jair Bolsonaro (PL) pela trama golpista ainda este ano para evitar uma poss\u00edvel contamina\u00e7\u00e3o nas elei\u00e7\u00f5es presidenciais de 2026.<\/p>\n\n\n\n<p>A estrat\u00e9gia envolve tanto reservar parte do gabinete do ministro Alexandre de Moraes, relator do caso, para ficar respons\u00e1vel pela an\u00e1lise da den\u00fancia como tamb\u00e9m uma mudan\u00e7a na agenda da Primeira Turma do Supremo, respons\u00e1vel por julgar os denunciados.<\/p>\n\n\n\n<ul class=\"wp-block-list\">\n<li><a href=\"https:\/\/whatsapp.com\/channel\/0029VaAT7tDLI8Yfj5y9Z50Z\"><strong><mark style=\"background-color:rgba(0, 0, 0, 0)\" class=\"has-inline-color has-vivid-red-color\">Siga nosso canal no WhatsApp e veja mais not\u00edcias<\/mark><\/strong><\/a><\/li>\n<\/ul>\n\n\n\n<p><\/p>\n\n\n\n<p>Os prazos, por\u00e9m, s\u00e3o considerados curtos para a instru\u00e7\u00e3o das a\u00e7\u00f5es penais. Dois advogados dos denunciados ouvidos pela <strong>Folha<\/strong> afirmam que h\u00e1 estrat\u00e9gias para arrastar os processos e apostam que os julgamentos ser\u00e3o postergados.<\/p>\n\n\n\n<p>O cen\u00e1rio ideal para quatro ministros consultados, sob reserva, \u00e9 a conclus\u00e3o dos processos envolvendo Bolsonaro este ano. Para isso, eles projetam que o julgamento deveria ocorrer no primeiro semestre (no mais tardar, no in\u00edcio do segundo semestre), para permitir que recursos se prolonguem at\u00e9 o fim do ano.<\/p>\n\n\n\n<p>Nessa proje\u00e7\u00e3o, o in\u00edcio do cumprimento de eventuais penas ocorreria antes do processo eleitoral de 2026.<\/p>\n\n\n\n<p>A PGR (Procuradoria-Geral da Rep\u00fablica) denunciou Bolsonaro nesta ter\u00e7a-feira (18) e outros 33 pela articula\u00e7\u00e3o por um golpe de Estado ap\u00f3s a vit\u00f3ria de Lula (PT) nas elei\u00e7\u00f5es presidenciais.<\/p>\n\n\n\n<p>O procurador-geral Paulo Gonet ainda vai apresentar outras den\u00fancias sobre a trama golpista do fim de 2022 nas pr\u00f3ximas semanas. A decis\u00e3o da PGR foi fatiar a an\u00e1lise do caso pelos n\u00facleos da investiga\u00e7\u00e3o.<\/p>\n\n\n\n<p>O pr\u00f3ximo passo no Supremo ser\u00e1 a decis\u00e3o se a den\u00fancia ser\u00e1 recebida ou rejeitada. Caso o STF decida acolher a den\u00fancia, os nomes listados pela Procuradoria ser\u00e3o considerados r\u00e9us e chamados para apresentar defesa.<\/p>\n","protected":false},"excerpt":{"rendered":"<p>Ex-presidente ser\u00e1 julgado pela Primeira Turma do Supremo; advogados apostam que processo ser\u00e1 mais demorado que o previsto Por Folha de S.Paulo Ministros do STF (Supremo Tribunal Federal) mant\u00e9m a previs\u00e3o de julgar o ex-presidente Jair Bolsonaro (PL) pela trama golpista ainda este ano para evitar uma poss\u00edvel contamina\u00e7\u00e3o nas elei\u00e7\u00f5es presidenciais de 2026. A [&hellip;]<\/p>\n","protected":false},"author":2,"featured_media":85954,"comment_status":"open","ping_status":"open","sticky":false,"template":"","format":"standard","meta":{"_acf_changed":false,"_monsterinsights_skip_tracking":false,"_monsterinsights_sitenote_active":false,"_monsterinsights_sitenote_note":"","_monsterinsights_sitenote_category":0,"_jetpack_memberships_contains_paid_content":false,"footnotes":"","jetpack_publicize_message":"","jetpack_publicize_feature_enabled":true,"jetpack_social_post_already_shared":true,"jetpack_social_options":{"image_generator_settings":{"template":"highway","default_image_id":0,"font":"","enabled":false},"version":2}},"categories":[3],"tags":[],"class_list":["post-85953","post","type-post","status-publish","format-standard","has-post-thumbnail","hentry","category-politica"],"acf":[],"jetpack_publicize_connections":[],"jetpack_featured_media_url":"https:\/\/i0.wp.com\/blogdoeloiltoncajuhy.com.br\/site\/wp-content\/uploads\/2025\/02\/Jair-Bolsonaro_Foto-Pedro-Ladeira-Folhapress.png?fit=671%2C517&ssl=1","jetpack_sharing_enabled":true,"publishpress_future_workflow_manual_trigger":{"enabledWorkflows":[]},"_links":{"self":[{"href":"https:\/\/blogdoeloiltoncajuhy.com.br\/site\/wp-json\/wp\/v2\/posts\/85953","targetHints":{"allow":["GET"]}}],"collection":[{"href":"https:\/\/blogdoeloiltoncajuhy.com.br\/site\/wp-json\/wp\/v2\/posts"}],"about":[{"href":"https:\/\/blogdoeloiltoncajuhy.com.br\/site\/wp-json\/wp\/v2\/types\/post"}],"author":[{"embeddable":true,"href":"https:\/\/blogdoeloiltoncajuhy.com.br\/site\/wp-json\/wp\/v2\/users\/2"}],"replies":[{"embeddable":true,"href":"https:\/\/blogdoeloiltoncajuhy.com.br\/site\/wp-json\/wp\/v2\/comments?post=85953"}],"version-history":[{"count":1,"href":"https:\/\/blogdoeloiltoncajuhy.com.br\/site\/wp-json\/wp\/v2\/posts\/85953\/revisions"}],"predecessor-version":[{"id":85955,"href":"https:\/\/blogdoeloiltoncajuhy.com.br\/site\/wp-json\/wp\/v2\/posts\/85953\/revisions\/85955"}],"wp:featuredmedia":[{"embeddable":true,"href":"https:\/\/blogdoeloiltoncajuhy.com.br\/site\/wp-json\/wp\/v2\/media\/85954"}],"wp:attachment":[{"href":"https:\/\/blogdoeloiltoncajuhy.com.br\/site\/wp-json\/wp\/v2\/media?parent=85953"}],"wp:term":[{"taxonomy":"category","embeddable":true,"href":"https:\/\/blogdoeloiltoncajuhy.com.br\/site\/wp-json\/wp\/v2\/categories?post=85953"},{"taxonomy":"post_tag","embeddable":true,"href":"https:\/\/blogdoeloiltoncajuhy.com.br\/site\/wp-json\/wp\/v2\/tags?post=85953"}],"curies":[{"name":"wp","href":"https:\/\/api.w.org\/{rel}","templated":true}]}}