{"id":85947,"date":"2025-02-19T00:10:00","date_gmt":"2025-02-19T03:10:00","guid":{"rendered":"https:\/\/blogdoeloiltoncajuhy.com.br\/site\/?p=85947"},"modified":"2025-02-18T17:44:49","modified_gmt":"2025-02-18T20:44:49","slug":"projeto-quer-evitar-aumento-do-som-durante-propaganda-no-radio-e-na-televisao","status":"publish","type":"post","link":"https:\/\/blogdoeloiltoncajuhy.com.br\/site\/projeto-quer-evitar-aumento-do-som-durante-propaganda-no-radio-e-na-televisao\/","title":{"rendered":"Projeto quer evitar aumento do som durante propaganda no r\u00e1dio e na televis\u00e3o"},"content":{"rendered":"\n<p class=\"has-medium-font-size\"><strong>Autor da proposta considera a pr\u00e1tica abusiva; a C\u00e2mara dos Deputados est\u00e1 discutindo o assunto<\/strong><\/p>\n\n\n\n<p><strong>Por Ag\u00eancia C\u00e2mara de Not\u00edcias<\/strong><\/p>\n\n\n\n<figure class=\"wp-block-image aligncenter size-full is-resized\"><a href=\"https:\/\/i0.wp.com\/blogdoeloiltoncajuhy.com.br\/site\/wp-content\/uploads\/2025\/02\/Propaganda-eleitoral_Getty-Images.webp?ssl=1\"><img data-recalc-dims=\"1\" fetchpriority=\"high\" decoding=\"async\" width=\"800\" height=\"450\" src=\"https:\/\/i0.wp.com\/blogdoeloiltoncajuhy.com.br\/site\/wp-content\/uploads\/2025\/02\/Propaganda-eleitoral_Getty-Images.webp?resize=800%2C450&#038;ssl=1\" alt=\"\" class=\"wp-image-85948\" style=\"width:715px;height:auto\" srcset=\"https:\/\/i0.wp.com\/blogdoeloiltoncajuhy.com.br\/site\/wp-content\/uploads\/2025\/02\/Propaganda-eleitoral_Getty-Images.webp?w=800&amp;ssl=1 800w, https:\/\/i0.wp.com\/blogdoeloiltoncajuhy.com.br\/site\/wp-content\/uploads\/2025\/02\/Propaganda-eleitoral_Getty-Images.webp?resize=300%2C169&amp;ssl=1 300w, https:\/\/i0.wp.com\/blogdoeloiltoncajuhy.com.br\/site\/wp-content\/uploads\/2025\/02\/Propaganda-eleitoral_Getty-Images.webp?resize=768%2C432&amp;ssl=1 768w\" sizes=\"(max-width: 800px) 100vw, 800px\" \/><\/a><figcaption class=\"wp-element-caption\"><sub>Getty Images<\/sub><\/figcaption><\/figure>\n\n\n\n<p>O Projeto de Lei 48\/25 estabelece que o volume de an\u00fancios publicit\u00e1rios transmitidos por r\u00e1dio e televis\u00e3o devem respeitar padr\u00f5es internacionais de medi\u00e7\u00e3o de \u00e1udio. Esses padr\u00f5es ser\u00e3o definidos em regulamento do governo federal.<\/p>\n\n\n\n<ul class=\"wp-block-list\">\n<li><a href=\"https:\/\/whatsapp.com\/channel\/0029VaAT7tDLI8Yfj5y9Z50Z\"><strong><mark style=\"background-color:rgba(0, 0, 0, 0)\" class=\"has-inline-color has-vivid-red-color\">Siga nosso canal no WhatsApp e veja mais not\u00edcias<\/mark><\/strong><\/a><\/li>\n<\/ul>\n\n\n\n<p><\/p>\n\n\n\n<p>A proposta tamb\u00e9m atribui \u00e0s emissoras a responsabilidade por controlar o volume m\u00e9dio de seus an\u00fancios.<\/p>\n\n\n\n<p>Em an\u00e1lise na C\u00e2mara dos Deputados, o texto altera a Lei 10.222\/01, que trata da padroniza\u00e7\u00e3o de volume de \u00e1udio nos espa\u00e7os dedicados \u00e0 propaganda no r\u00e1dio e na TV.<\/p>\n\n\n\n<h4 class=\"wp-block-heading\"><strong><mark style=\"background-color:rgba(0, 0, 0, 0)\" class=\"has-inline-color has-black-color\">Pr\u00e1ticas abusivas<\/mark><\/strong><\/h4>\n\n\n\n<p>Segundo o autor, deputado Alberto Fraga (PL-DF), o objetivo \u00e9 proteger os consumidores contra pr\u00e1ticas abusivas no volume de propagandas, que &#8220;frequentemente aumentam a intensidade sonora de forma desproporcional, causando desconforto e poss\u00edveis danos \u00e0 sa\u00fade auditiva&#8221;.<\/p>\n\n\n\n<p>O projeto prev\u00ea a abertura de um canal para os consumidores denunciarem infra\u00e7\u00f5es \u00e0s normas.<\/p>\n\n\n\n<h4 class=\"wp-block-heading\"><mark style=\"background-color:rgba(0, 0, 0, 0)\" class=\"has-inline-color has-black-color\">Pr\u00f3ximos passos<\/mark><\/h4>\n\n\n\n<p>A proposta que tramita em car\u00e1ter conclusivo ainda ser\u00e1 analisada pelas comiss\u00f5es de Comunica\u00e7\u00e3o; Defesa do Consumidor e de Constitui\u00e7\u00e3o e Justi\u00e7a e de Cidadania.<\/p>\n\n\n\n<p>Para virar lei, a proposta precisa ser aprovada pela C\u00e2mara e pelo Senado.<\/p>\n","protected":false},"excerpt":{"rendered":"<p>Autor da proposta considera a pr\u00e1tica abusiva; a C\u00e2mara dos Deputados est\u00e1 discutindo o assunto Por Ag\u00eancia C\u00e2mara de Not\u00edcias O Projeto de Lei 48\/25 estabelece que o volume de an\u00fancios publicit\u00e1rios transmitidos por r\u00e1dio e televis\u00e3o devem respeitar padr\u00f5es internacionais de medi\u00e7\u00e3o de \u00e1udio. Esses padr\u00f5es ser\u00e3o definidos em regulamento do governo federal. A [&hellip;]<\/p>\n","protected":false},"author":2,"featured_media":85948,"comment_status":"open","ping_status":"open","sticky":false,"template":"","format":"standard","meta":{"_acf_changed":false,"_monsterinsights_skip_tracking":false,"_monsterinsights_sitenote_active":false,"_monsterinsights_sitenote_note":"","_monsterinsights_sitenote_category":0,"_jetpack_memberships_contains_paid_content":false,"footnotes":"","jetpack_publicize_message":"","jetpack_publicize_feature_enabled":true,"jetpack_social_post_already_shared":true,"jetpack_social_options":{"image_generator_settings":{"template":"highway","default_image_id":0,"font":"","enabled":false},"version":2}},"categories":[3],"tags":[],"class_list":["post-85947","post","type-post","status-publish","format-standard","has-post-thumbnail","hentry","category-politica"],"acf":[],"jetpack_publicize_connections":[],"jetpack_featured_media_url":"https:\/\/i0.wp.com\/blogdoeloiltoncajuhy.com.br\/site\/wp-content\/uploads\/2025\/02\/Propaganda-eleitoral_Getty-Images.webp?fit=800%2C450&ssl=1","jetpack_sharing_enabled":true,"publishpress_future_workflow_manual_trigger":{"enabledWorkflows":[]},"_links":{"self":[{"href":"https:\/\/blogdoeloiltoncajuhy.com.br\/site\/wp-json\/wp\/v2\/posts\/85947","targetHints":{"allow":["GET"]}}],"collection":[{"href":"https:\/\/blogdoeloiltoncajuhy.com.br\/site\/wp-json\/wp\/v2\/posts"}],"about":[{"href":"https:\/\/blogdoeloiltoncajuhy.com.br\/site\/wp-json\/wp\/v2\/types\/post"}],"author":[{"embeddable":true,"href":"https:\/\/blogdoeloiltoncajuhy.com.br\/site\/wp-json\/wp\/v2\/users\/2"}],"replies":[{"embeddable":true,"href":"https:\/\/blogdoeloiltoncajuhy.com.br\/site\/wp-json\/wp\/v2\/comments?post=85947"}],"version-history":[{"count":1,"href":"https:\/\/blogdoeloiltoncajuhy.com.br\/site\/wp-json\/wp\/v2\/posts\/85947\/revisions"}],"predecessor-version":[{"id":85949,"href":"https:\/\/blogdoeloiltoncajuhy.com.br\/site\/wp-json\/wp\/v2\/posts\/85947\/revisions\/85949"}],"wp:featuredmedia":[{"embeddable":true,"href":"https:\/\/blogdoeloiltoncajuhy.com.br\/site\/wp-json\/wp\/v2\/media\/85948"}],"wp:attachment":[{"href":"https:\/\/blogdoeloiltoncajuhy.com.br\/site\/wp-json\/wp\/v2\/media?parent=85947"}],"wp:term":[{"taxonomy":"category","embeddable":true,"href":"https:\/\/blogdoeloiltoncajuhy.com.br\/site\/wp-json\/wp\/v2\/categories?post=85947"},{"taxonomy":"post_tag","embeddable":true,"href":"https:\/\/blogdoeloiltoncajuhy.com.br\/site\/wp-json\/wp\/v2\/tags?post=85947"}],"curies":[{"name":"wp","href":"https:\/\/api.w.org\/{rel}","templated":true}]}}