{"id":85940,"date":"2025-02-19T00:10:00","date_gmt":"2025-02-19T03:10:00","guid":{"rendered":"https:\/\/blogdoeloiltoncajuhy.com.br\/site\/?p=85940"},"modified":"2025-02-18T17:14:47","modified_gmt":"2025-02-18T20:14:47","slug":"governo-federal-fara-mutirao-nacional-em-marco-para-reducao-de-filas-de-cirurgia","status":"publish","type":"post","link":"https:\/\/blogdoeloiltoncajuhy.com.br\/site\/governo-federal-fara-mutirao-nacional-em-marco-para-reducao-de-filas-de-cirurgia\/","title":{"rendered":"Governo Federal far\u00e1 mutir\u00e3o nacional em mar\u00e7o para redu\u00e7\u00e3o de filas de cirurgia"},"content":{"rendered":"\n<p class=\"has-medium-font-size\"><strong>Ap\u00f3s recorde de 14 milh\u00f5es de cirurgias no Sistema \u00danico de Sa\u00fade (SUS) em 2024, a iniciativa pretende reduzir ainda mais o tempo de espera de pacientes<\/strong><\/p>\n\n\n\n<p><strong>Blog do Eloilton Cajuhy &#8211; BEC<\/strong><\/p>\n\n\n\n<figure class=\"wp-block-image aligncenter size-full\"><a href=\"https:\/\/i0.wp.com\/blogdoeloiltoncajuhy.com.br\/site\/wp-content\/uploads\/2025\/02\/Ministra-Nisia-Trindade-Foto_Taysa-Barros-MS.jpg?ssl=1\"><img data-recalc-dims=\"1\" fetchpriority=\"high\" decoding=\"async\" width=\"768\" height=\"512\" src=\"https:\/\/i0.wp.com\/blogdoeloiltoncajuhy.com.br\/site\/wp-content\/uploads\/2025\/02\/Ministra-Nisia-Trindade-Foto_Taysa-Barros-MS.jpg?resize=768%2C512&#038;ssl=1\" alt=\"\" class=\"wp-image-85941\" srcset=\"https:\/\/i0.wp.com\/blogdoeloiltoncajuhy.com.br\/site\/wp-content\/uploads\/2025\/02\/Ministra-Nisia-Trindade-Foto_Taysa-Barros-MS.jpg?w=768&amp;ssl=1 768w, https:\/\/i0.wp.com\/blogdoeloiltoncajuhy.com.br\/site\/wp-content\/uploads\/2025\/02\/Ministra-Nisia-Trindade-Foto_Taysa-Barros-MS.jpg?resize=300%2C200&amp;ssl=1 300w\" sizes=\"(max-width: 768px) 100vw, 768px\" \/><\/a><figcaption class=\"wp-element-caption\"><sub>Para fortalecer e dar continuidade ao Programa Nacional de Redu\u00e7\u00e3o das Filas em 2024, foram destinados R$ 1,2 bilh\u00e3o aos estados e ao Distrito Federal &#8211; Foto: Taysa Barros\/MS<\/sub><\/figcaption><\/figure>\n\n\n\n<p>O Governo Federal anunciou que far\u00e1 um mutir\u00e3o nacional para a redu\u00e7\u00e3o de filas de cirurgias eletivas a partir de mar\u00e7o. A iniciativa busca reduzir ainda mais o tempo de espera e garantir mais acesso aos servi\u00e7os de sa\u00fade em todos os estados.<\/p>\n\n\n\n<p>&#8220;O presidente Lula e eu temos o compromisso de reduzir o tempo de espera por cirurgias no Sistema \u00danico de Sa\u00fade (SUS)&#8221;, afirmou a ministra da Sa\u00fade, N\u00edsia Trindade. Nas redes sociais, ela lembrou que, em 2024, 14 milh\u00f5es de cirurgias eletivas foram realizadas no pa\u00eds. &#8220;\u00c9 o maior n\u00famero da hist\u00f3ria do SUS. Ainda h\u00e1 muito a fazer&#8221;.<\/p>\n\n\n\n<ul class=\"wp-block-list\">\n<li><a href=\"https:\/\/whatsapp.com\/channel\/0029VaAT7tDLI8Yfj5y9Z50Z\"><strong><mark style=\"background-color:rgba(0, 0, 0, 0)\" class=\"has-inline-color has-vivid-red-color\">Siga nosso canal no WhatsApp e veja mais not\u00edcias<\/mark><\/strong><\/a><\/li>\n<\/ul>\n\n\n\n<p><\/p>\n\n\n\n<p>Em 2023, o Programa Nacional de Redu\u00e7\u00e3o das Filas contou com vig\u00eancia inicial de um ano e or\u00e7amento de R$ 600 milh\u00f5es, distribu\u00eddos entre os estados com base na popula\u00e7\u00e3o estimada pelo IBGE em 2021. A distribui\u00e7\u00e3o dos recursos considerou as filas existentes e o planejamento estabelecido em Planos Estaduais de Redu\u00e7\u00e3o de Filas, definidos nas Comiss\u00f5es Intergestores Bipartites. Para fortalecer e dar continuidade ao programa em 2024, foram destinados R$ 1,2 bilh\u00e3o aos estados e ao Distrito Federal.<\/p>\n\n\n\n<h4 class=\"wp-block-heading\"><strong><mark style=\"background-color:rgba(0, 0, 0, 0)\" class=\"has-inline-color has-black-color\">Mais especialistas<\/mark><\/strong><\/h4>\n\n\n\n<p>Em 2025, o programa foi incorporado ao Mais Acesso a Especialistas, no componente de cirurgias. O Mais Acesso a Especialistas \u00e9 uma estrat\u00e9gia da Pol\u00edtica Nacional de Aten\u00e7\u00e3o Especializada em Sa\u00fade e tem como objetivo ampliar e qualificar o cuidado e o acesso \u00e0 aten\u00e7\u00e3o especializada em sa\u00fade. O foco \u00e9 tornar o acesso do paciente \u00e0s consultas, exames especializados e, agora, cirurgias, o mais r\u00e1pido poss\u00edvel e com menos burocracia, a partir do encaminhamento realizado pelas equipes de aten\u00e7\u00e3o prim\u00e1ria, por exemplo, a Equipe de Sa\u00fade da Fam\u00edlia.<\/p>\n\n\n\n<h4 class=\"wp-block-heading\"><strong><mark style=\"background-color:rgba(0, 0, 0, 0)\" class=\"has-inline-color has-black-color\">Inova\u00e7\u00f5es<\/mark><\/strong><\/h4>\n\n\n\n<p>O Mais Acesso a Especialistas traz inova\u00e7\u00f5es como a incorpora\u00e7\u00e3o de um modelo de remunera\u00e7\u00e3o baseado no cuidado integral, que prioriza o paciente. Para isso, est\u00e3o sendo investidos R$ 2,4 bilh\u00f5es nas \u00e1reas de oncologia, cardiologia, oftalmologia, otorrinolaringologia e ortopedia. O programa j\u00e1 alcan\u00e7ou ades\u00e3o de 100% dos estados e do Distrito Federal, al\u00e9m de 97,9% dos munic\u00edpios. At\u00e9 o momento, foram enviados 136 planos de a\u00e7\u00e3o regionais, abrangendo 167,9 milh\u00f5es de habitantes.<\/p>\n\n\n\n<h4 class=\"wp-block-heading\"><strong><mark style=\"background-color:rgba(0, 0, 0, 0)\" class=\"has-inline-color has-black-color\">Como funciona<\/mark><\/strong><\/h4>\n\n\n\n<p>O programa depende da ades\u00e3o dos gestores de estados e munic\u00edpios, que devem enviar as respectivas programa\u00e7\u00f5es de cirurgias a serem realizadas, acompanhadas de resolu\u00e7\u00e3o aprovada na Comiss\u00e3o Intergestores Bipartite de cada estado. Todas as programa\u00e7\u00f5es ser\u00e3o analisadas pela Secretaria de Aten\u00e7\u00e3o Especializada \u00e0 Sa\u00fade, que far\u00e1 ou n\u00e3o a aprova\u00e7\u00e3o, considerando os crit\u00e9rios formais previstos na portaria, al\u00e9m de aspectos t\u00e9cnicos em rela\u00e7\u00e3o \u00e0 demanda apresentada e previs\u00e3o de realiza\u00e7\u00e3o de procedimentos.<\/p>\n\n\n\n<p>Em agenda em S\u00e3o Paulo na segunda, 17 de fevereiro, a ministra N\u00edsia Trindade aproveitou para destacar os avan\u00e7os do programa. &#8220;O Mais Acesso a Especialistas \u00e9 efici\u00eancia no servi\u00e7o e, sobretudo, tempo de vida para paciente&#8221;, comentou.<\/p>\n","protected":false},"excerpt":{"rendered":"<p>Ap\u00f3s recorde de 14 milh\u00f5es de cirurgias no Sistema \u00danico de Sa\u00fade (SUS) em 2024, a iniciativa pretende reduzir ainda mais o tempo de espera de pacientes Blog do Eloilton Cajuhy &#8211; BEC O Governo Federal anunciou que far\u00e1 um mutir\u00e3o nacional para a redu\u00e7\u00e3o de filas de cirurgias eletivas a partir de mar\u00e7o. A [&hellip;]<\/p>\n","protected":false},"author":2,"featured_media":85941,"comment_status":"open","ping_status":"open","sticky":false,"template":"","format":"standard","meta":{"_acf_changed":false,"_monsterinsights_skip_tracking":false,"_monsterinsights_sitenote_active":false,"_monsterinsights_sitenote_note":"","_monsterinsights_sitenote_category":0,"_jetpack_memberships_contains_paid_content":false,"footnotes":"","jetpack_publicize_message":"","jetpack_publicize_feature_enabled":true,"jetpack_social_post_already_shared":true,"jetpack_social_options":{"image_generator_settings":{"template":"highway","enabled":false},"version":2}},"categories":[7],"tags":[],"class_list":["post-85940","post","type-post","status-publish","format-standard","has-post-thumbnail","hentry","category-saude"],"acf":[],"jetpack_publicize_connections":[],"jetpack_featured_media_url":"https:\/\/i0.wp.com\/blogdoeloiltoncajuhy.com.br\/site\/wp-content\/uploads\/2025\/02\/Ministra-Nisia-Trindade-Foto_Taysa-Barros-MS.jpg?fit=768%2C512&ssl=1","jetpack_sharing_enabled":true,"publishpress_future_workflow_manual_trigger":{"enabledWorkflows":[]},"_links":{"self":[{"href":"https:\/\/blogdoeloiltoncajuhy.com.br\/site\/wp-json\/wp\/v2\/posts\/85940","targetHints":{"allow":["GET"]}}],"collection":[{"href":"https:\/\/blogdoeloiltoncajuhy.com.br\/site\/wp-json\/wp\/v2\/posts"}],"about":[{"href":"https:\/\/blogdoeloiltoncajuhy.com.br\/site\/wp-json\/wp\/v2\/types\/post"}],"author":[{"embeddable":true,"href":"https:\/\/blogdoeloiltoncajuhy.com.br\/site\/wp-json\/wp\/v2\/users\/2"}],"replies":[{"embeddable":true,"href":"https:\/\/blogdoeloiltoncajuhy.com.br\/site\/wp-json\/wp\/v2\/comments?post=85940"}],"version-history":[{"count":1,"href":"https:\/\/blogdoeloiltoncajuhy.com.br\/site\/wp-json\/wp\/v2\/posts\/85940\/revisions"}],"predecessor-version":[{"id":85942,"href":"https:\/\/blogdoeloiltoncajuhy.com.br\/site\/wp-json\/wp\/v2\/posts\/85940\/revisions\/85942"}],"wp:featuredmedia":[{"embeddable":true,"href":"https:\/\/blogdoeloiltoncajuhy.com.br\/site\/wp-json\/wp\/v2\/media\/85941"}],"wp:attachment":[{"href":"https:\/\/blogdoeloiltoncajuhy.com.br\/site\/wp-json\/wp\/v2\/media?parent=85940"}],"wp:term":[{"taxonomy":"category","embeddable":true,"href":"https:\/\/blogdoeloiltoncajuhy.com.br\/site\/wp-json\/wp\/v2\/categories?post=85940"},{"taxonomy":"post_tag","embeddable":true,"href":"https:\/\/blogdoeloiltoncajuhy.com.br\/site\/wp-json\/wp\/v2\/tags?post=85940"}],"curies":[{"name":"wp","href":"https:\/\/api.w.org\/{rel}","templated":true}]}}