{"id":85903,"date":"2025-02-17T13:49:29","date_gmt":"2025-02-17T16:49:29","guid":{"rendered":"https:\/\/blogdoeloiltoncajuhy.com.br\/site\/?p=85903"},"modified":"2025-02-17T13:49:31","modified_gmt":"2025-02-17T16:49:31","slug":"projeto-pode-tornar-carnaval-de-salvador-um-patrimonio-cultural-do-brasil","status":"publish","type":"post","link":"https:\/\/blogdoeloiltoncajuhy.com.br\/site\/projeto-pode-tornar-carnaval-de-salvador-um-patrimonio-cultural-do-brasil\/","title":{"rendered":"Projeto pode tornar Carnaval de Salvador um patrim\u00f4nio cultural do Brasil"},"content":{"rendered":"\n<p class=\"has-medium-font-size\"><strong>Ao Grupo A TARDE, deputada comentou sobre o seu projeto de lei que reconhece a relev\u00e2ncia do Carnaval de Salvador<\/strong><\/p>\n\n\n\n<p><strong>Por Vinicius Viana e Beatriz Santos\/A Tarde<\/strong><\/p>\n\n\n\n<figure class=\"wp-block-image aligncenter size-full\"><a href=\"https:\/\/i0.wp.com\/blogdoeloiltoncajuhy.com.br\/site\/wp-content\/uploads\/2025\/02\/Carnaval-de-Salvador_Foto_Ulisses-Dumas.png?ssl=1\"><img data-recalc-dims=\"1\" fetchpriority=\"high\" decoding=\"async\" width=\"770\" height=\"500\" src=\"https:\/\/i0.wp.com\/blogdoeloiltoncajuhy.com.br\/site\/wp-content\/uploads\/2025\/02\/Carnaval-de-Salvador_Foto_Ulisses-Dumas.png?resize=770%2C500&#038;ssl=1\" alt=\"\" class=\"wp-image-85904\" srcset=\"https:\/\/i0.wp.com\/blogdoeloiltoncajuhy.com.br\/site\/wp-content\/uploads\/2025\/02\/Carnaval-de-Salvador_Foto_Ulisses-Dumas.png?w=770&amp;ssl=1 770w, https:\/\/i0.wp.com\/blogdoeloiltoncajuhy.com.br\/site\/wp-content\/uploads\/2025\/02\/Carnaval-de-Salvador_Foto_Ulisses-Dumas.png?resize=300%2C195&amp;ssl=1 300w, https:\/\/i0.wp.com\/blogdoeloiltoncajuhy.com.br\/site\/wp-content\/uploads\/2025\/02\/Carnaval-de-Salvador_Foto_Ulisses-Dumas.png?resize=768%2C499&amp;ssl=1 768w\" sizes=\"(max-width: 770px) 100vw, 770px\" \/><\/a><figcaption class=\"wp-element-caption\"><sub>Foto: Ulisses Dumas<\/sub><\/figcaption><\/figure>\n\n\n\n<p>A deputada federal Alice Portugal (PCdoB) marcou presen\u00e7a no bloco Palha\u00e7os do Rio Vermelho, na noite do s\u00e1bado (15). Ao <strong>Grupo A TARDE<\/strong>, a comunista comentou sobre o seu projeto de lei que reconhece a relev\u00e2ncia do Carnaval de Salvador.<\/p>\n\n\n\n<ul class=\"wp-block-list\">\n<li><a href=\"https:\/\/whatsapp.com\/channel\/0029VaAT7tDLI8Yfj5y9Z50Z\"><strong><mark style=\"background-color:rgba(0, 0, 0, 0)\" class=\"has-inline-color has-vivid-red-color\">Siga nosso canal no WhatsApp e veja mais not\u00edcias<\/mark><\/strong><\/a><\/li>\n<\/ul>\n\n\n\n<p><\/p>\n\n\n\n<p>&#8220;Eu entrei com um projeto que j\u00e1 foi aprovado na C\u00e2mara e est\u00e1 no Senado para elevar o Carnaval de Salvador como patrim\u00f4nio cultural brasileiro. \u00c9 uma festa diversa, \u00e9 uma festa multicolorida, multicultural, e os palha\u00e7os abrem com essa \u00eanfase, a \u00eanfase da cultura e da diversidade&#8221;, disse a parlamentar.<\/p>\n\n\n\n<p>Alice tamb\u00e9m falou sobre a import\u00e2ncia do bloco, uma das festas mais aguardadas do pr\u00e9-Carnaval de Salvador. &#8220;Os palha\u00e7os e as palha\u00e7as t\u00eam um papel muito importante. Primeiro, para afirmar o Rio Vermelho como espa\u00e7o cultural da cidade, abrir o Carnaval com fantasias que trazem o l\u00fadico. \u00c9 um espa\u00e7o pac\u00edfico, com crian\u00e7as, com idosos, com todas as tribos. Isso d\u00e1 a dimens\u00e3o da grande festa que \u00e9 o Carnaval&#8221;, afirmou a deputada.<\/p>\n","protected":false},"excerpt":{"rendered":"<p>Ao Grupo A TARDE, deputada comentou sobre o seu projeto de lei que reconhece a relev\u00e2ncia do Carnaval de Salvador Por Vinicius Viana e Beatriz Santos\/A Tarde A deputada federal Alice Portugal (PCdoB) marcou presen\u00e7a no bloco Palha\u00e7os do Rio Vermelho, na noite do s\u00e1bado (15). Ao Grupo A TARDE, a comunista comentou sobre o [&hellip;]<\/p>\n","protected":false},"author":2,"featured_media":85904,"comment_status":"open","ping_status":"open","sticky":false,"template":"","format":"standard","meta":{"_acf_changed":false,"_monsterinsights_skip_tracking":false,"_monsterinsights_sitenote_active":false,"_monsterinsights_sitenote_note":"","_monsterinsights_sitenote_category":0,"_jetpack_memberships_contains_paid_content":false,"footnotes":"","jetpack_publicize_message":"","jetpack_publicize_feature_enabled":true,"jetpack_social_post_already_shared":true,"jetpack_social_options":{"image_generator_settings":{"template":"highway","default_image_id":0,"font":"","enabled":false},"version":2}},"categories":[8],"tags":[],"class_list":["post-85903","post","type-post","status-publish","format-standard","has-post-thumbnail","hentry","category-cultura"],"acf":[],"jetpack_publicize_connections":[],"jetpack_featured_media_url":"https:\/\/i0.wp.com\/blogdoeloiltoncajuhy.com.br\/site\/wp-content\/uploads\/2025\/02\/Carnaval-de-Salvador_Foto_Ulisses-Dumas.png?fit=770%2C500&ssl=1","jetpack_sharing_enabled":true,"publishpress_future_workflow_manual_trigger":{"enabledWorkflows":[]},"_links":{"self":[{"href":"https:\/\/blogdoeloiltoncajuhy.com.br\/site\/wp-json\/wp\/v2\/posts\/85903","targetHints":{"allow":["GET"]}}],"collection":[{"href":"https:\/\/blogdoeloiltoncajuhy.com.br\/site\/wp-json\/wp\/v2\/posts"}],"about":[{"href":"https:\/\/blogdoeloiltoncajuhy.com.br\/site\/wp-json\/wp\/v2\/types\/post"}],"author":[{"embeddable":true,"href":"https:\/\/blogdoeloiltoncajuhy.com.br\/site\/wp-json\/wp\/v2\/users\/2"}],"replies":[{"embeddable":true,"href":"https:\/\/blogdoeloiltoncajuhy.com.br\/site\/wp-json\/wp\/v2\/comments?post=85903"}],"version-history":[{"count":1,"href":"https:\/\/blogdoeloiltoncajuhy.com.br\/site\/wp-json\/wp\/v2\/posts\/85903\/revisions"}],"predecessor-version":[{"id":85905,"href":"https:\/\/blogdoeloiltoncajuhy.com.br\/site\/wp-json\/wp\/v2\/posts\/85903\/revisions\/85905"}],"wp:featuredmedia":[{"embeddable":true,"href":"https:\/\/blogdoeloiltoncajuhy.com.br\/site\/wp-json\/wp\/v2\/media\/85904"}],"wp:attachment":[{"href":"https:\/\/blogdoeloiltoncajuhy.com.br\/site\/wp-json\/wp\/v2\/media?parent=85903"}],"wp:term":[{"taxonomy":"category","embeddable":true,"href":"https:\/\/blogdoeloiltoncajuhy.com.br\/site\/wp-json\/wp\/v2\/categories?post=85903"},{"taxonomy":"post_tag","embeddable":true,"href":"https:\/\/blogdoeloiltoncajuhy.com.br\/site\/wp-json\/wp\/v2\/tags?post=85903"}],"curies":[{"name":"wp","href":"https:\/\/api.w.org\/{rel}","templated":true}]}}