{"id":85900,"date":"2025-02-17T13:31:50","date_gmt":"2025-02-17T16:31:50","guid":{"rendered":"https:\/\/blogdoeloiltoncajuhy.com.br\/site\/?p=85900"},"modified":"2025-02-17T13:31:52","modified_gmt":"2025-02-17T16:31:52","slug":"andre-brito-o-chef-bonfinense-que-trouxe-o-sertao-para-a-mesa","status":"publish","type":"post","link":"https:\/\/blogdoeloiltoncajuhy.com.br\/site\/andre-brito-o-chef-bonfinense-que-trouxe-o-sertao-para-a-mesa\/","title":{"rendered":"Andr\u00e9 Brito: O chef bonfinense que trouxe o sert\u00e3o para a mesa"},"content":{"rendered":"\n<p class=\"has-medium-font-size\"><strong>Culin\u00e1ria aut\u00eantica: a hist\u00f3ria do chef Andr\u00e9 Brito<\/strong><\/p>\n\n\n\n<p><strong>Por Blog do Eloilton Cajuhy \u2013 BEC<\/strong><\/p>\n\n\n\n<figure class=\"wp-block-image aligncenter size-full\"><a href=\"https:\/\/i0.wp.com\/blogdoeloiltoncajuhy.com.br\/site\/wp-content\/uploads\/2025\/02\/MC_Andre-Brito.png?ssl=1\"><img data-recalc-dims=\"1\" fetchpriority=\"high\" decoding=\"async\" width=\"525\" height=\"531\" src=\"https:\/\/i0.wp.com\/blogdoeloiltoncajuhy.com.br\/site\/wp-content\/uploads\/2025\/02\/MC_Andre-Brito.png?resize=525%2C531&#038;ssl=1\" alt=\"\" class=\"wp-image-85901\" srcset=\"https:\/\/i0.wp.com\/blogdoeloiltoncajuhy.com.br\/site\/wp-content\/uploads\/2025\/02\/MC_Andre-Brito.png?w=525&amp;ssl=1 525w, https:\/\/i0.wp.com\/blogdoeloiltoncajuhy.com.br\/site\/wp-content\/uploads\/2025\/02\/MC_Andre-Brito.png?resize=297%2C300&amp;ssl=1 297w\" sizes=\"(max-width: 525px) 100vw, 525px\" \/><\/a><figcaption class=\"wp-element-caption\"><sub>A arte de unir tradi\u00e7\u00e3o e inova\u00e7\u00e3o: o chef Andr\u00e9 Brito<\/sub><\/figcaption><\/figure>\n\n\n\n<p>Nascido na Rua Irec\u00ea, em Senhor do Bonfim, a trajet\u00f3ria de Andr\u00e9 Luiz de Santana Brito sempre esteve ligada \u00e0 culin\u00e1ria do Sert\u00e3o da Bahia e \u00e0s refer\u00eancias familiares.<\/p>\n\n\n\n<p>A paix\u00e3o pela gastronomia come\u00e7ou quando se mudou para Salvador e precisou cozinhar sua pr\u00f3pria comida. Em um determinado dia, sentiu vontade de saborear o feij\u00e3o preparado por sua m\u00e3e. Ao ligar para ela e anotar a receita, comprou os ingredientes e conseguiu reproduzir o prato com sucesso.<\/p>\n\n\n\n<p>Esse momento despertou nele o interesse pelo universo da culin\u00e1ria e, ao ingressar na faculdade de Gastronomia, descobriu um mundo de possibilidades. Especializou-se na aplica\u00e7\u00e3o de t\u00e9cnicas gastron\u00f4micas a ingredientes t\u00edpicos do Sert\u00e3o, explorando sabores como charque de bode, caviar de maracuj\u00e1 do mato e farofa de licuri. Al\u00e9m disso, passou a criar fus\u00f5es entre o Sert\u00e3o e o Litoral, como o Bai\u00e3o de Dois ao Litoral, inspirado na releitura do chef C\u00e9sar Santos, de Olinda (PE).<\/p>\n\n\n\n<p>Atualmente, atua como Personal Chef\/Chef em Casa, preparando refei\u00e7\u00f5es personalizadas para clientes em domic\u00edlio e outros eventos, como jantares, anivers\u00e1rios, casamentos e comemora\u00e7\u00f5es especiais. Seu trabalho \u00e9 marcado pela valoriza\u00e7\u00e3o dos sabores aut\u00eanticos da culin\u00e1ria nordestina, sempre buscando unir tradi\u00e7\u00e3o e inova\u00e7\u00e3o em cada prato.<\/p>\n\n\n\n<ul class=\"wp-block-list\">\n<li><a href=\"https:\/\/whatsapp.com\/channel\/0029VaAT7tDLI8Yfj5y9Z50Z\"><strong><mark style=\"background-color:rgba(0, 0, 0, 0)\" class=\"has-inline-color has-vivid-red-color\">Siga nosso canal no WhatsApp e veja mais not\u00edcias<\/mark><\/strong><\/a><\/li>\n<\/ul>\n","protected":false},"excerpt":{"rendered":"<p>Culin\u00e1ria aut\u00eantica: a hist\u00f3ria do chef Andr\u00e9 Brito Por Blog do Eloilton Cajuhy \u2013 BEC Nascido na Rua Irec\u00ea, em Senhor do Bonfim, a trajet\u00f3ria de Andr\u00e9 Luiz de Santana Brito sempre esteve ligada \u00e0 culin\u00e1ria do Sert\u00e3o da Bahia e \u00e0s refer\u00eancias familiares. A paix\u00e3o pela gastronomia come\u00e7ou quando se mudou para Salvador e [&hellip;]<\/p>\n","protected":false},"author":2,"featured_media":85901,"comment_status":"open","ping_status":"open","sticky":false,"template":"","format":"standard","meta":{"_acf_changed":false,"_monsterinsights_skip_tracking":false,"_monsterinsights_sitenote_active":false,"_monsterinsights_sitenote_note":"","_monsterinsights_sitenote_category":0,"_jetpack_memberships_contains_paid_content":false,"footnotes":"","jetpack_publicize_message":"","jetpack_publicize_feature_enabled":true,"jetpack_social_post_already_shared":false,"jetpack_social_options":{"image_generator_settings":{"template":"highway","enabled":false},"version":2}},"categories":[4],"tags":[],"class_list":["post-85900","post","type-post","status-publish","format-standard","has-post-thumbnail","hentry","category-local"],"acf":[],"jetpack_publicize_connections":[],"jetpack_featured_media_url":"https:\/\/i0.wp.com\/blogdoeloiltoncajuhy.com.br\/site\/wp-content\/uploads\/2025\/02\/MC_Andre-Brito.png?fit=525%2C531&ssl=1","jetpack_sharing_enabled":true,"publishpress_future_workflow_manual_trigger":{"enabledWorkflows":[]},"_links":{"self":[{"href":"https:\/\/blogdoeloiltoncajuhy.com.br\/site\/wp-json\/wp\/v2\/posts\/85900","targetHints":{"allow":["GET"]}}],"collection":[{"href":"https:\/\/blogdoeloiltoncajuhy.com.br\/site\/wp-json\/wp\/v2\/posts"}],"about":[{"href":"https:\/\/blogdoeloiltoncajuhy.com.br\/site\/wp-json\/wp\/v2\/types\/post"}],"author":[{"embeddable":true,"href":"https:\/\/blogdoeloiltoncajuhy.com.br\/site\/wp-json\/wp\/v2\/users\/2"}],"replies":[{"embeddable":true,"href":"https:\/\/blogdoeloiltoncajuhy.com.br\/site\/wp-json\/wp\/v2\/comments?post=85900"}],"version-history":[{"count":1,"href":"https:\/\/blogdoeloiltoncajuhy.com.br\/site\/wp-json\/wp\/v2\/posts\/85900\/revisions"}],"predecessor-version":[{"id":85902,"href":"https:\/\/blogdoeloiltoncajuhy.com.br\/site\/wp-json\/wp\/v2\/posts\/85900\/revisions\/85902"}],"wp:featuredmedia":[{"embeddable":true,"href":"https:\/\/blogdoeloiltoncajuhy.com.br\/site\/wp-json\/wp\/v2\/media\/85901"}],"wp:attachment":[{"href":"https:\/\/blogdoeloiltoncajuhy.com.br\/site\/wp-json\/wp\/v2\/media?parent=85900"}],"wp:term":[{"taxonomy":"category","embeddable":true,"href":"https:\/\/blogdoeloiltoncajuhy.com.br\/site\/wp-json\/wp\/v2\/categories?post=85900"},{"taxonomy":"post_tag","embeddable":true,"href":"https:\/\/blogdoeloiltoncajuhy.com.br\/site\/wp-json\/wp\/v2\/tags?post=85900"}],"curies":[{"name":"wp","href":"https:\/\/api.w.org\/{rel}","templated":true}]}}