{"id":85898,"date":"2025-02-17T09:20:02","date_gmt":"2025-02-17T12:20:02","guid":{"rendered":"https:\/\/blogdoeloiltoncajuhy.com.br\/site\/?p=85898"},"modified":"2025-02-17T09:20:04","modified_gmt":"2025-02-17T12:20:04","slug":"caixa-libera-abono-do-pis-pasep-para-nascidos-em-janeiro","status":"publish","type":"post","link":"https:\/\/blogdoeloiltoncajuhy.com.br\/site\/caixa-libera-abono-do-pis-pasep-para-nascidos-em-janeiro\/","title":{"rendered":"Caixa libera abono do PIS\/Pasep para nascidos em janeiro"},"content":{"rendered":"\n<p class=\"has-medium-font-size\"><strong>Calend\u00e1rio de pagamento segue m\u00eas de nascimento<\/strong><\/p>\n\n\n\n<p><strong>Wellton M\u00e1ximo\/Ag\u00eancia Brasil<\/strong><\/p>\n\n\n\n<figure class=\"wp-block-image aligncenter size-full\"><a href=\"https:\/\/i0.wp.com\/blogdoeloiltoncajuhy.com.br\/site\/wp-content\/uploads\/2024\/11\/Dinheiro-real-economia-salario-minimo-dividas-%E2%80%94-Foto-Natalia-Filippin-g1.png\"><img data-recalc-dims=\"1\" fetchpriority=\"high\" decoding=\"async\" width=\"740\" height=\"557\" src=\"https:\/\/i0.wp.com\/blogdoeloiltoncajuhy.com.br\/site\/wp-content\/uploads\/2024\/11\/Dinheiro-real-economia-salario-minimo-dividas-%E2%80%94-Foto-Natalia-Filippin-g1.png?resize=740%2C557\" alt=\"\" class=\"wp-image-84094\" srcset=\"https:\/\/i0.wp.com\/blogdoeloiltoncajuhy.com.br\/site\/wp-content\/uploads\/2024\/11\/Dinheiro-real-economia-salario-minimo-dividas-%E2%80%94-Foto-Natalia-Filippin-g1.png?w=740&amp;ssl=1 740w, https:\/\/i0.wp.com\/blogdoeloiltoncajuhy.com.br\/site\/wp-content\/uploads\/2024\/11\/Dinheiro-real-economia-salario-minimo-dividas-%E2%80%94-Foto-Natalia-Filippin-g1.png?resize=300%2C226&amp;ssl=1 300w\" sizes=\"(max-width: 740px) 100vw, 740px\" \/><\/a><figcaption class=\"wp-element-caption\"><sub>Foto: Natalia Filippin\/g1<\/sub><\/figcaption><\/figure>\n\n\n\n<p>Cerca de 1,8 milh\u00e3o de trabalhadores com carteira assinada nascidos em janeiro podem sacar, a partir desta segunda-feira (17), o valor do abono salarial do Programa de Integra\u00e7\u00e3o Social (PIS) e do Programa de Forma\u00e7\u00e3o do Patrim\u00f4nio do Servidor P\u00fablico (Pasep) em 2025 (ano-base 2023). A quantia est\u00e1 dispon\u00edvel no aplicativo da Carteira de Trabalho Digital e no Portal Gov.br.<\/p>\n\n\n\n<p>Ao todo, a Caixa Econ\u00f4mica Federal vai liberar R$ 2,1 bilh\u00f5es neste m\u00eas. Aprovado no fim do ano passado, o calend\u00e1rio de libera\u00e7\u00f5es segue o m\u00eas de nascimento do trabalhador. Os pagamentos ocorrem de 17 de fevereiro a 15 de agosto.<\/p>\n\n\n\n<ul class=\"wp-block-list\">\n<li><a href=\"https:\/\/whatsapp.com\/channel\/0029VaAT7tDLI8Yfj5y9Z50Z\"><strong><mark style=\"background-color:rgba(0, 0, 0, 0)\" class=\"has-inline-color has-vivid-red-color\">Siga nosso canal no WhatsApp e veja mais not\u00edcias<\/mark><\/strong><\/a><\/li>\n<\/ul>\n\n\n\n<p><\/p>\n\n\n\n<p>Neste ano, R$ 30,7 bilh\u00f5es poder\u00e3o ser sacados. Segundo o Conselho Deliberativo do Fundo de Amparo ao Trabalhador (Codefat), o abono salarial de 2025 ser\u00e1 pago a 25,8 milh\u00f5es de trabalhadores em todo o pa\u00eds. Desse total, cerca de 22 milh\u00f5es que trabalham na iniciativa privada receber\u00e3o o PIS e 3,8 milh\u00f5es de servidores p\u00fablicos, empregados de estatais e militares t\u00eam direito ao Pasep.<\/p>\n\n\n\n<p>O PIS \u00e9 pago pela Caixa Econ\u00f4mica Federal e o Pasep, pelo Banco do Brasil. Como ocorre tradicionalmente, os pagamentos ser\u00e3o divididos em seis lotes, baseados no m\u00eas de nascimento. O saque come\u00e7ar\u00e1 nas datas de libera\u00e7\u00e3o dos lotes e acabar\u00e1 em 29 de dezembro de 2025. Ap\u00f3s esse prazo, ser\u00e1 necess\u00e1rio aguardar convoca\u00e7\u00e3o especial do Minist\u00e9rio do Trabalho.<\/p>\n\n\n\n<p class=\"has-text-align-center has-black-color has-text-color has-link-color wp-elements-0b59758bd16a524e8ebd483e213df380\"><strong>Calend\u00e1rio de pagamento<\/strong><\/p>\n\n\n\n<figure class=\"wp-block-table\"><table class=\"has-fixed-layout\"><tbody><tr><td><strong><mark style=\"background-color:rgba(0, 0, 0, 0)\" class=\"has-inline-color has-black-color\">Nascidos em<\/mark><\/strong><\/td><td><strong><mark style=\"background-color:rgba(0, 0, 0, 0)\" class=\"has-inline-color has-black-color\">Recebem a partir de<\/mark><\/strong><\/td><\/tr><tr><td>Janeiro<\/td><td>17 de fevereiro<\/td><\/tr><tr><td>Fevereiro<\/td><td>17 de mar\u00e7o<\/td><\/tr><tr><td>Mar\u00e7o e Abril<\/td><td>15 de abril<\/td><\/tr><tr><td>Maio e Junho<\/td><td>15 de maio<\/td><\/tr><tr><td>Julho e Agosto<\/td><td>16 de junho<\/td><\/tr><tr><td>Setembro e Outubro<\/td><td>15 de julho<\/td><\/tr><tr><td>Novembro e Dezembro<\/td><td>15 de agosto<\/td><\/tr><\/tbody><\/table><\/figure>\n\n\n\n<h4 class=\"wp-block-heading\"><strong><mark style=\"background-color:rgba(0, 0, 0, 0)\" class=\"has-inline-color has-black-color\">Quem tem direito<\/mark><\/strong><\/h4>\n\n\n\n<p>Tem direito ao benef\u00edcio o trabalhador inscrito no PIS\/Pasep h\u00e1 pelo menos cinco anos e que tenha trabalhado formalmente por, no m\u00ednimo, 30 dias no ano-base considerado para a apura\u00e7\u00e3o, com remunera\u00e7\u00e3o mensal m\u00e9dia de at\u00e9 dois sal\u00e1rios m\u00ednimos. Tamb\u00e9m \u00e9 necess\u00e1rio que os dados tenham sido informados corretamente pelo empregador na Rela\u00e7\u00e3o Anual de Informa\u00e7\u00f5es Sociais (Rais).<\/p>\n\n\n\n<p>O valor do abono \u00e9 proporcional ao per\u00edodo em que o empregado trabalhou com carteira assinada em 2023. Cada m\u00eas trabalhado equivale a um benef\u00edcio de R$ 126,50, com per\u00edodos iguais ou superiores a 15 dias contados como m\u00eas cheio. Quem trabalhou 12 meses com carteira assinada receber\u00e1 o sal\u00e1rio m\u00ednimo cheio, de R$ 1.518.<\/p>\n\n\n\n<h4 class=\"wp-block-heading\"><strong><mark style=\"background-color:rgba(0, 0, 0, 0)\" class=\"has-inline-color has-black-color\">Pagamento<\/mark><\/strong><\/h4>\n\n\n\n<p>Trabalhadores da iniciativa privada com conta corrente ou poupan\u00e7a na Caixa receber\u00e3o o cr\u00e9dito automaticamente no banco, de acordo com o m\u00eas de seu nascimento.<\/p>\n\n\n\n<p>Os demais benefici\u00e1rios receber\u00e3o os valores por meio da poupan\u00e7a social digital, que pode ser movimentada pelo aplicativo Caixa Tem. Caso n\u00e3o seja poss\u00edvel a abertura da conta digital, o saque poder\u00e1 ser feito com o Cart\u00e3o do Cidad\u00e3o e senha nos terminais de autoatendimento, unidades lot\u00e9ricas, Caixa Aqui ou ag\u00eancias, tamb\u00e9m de acordo com o calend\u00e1rio de pagamento escalonado por m\u00eas de nascimento.<\/p>\n\n\n\n<p>O pagamento do abono do Pasep ocorre por meio de cr\u00e9dito em conta para quem \u00e9 correntista ou tem poupan\u00e7a no Banco do Brasil. O trabalhador que n\u00e3o \u00e9 correntista do BB pode fazer a transfer\u00eancia por TED para conta de sua titularidade em terminais de autoatendimento, no portal www.bb.com.br\/pasep ou no guich\u00ea de caixa das ag\u00eancias, mediante apresenta\u00e7\u00e3o de documento oficial de identidade.<\/p>\n\n\n\n<p>At\u00e9 2020, o abono salarial do ano anterior era pago de julho do ano corrente a junho do ano seguinte. No in\u00edcio de 2021, o Codefat atendeu recomenda\u00e7\u00e3o da Controladoria-Geral da Uni\u00e3o (CGU) e passou a depositar o dinheiro somente dois anos ap\u00f3s o trabalho com carteira assinada.<\/p>\n","protected":false},"excerpt":{"rendered":"<p>Calend\u00e1rio de pagamento segue m\u00eas de nascimento Wellton M\u00e1ximo\/Ag\u00eancia Brasil Cerca de 1,8 milh\u00e3o de trabalhadores com carteira assinada nascidos em janeiro podem sacar, a partir desta segunda-feira (17), o valor do abono salarial do Programa de Integra\u00e7\u00e3o Social (PIS) e do Programa de Forma\u00e7\u00e3o do Patrim\u00f4nio do Servidor P\u00fablico (Pasep) em 2025 (ano-base 2023). [&hellip;]<\/p>\n","protected":false},"author":2,"featured_media":72215,"comment_status":"open","ping_status":"open","sticky":false,"template":"","format":"standard","meta":{"_acf_changed":false,"_monsterinsights_skip_tracking":false,"_monsterinsights_sitenote_active":false,"_monsterinsights_sitenote_note":"","_monsterinsights_sitenote_category":0,"_jetpack_memberships_contains_paid_content":false,"footnotes":"","jetpack_publicize_message":"","jetpack_publicize_feature_enabled":true,"jetpack_social_post_already_shared":true,"jetpack_social_options":{"image_generator_settings":{"template":"highway","default_image_id":0,"font":"","enabled":false},"version":2}},"categories":[31],"tags":[],"class_list":["post-85898","post","type-post","status-publish","format-standard","has-post-thumbnail","hentry","category-economia"],"acf":[],"jetpack_publicize_connections":[],"jetpack_featured_media_url":"https:\/\/i0.wp.com\/blogdoeloiltoncajuhy.com.br\/site\/wp-content\/uploads\/2023\/02\/Dinheiro-salario-economia-Foto_Thomson-Reuters.jpg?fit=768%2C512&ssl=1","jetpack_sharing_enabled":true,"publishpress_future_workflow_manual_trigger":{"enabledWorkflows":[]},"_links":{"self":[{"href":"https:\/\/blogdoeloiltoncajuhy.com.br\/site\/wp-json\/wp\/v2\/posts\/85898","targetHints":{"allow":["GET"]}}],"collection":[{"href":"https:\/\/blogdoeloiltoncajuhy.com.br\/site\/wp-json\/wp\/v2\/posts"}],"about":[{"href":"https:\/\/blogdoeloiltoncajuhy.com.br\/site\/wp-json\/wp\/v2\/types\/post"}],"author":[{"embeddable":true,"href":"https:\/\/blogdoeloiltoncajuhy.com.br\/site\/wp-json\/wp\/v2\/users\/2"}],"replies":[{"embeddable":true,"href":"https:\/\/blogdoeloiltoncajuhy.com.br\/site\/wp-json\/wp\/v2\/comments?post=85898"}],"version-history":[{"count":1,"href":"https:\/\/blogdoeloiltoncajuhy.com.br\/site\/wp-json\/wp\/v2\/posts\/85898\/revisions"}],"predecessor-version":[{"id":85899,"href":"https:\/\/blogdoeloiltoncajuhy.com.br\/site\/wp-json\/wp\/v2\/posts\/85898\/revisions\/85899"}],"wp:featuredmedia":[{"embeddable":true,"href":"https:\/\/blogdoeloiltoncajuhy.com.br\/site\/wp-json\/wp\/v2\/media\/72215"}],"wp:attachment":[{"href":"https:\/\/blogdoeloiltoncajuhy.com.br\/site\/wp-json\/wp\/v2\/media?parent=85898"}],"wp:term":[{"taxonomy":"category","embeddable":true,"href":"https:\/\/blogdoeloiltoncajuhy.com.br\/site\/wp-json\/wp\/v2\/categories?post=85898"},{"taxonomy":"post_tag","embeddable":true,"href":"https:\/\/blogdoeloiltoncajuhy.com.br\/site\/wp-json\/wp\/v2\/tags?post=85898"}],"curies":[{"name":"wp","href":"https:\/\/api.w.org\/{rel}","templated":true}]}}