{"id":85880,"date":"2025-02-14T17:08:43","date_gmt":"2025-02-14T20:08:43","guid":{"rendered":"https:\/\/blogdoeloiltoncajuhy.com.br\/site\/?p=85880"},"modified":"2025-02-14T17:08:45","modified_gmt":"2025-02-14T20:08:45","slug":"bolsonaro-pode-ser-condenado-a-28-anos-de-prisao-denuncia-esta-pronta","status":"publish","type":"post","link":"https:\/\/blogdoeloiltoncajuhy.com.br\/site\/bolsonaro-pode-ser-condenado-a-28-anos-de-prisao-denuncia-esta-pronta\/","title":{"rendered":"Bolsonaro pode ser condenado a 28 anos de pris\u00e3o; den\u00fancia est\u00e1 pronta"},"content":{"rendered":"\n<p class=\"has-medium-font-size\"><strong>Paulo Gonet afirmou que pe\u00e7a est\u00e1 praticamente pronta para ser apresentada<\/strong><\/p>\n\n\n\n<p><strong>Por A Tarde<\/strong><\/p>\n\n\n\n<figure class=\"wp-block-image aligncenter size-full\"><a href=\"https:\/\/i0.wp.com\/blogdoeloiltoncajuhy.com.br\/site\/wp-content\/uploads\/2025\/02\/Bolsonaro-foi-indiciado-pela-PF-em-tres-artigos-de-diferentes-leis-Foto_Evaristo-Sa-AFP.jpeg?ssl=1\"><img data-recalc-dims=\"1\" fetchpriority=\"high\" decoding=\"async\" width=\"740\" height=\"416\" src=\"https:\/\/i0.wp.com\/blogdoeloiltoncajuhy.com.br\/site\/wp-content\/uploads\/2025\/02\/Bolsonaro-foi-indiciado-pela-PF-em-tres-artigos-de-diferentes-leis-Foto_Evaristo-Sa-AFP.jpeg?resize=740%2C416&#038;ssl=1\" alt=\"\" class=\"wp-image-85881\" srcset=\"https:\/\/i0.wp.com\/blogdoeloiltoncajuhy.com.br\/site\/wp-content\/uploads\/2025\/02\/Bolsonaro-foi-indiciado-pela-PF-em-tres-artigos-de-diferentes-leis-Foto_Evaristo-Sa-AFP.jpeg?w=740&amp;ssl=1 740w, https:\/\/i0.wp.com\/blogdoeloiltoncajuhy.com.br\/site\/wp-content\/uploads\/2025\/02\/Bolsonaro-foi-indiciado-pela-PF-em-tres-artigos-de-diferentes-leis-Foto_Evaristo-Sa-AFP.jpeg?resize=300%2C169&amp;ssl=1 300w\" sizes=\"(max-width: 740px) 100vw, 740px\" \/><\/a><figcaption class=\"wp-element-caption\"><sub>Foto: Evaristo S\u00e1 | AFP<\/sub><\/figcaption><\/figure>\n\n\n\n<p>O procurador-geral da Rep\u00fablica, Paulo Gonet, deve apresentar a den\u00fancia contra o ex-presidente Jair Bolsonaro (PL) antes do Carnaval. Segundo interlocutores, ele indicou nesta semana que a pe\u00e7a est\u00e1 praticamente conclu\u00edda e pronta para ser oficializada. Se forem aplicadas as penas m\u00e1ximas para os crimes apontados pela Pol\u00edcia Federal, Bolsonaro pode ser condenado a at\u00e9 28 anos de pris\u00e3o.<\/p>\n\n\n\n<p>A acusa\u00e7\u00e3o inicial deve focar na suposta lideran\u00e7a de Bolsonaro em uma organiza\u00e7\u00e3o criminosa que tentou dar um golpe de Estado no pa\u00eds. J\u00e1 as investiga\u00e7\u00f5es sobre desvio de joias e fraude em cart\u00f5es de vacina ficariam para um segundo momento, conforme informa\u00e7\u00f5es da <strong>colunista M\u00f4nica Bergamo, da Folha de S.Paulo<\/strong>.<\/p>\n\n\n\n<h4 class=\"wp-block-heading\"><strong><mark style=\"background-color:rgba(0, 0, 0, 0)\" class=\"has-inline-color has-black-color\">Crimes<\/mark><\/strong><\/h4>\n\n\n\n<p>Bolsonaro foi indiciado pela PF em tr\u00eas artigos de diferentes leis. O primeiro foi o artigo 2\u00ba da Lei 12.850. Ele pune com tr\u00eas a oito anos de pris\u00e3o o cidad\u00e3o que \u201cpromover, constituir, financiar ou integrar, pessoalmente ou por interposta pessoa, organiza\u00e7\u00e3o criminosa\u201d.<\/p>\n\n\n\n<p>O segundo foi o artigo 359-L do C\u00f3digo Penal, que prev\u00ea de quatro a oito anos de pris\u00e3o para quem &#8220;tentar, com emprego de viol\u00eancia ou grave amea\u00e7a, abolir o Estado Democr\u00e1tico de Direito, impedindo ou restringindo o exerc\u00edcio dos poderes constitucionais&#8221;.<\/p>\n\n\n\n<p>E tamb\u00e9m no artigo 359-M, que prev\u00ea entre quatro e 12 anos de pris\u00e3o para quem \u201ctentar depor, por meio de viol\u00eancia ou grave amea\u00e7a, o governo legitimamente constitu\u00eddo\u201d.<\/p>\n\n\n\n<ul class=\"wp-block-list\">\n<li><a href=\"https:\/\/whatsapp.com\/channel\/0029VaAT7tDLI8Yfj5y9Z50Z\"><strong><mark style=\"background-color:rgba(0, 0, 0, 0)\" class=\"has-inline-color has-vivid-red-color\">Siga nosso canal no WhatsApp e veja mais not\u00edcias<\/mark><\/strong><\/a><\/li>\n<\/ul>\n","protected":false},"excerpt":{"rendered":"<p>Paulo Gonet afirmou que pe\u00e7a est\u00e1 praticamente pronta para ser apresentada Por A Tarde O procurador-geral da Rep\u00fablica, Paulo Gonet, deve apresentar a den\u00fancia contra o ex-presidente Jair Bolsonaro (PL) antes do Carnaval. Segundo interlocutores, ele indicou nesta semana que a pe\u00e7a est\u00e1 praticamente conclu\u00edda e pronta para ser oficializada. Se forem aplicadas as penas [&hellip;]<\/p>\n","protected":false},"author":2,"featured_media":85881,"comment_status":"open","ping_status":"open","sticky":false,"template":"","format":"standard","meta":{"_acf_changed":false,"_monsterinsights_skip_tracking":false,"_monsterinsights_sitenote_active":false,"_monsterinsights_sitenote_note":"","_monsterinsights_sitenote_category":0,"_jetpack_memberships_contains_paid_content":false,"footnotes":"","jetpack_publicize_message":"","jetpack_publicize_feature_enabled":true,"jetpack_social_post_already_shared":true,"jetpack_social_options":{"image_generator_settings":{"template":"highway","default_image_id":0,"font":"","enabled":false},"version":2}},"categories":[3],"tags":[],"class_list":["post-85880","post","type-post","status-publish","format-standard","has-post-thumbnail","hentry","category-politica"],"acf":[],"jetpack_publicize_connections":[],"jetpack_featured_media_url":"https:\/\/i0.wp.com\/blogdoeloiltoncajuhy.com.br\/site\/wp-content\/uploads\/2025\/02\/Bolsonaro-foi-indiciado-pela-PF-em-tres-artigos-de-diferentes-leis-Foto_Evaristo-Sa-AFP.jpeg?fit=740%2C416&ssl=1","jetpack_sharing_enabled":true,"publishpress_future_workflow_manual_trigger":{"enabledWorkflows":[]},"_links":{"self":[{"href":"https:\/\/blogdoeloiltoncajuhy.com.br\/site\/wp-json\/wp\/v2\/posts\/85880","targetHints":{"allow":["GET"]}}],"collection":[{"href":"https:\/\/blogdoeloiltoncajuhy.com.br\/site\/wp-json\/wp\/v2\/posts"}],"about":[{"href":"https:\/\/blogdoeloiltoncajuhy.com.br\/site\/wp-json\/wp\/v2\/types\/post"}],"author":[{"embeddable":true,"href":"https:\/\/blogdoeloiltoncajuhy.com.br\/site\/wp-json\/wp\/v2\/users\/2"}],"replies":[{"embeddable":true,"href":"https:\/\/blogdoeloiltoncajuhy.com.br\/site\/wp-json\/wp\/v2\/comments?post=85880"}],"version-history":[{"count":1,"href":"https:\/\/blogdoeloiltoncajuhy.com.br\/site\/wp-json\/wp\/v2\/posts\/85880\/revisions"}],"predecessor-version":[{"id":85882,"href":"https:\/\/blogdoeloiltoncajuhy.com.br\/site\/wp-json\/wp\/v2\/posts\/85880\/revisions\/85882"}],"wp:featuredmedia":[{"embeddable":true,"href":"https:\/\/blogdoeloiltoncajuhy.com.br\/site\/wp-json\/wp\/v2\/media\/85881"}],"wp:attachment":[{"href":"https:\/\/blogdoeloiltoncajuhy.com.br\/site\/wp-json\/wp\/v2\/media?parent=85880"}],"wp:term":[{"taxonomy":"category","embeddable":true,"href":"https:\/\/blogdoeloiltoncajuhy.com.br\/site\/wp-json\/wp\/v2\/categories?post=85880"},{"taxonomy":"post_tag","embeddable":true,"href":"https:\/\/blogdoeloiltoncajuhy.com.br\/site\/wp-json\/wp\/v2\/tags?post=85880"}],"curies":[{"name":"wp","href":"https:\/\/api.w.org\/{rel}","templated":true}]}}