{"id":85866,"date":"2025-02-14T08:13:57","date_gmt":"2025-02-14T11:13:57","guid":{"rendered":"https:\/\/blogdoeloiltoncajuhy.com.br\/site\/?p=85866"},"modified":"2025-02-14T08:13:58","modified_gmt":"2025-02-14T11:13:58","slug":"farmacia-popular-tera-100-de-gratuidade-em-41-remedios-e-itens-anuncia-ministerio","status":"publish","type":"post","link":"https:\/\/blogdoeloiltoncajuhy.com.br\/site\/farmacia-popular-tera-100-de-gratuidade-em-41-remedios-e-itens-anuncia-ministerio\/","title":{"rendered":"Farm\u00e1cia Popular ter\u00e1 100% de gratuidade em 41 rem\u00e9dios e itens, anuncia minist\u00e9rio"},"content":{"rendered":"\n<p class=\"has-medium-font-size\"><strong>Estar\u00e3o dispon\u00edveis medicamentos como o Dapagliflozina, que trata diabetes em casos ligados a doen\u00e7as cardiovasculares, e itens como fraldas geri\u00e1tricas. Conforme o \u00f3rg\u00e3o, 1 milh\u00e3o de pessoas ser\u00e3o beneficiadas de imediato pela amplia\u00e7\u00e3o<\/strong><\/p>\n\n\n\n<p><strong>Por Rayane Macedo*, g1<\/strong> \u2014 S\u00e3o Paulo<\/p>\n\n\n\n<figure class=\"wp-block-image aligncenter size-full\"><a href=\"https:\/\/i0.wp.com\/blogdoeloiltoncajuhy.com.br\/site\/wp-content\/uploads\/2024\/07\/GOVFED_Farmacia-Popular-Reproducao.jpg\"><img data-recalc-dims=\"1\" fetchpriority=\"high\" decoding=\"async\" width=\"760\" height=\"507\" src=\"https:\/\/i0.wp.com\/blogdoeloiltoncajuhy.com.br\/site\/wp-content\/uploads\/2024\/07\/GOVFED_Farmacia-Popular-Reproducao.jpg?resize=760%2C507\" alt=\"\" class=\"wp-image-81751\" srcset=\"https:\/\/i0.wp.com\/blogdoeloiltoncajuhy.com.br\/site\/wp-content\/uploads\/2024\/07\/GOVFED_Farmacia-Popular-Reproducao.jpg?w=760&amp;ssl=1 760w, https:\/\/i0.wp.com\/blogdoeloiltoncajuhy.com.br\/site\/wp-content\/uploads\/2024\/07\/GOVFED_Farmacia-Popular-Reproducao.jpg?resize=300%2C200&amp;ssl=1 300w\" sizes=\"(max-width: 760px) 100vw, 760px\" \/><\/a><figcaption class=\"wp-element-caption\"><sub>Foto: Reprodu\u00e7\u00e3o<\/sub><\/figcaption><\/figure>\n\n\n\n<p>O Minist\u00e9rio da Sa\u00fade anunciou nesta quinta-feira (13) a amplia\u00e7\u00e3o da gratuidade sobre medicamentos e itens distribu\u00eddos pelo Farm\u00e1cia Popular. Antes da medida, 39 produtos j\u00e1 eram oferecidos sem custos para a popula\u00e7\u00e3o. Agora, o n\u00famero foi ampliado para 41 \u2014 que \u00e9 o total de insumos oferecidos pelo programa.<\/p>\n\n\n\n<p>Os dois novos produtos que v\u00e3o ser distribu\u00eddos gratuitamente s\u00e3o:<\/p>\n\n\n\n<ul class=\"wp-block-list\">\n<li><strong><mark style=\"background-color:rgba(0, 0, 0, 0)\" class=\"has-inline-color has-black-color\">Dapagliflozina<\/mark><\/strong>, rem\u00e9dio utilizado para o tratamento de diabetes em casos ligados a doen\u00e7as cardiovasculares.<\/li>\n\n\n\n<li><strong><mark style=\"background-color:rgba(0, 0, 0, 0)\" class=\"has-inline-color has-black-color\">Fraldas geri\u00e1tricas<\/mark><\/strong> (apenas o p\u00fablico eleg\u00edvel, com idade de 60 anos ou mais, poder\u00e1 adquiri-las de forma gratuita).<\/li>\n<\/ul>\n\n\n\n<p><\/p>\n\n\n\n<p>Antes da amplia\u00e7\u00e3o, a popula\u00e7\u00e3o precisava pagar uma coparticipa\u00e7\u00e3o para obter esses insumos.<\/p>\n\n\n\n<blockquote class=\"wp-block-quote is-layout-flow wp-block-quote-is-layout-flow\">\n<p class=\"has-medium-font-size\"><strong><mark style=\"background-color:rgba(0, 0, 0, 0)\" class=\"has-inline-color has-black-color\">&#8220;Estamos beneficiando imediatamente mais de 1 milh\u00e3o de pessoas por ano, que ainda pagavam coparticipa\u00e7\u00e3o em fraldas geri\u00e1tricas e na Dapagliflozina. Em dois anos, ampliamos em quase 20% as pessoas atendidas e oferecemos novos itens, como absorventes e anticoncepcionais&#8221;, declarou a ministra da Sa\u00fade N\u00edsia Trindade em sua rede social X.<\/mark><\/strong><\/p>\n<\/blockquote>\n\n\n\n<p>A ministra tamb\u00e9m informou a abertura de uma nova fase de credenciamento em 758 cidades que n\u00e3o eram atendidas pelo programa.<\/p>\n\n\n\n<p>Em 2024, o total de pessoas atendidas pelo Farm\u00e1cia Popular foi de 24,7 milh\u00f5es, que representa um aumento de 20% em rela\u00e7\u00e3o a 2022 \u2014 que teve 20,7 milh\u00f5es de beneficiados.<\/p>\n\n\n\n<ul class=\"wp-block-list\">\n<li><a href=\"https:\/\/whatsapp.com\/channel\/0029VaAT7tDLI8Yfj5y9Z50Z\"><strong><mark style=\"background-color:rgba(0, 0, 0, 0)\" class=\"has-inline-color has-vivid-red-color\">Siga nosso canal no WhatsApp e veja mais not\u00edcias<\/mark><\/strong><\/a><\/li>\n<\/ul>\n\n\n\n<p><\/p>\n\n\n\n<p>O programa Farm\u00e1cia Popular foi criado em 2004, com o objetivo de garantir a continuidade do tratamento de doen\u00e7as com a oferta de medicamentos gratuitos.<\/p>\n\n\n\n<p>Ao todo, s\u00e3o oferecidos produtos para diabetes, asma, hipertens\u00e3o, osteoporose, anticoncep\u00e7\u00e3o, colesterol alto, rinite, doen\u00e7a de Parkinson, glaucoma, rinite, dignidade menstrual e incontin\u00eancia.<\/p>\n\n\n\n<p>Atualmente, a iniciativa est\u00e1 presente em mais de 31 mil farm\u00e1cias credenciadas de 4.812 munic\u00edpios, o que corresponde a 86% das cidades do pa\u00eds.<\/p>\n\n\n\n<figure class=\"wp-block-image aligncenter size-full\"><a href=\"https:\/\/i0.wp.com\/blogdoeloiltoncajuhy.com.br\/site\/wp-content\/uploads\/2025\/02\/Nisia-Trindade-ministra-da-Saude-%E2%80%94-Foto_Carolina-Antunes-Ministerio-da-Saude.jpeg?ssl=1\"><img data-recalc-dims=\"1\" decoding=\"async\" width=\"720\" height=\"459\" src=\"https:\/\/i0.wp.com\/blogdoeloiltoncajuhy.com.br\/site\/wp-content\/uploads\/2025\/02\/Nisia-Trindade-ministra-da-Saude-%E2%80%94-Foto_Carolina-Antunes-Ministerio-da-Saude.jpeg?resize=720%2C459&#038;ssl=1\" alt=\"\" class=\"wp-image-85867\" srcset=\"https:\/\/i0.wp.com\/blogdoeloiltoncajuhy.com.br\/site\/wp-content\/uploads\/2025\/02\/Nisia-Trindade-ministra-da-Saude-%E2%80%94-Foto_Carolina-Antunes-Ministerio-da-Saude.jpeg?w=720&amp;ssl=1 720w, https:\/\/i0.wp.com\/blogdoeloiltoncajuhy.com.br\/site\/wp-content\/uploads\/2025\/02\/Nisia-Trindade-ministra-da-Saude-%E2%80%94-Foto_Carolina-Antunes-Ministerio-da-Saude.jpeg?resize=300%2C191&amp;ssl=1 300w\" sizes=\"(max-width: 720px) 100vw, 720px\" \/><\/a><figcaption class=\"wp-element-caption\"><sub>Nisia Trindade, ministra da Sa\u00fade \u2014 Foto: Carolina Antunes\/Minist\u00e9rio da Sa\u00fade<\/sub><\/figcaption><\/figure>\n\n\n\n<h4 class=\"wp-block-heading\"><strong><mark style=\"background-color:rgba(0, 0, 0, 0)\" class=\"has-inline-color has-black-color\">Quais s\u00e3o os rem\u00e9dios oferecidos pelo Farm\u00e1cia Popular?<\/mark><\/strong><\/h4>\n\n\n\n<p class=\"has-black-color has-text-color has-link-color wp-elements-6815fd5e60f3865ed6fa6536391ae8bd\"><strong>Rem\u00e9dios para asma:<\/strong><\/p>\n\n\n\n<ul class=\"wp-block-list\">\n<li>brometo de ipratr\u00f3pio 0,02mg<\/li>\n\n\n\n<li>brometo de ipratr\u00f3pio 0,25mg<\/li>\n\n\n\n<li>dipropionato de beclometasona 200mcg<\/li>\n\n\n\n<li>dipropionato de beclometasona 250mcg<\/li>\n\n\n\n<li>dipropionato de beclometasona 50mcg<\/li>\n\n\n\n<li>sulfato de salbutamol 100mcg<\/li>\n\n\n\n<li>sulfato de salbutamol 5mg<\/li>\n<\/ul>\n\n\n\n<p><\/p>\n\n\n\n<p class=\"has-black-color has-text-color has-link-color wp-elements-12051ad636fdcb6de70c73c9108dc09f\"><strong>Rem\u00e9dios para diabetes:<\/strong><\/p>\n\n\n\n<ul class=\"wp-block-list\">\n<li>cloridrato de metformina 500mg<\/li>\n\n\n\n<li>cloridrato de metformina 500mg &#8211; a\u00e7\u00e3o prolongada<\/li>\n\n\n\n<li>cloridrato de metformina 850mg<\/li>\n\n\n\n<li>glibenclamida 5mg<\/li>\n\n\n\n<li>insulina humana regular 100ui\/ml<\/li>\n\n\n\n<li>insulina humana 100ui\/ml<\/li>\n\n\n\n<li>dapagliflozina 10 mg<\/li>\n<\/ul>\n\n\n\n<p><\/p>\n\n\n\n<p class=\"has-black-color has-text-color has-link-color wp-elements-a6ab0d5442f84d221ec46a9e77599dab\"><strong>Rem\u00e9dios para hipertens\u00e3o:<\/strong><\/p>\n\n\n\n<ul class=\"wp-block-list\">\n<li>atenolol 25mg<\/li>\n\n\n\n<li>besilato de anlodipino 5 mg<\/li>\n\n\n\n<li>captopril 25mg<\/li>\n\n\n\n<li>cloridrato de propranolol 40mg<\/li>\n\n\n\n<li>hidroclorotiazida 25mg<\/li>\n\n\n\n<li>losartana pot\u00e1ssica 50mg<\/li>\n\n\n\n<li>maleato de enalapril 10mg<\/li>\n\n\n\n<li>espironolactona 25 mg<\/li>\n\n\n\n<li>furosemida 40 mg<\/li>\n\n\n\n<li>succinato de metoprolol 25 mg<\/li>\n<\/ul>\n\n\n\n<p><\/p>\n\n\n\n<p class=\"has-black-color has-text-color has-link-color wp-elements-5646b57930a742f43be3a2a7eb176eac\"><strong>Rem\u00e9dios para anticoncep\u00e7\u00e3o:<\/strong><\/p>\n\n\n\n<ul class=\"wp-block-list\">\n<li>acetato de medroxiprogesterona 150mg<\/li>\n\n\n\n<li>etinilestradiol 0,03mg + levonorgestrel 0,15mg<\/li>\n\n\n\n<li>noretisterona 0,35mg<\/li>\n\n\n\n<li>valerato de estradiol 5mg + enantato de noretisterona 50mg<\/li>\n<\/ul>\n\n\n\n<p><\/p>\n\n\n\n<p class=\"has-black-color has-text-color has-link-color wp-elements-077678f773a1b91448fe7d3474a5be0f\"><strong>Rem\u00e9dio para osteoporose:<\/strong><\/p>\n\n\n\n<p>alendronato de s\u00f3dio 70mg<\/p>\n\n\n\n<p><\/p>\n\n\n\n<p class=\"has-black-color has-text-color has-link-color wp-elements-c59b4541def2ed929d7886a14675977b\"><strong>Rem\u00e9dios para dislipidemia (colesterol alto):<\/strong><\/p>\n\n\n\n<ul class=\"wp-block-list\">\n<li>sinvastatina 10mg<\/li>\n\n\n\n<li>sinvastatina 20mg<\/li>\n\n\n\n<li>sinvastatina 40mg<\/li>\n<\/ul>\n\n\n\n<p><\/p>\n\n\n\n<p class=\"has-black-color has-text-color has-link-color wp-elements-e7ae58ed8d99147459ba6a0aefab897b\"><strong>Rem\u00e9dios para doen\u00e7a de Parkinson:<\/strong><\/p>\n\n\n\n<ul class=\"wp-block-list\">\n<li>carbidopa 25mg + levodopa 250mg<\/li>\n\n\n\n<li>cloridrato de benserazida 25mg + levodopa 100mg<\/li>\n<\/ul>\n\n\n\n<p><\/p>\n\n\n\n<p class=\"has-black-color has-text-color has-link-color wp-elements-5856482a74053a84de01647797aaf8ba\"><strong>Rem\u00e9dios para glaucoma:<\/strong><\/p>\n\n\n\n<ul class=\"wp-block-list\">\n<li>maleato de timolol 2,5mg<\/li>\n\n\n\n<li>maleato de timolol 5mg<\/li>\n<\/ul>\n\n\n\n<p><\/p>\n\n\n\n<p class=\"has-black-color has-text-color has-link-color wp-elements-6aac0fa7a7fe3b23ec259e21b6e629b6\"><strong>Rem\u00e9dios para rinite:<\/strong><\/p>\n\n\n\n<ul class=\"wp-block-list\">\n<li>budesonida 32mcg<\/li>\n\n\n\n<li>budesonida 50mcg<\/li>\n\n\n\n<li>dipropionato de beclometasona 50mcg\/dose<\/li>\n<\/ul>\n\n\n\n<p><\/p>\n\n\n\n<p class=\"has-black-color has-text-color has-link-color wp-elements-8e2ad86f389bf1caa40565ecbe5bbe65\"><strong>Itens de higiene:<\/strong><\/p>\n\n\n\n<ul class=\"wp-block-list\">\n<li>fralda geri\u00e1trica<\/li>\n\n\n\n<li>absorvente menstrual<\/li>\n<\/ul>\n\n\n\n<p><\/p>\n\n\n\n<h4 class=\"wp-block-heading\"><strong><mark style=\"background-color:rgba(0, 0, 0, 0)\" class=\"has-inline-color has-black-color\">Como retirar rem\u00e9dios pelo Farm\u00e1cia Popular?<\/mark><\/strong><\/h4>\n\n\n\n<p>Para retirar os medicamentos e\/ou fraldas geri\u00e1tricas pelo Farm\u00e1cia Popular, o paciente ou o representante legal precisa ir at\u00e9 um estabelecimento credenciado, identificado pelo logo do programa, com os seguintes documentos:<\/p>\n\n\n\n<ul class=\"wp-block-list\">\n<li>Documento oficial com foto e n\u00famero do CPF ou documento de identidade em que conste o n\u00famero do CPF;<\/li>\n\n\n\n<li>Receita m\u00e9dica dentro do prazo de validade, tanto do SUS quanto de servi\u00e7os particulares.<\/li>\n<\/ul>\n\n\n\n<p><\/p>\n\n\n\n<p>A distribui\u00e7\u00e3o de fraldas geri\u00e1tricas para incontin\u00eancia \u00e9 destinada a pacientes com idade m\u00ednima de 60 (sessenta) anos ou a pessoas com defici\u00eancia. Para solicit\u00e1-las, \u00e9 obrigat\u00f3ria a apresenta\u00e7\u00e3o de prescri\u00e7\u00e3o, laudo ou atestado m\u00e9dico que justifique a necessidade do uso. No caso de pacientes com defici\u00eancia, o documento deve conter a respectiva Classifica\u00e7\u00e3o Internacional de Doen\u00e7as (CID).<\/p>\n\n\n\n<p><em>(*Estagi\u00e1ria, sob supervis\u00e3o de Ardilhes Moreira)<\/em><\/p>\n","protected":false},"excerpt":{"rendered":"<p>Estar\u00e3o dispon\u00edveis medicamentos como o Dapagliflozina, que trata diabetes em casos ligados a doen\u00e7as cardiovasculares, e itens como fraldas geri\u00e1tricas. Conforme o \u00f3rg\u00e3o, 1 milh\u00e3o de pessoas ser\u00e3o beneficiadas de imediato pela amplia\u00e7\u00e3o Por Rayane Macedo*, g1 \u2014 S\u00e3o Paulo O Minist\u00e9rio da Sa\u00fade anunciou nesta quinta-feira (13) a amplia\u00e7\u00e3o da gratuidade sobre medicamentos e [&hellip;]<\/p>\n","protected":false},"author":2,"featured_media":74662,"comment_status":"open","ping_status":"open","sticky":false,"template":"","format":"standard","meta":{"_acf_changed":false,"_monsterinsights_skip_tracking":false,"_monsterinsights_sitenote_active":false,"_monsterinsights_sitenote_note":"","_monsterinsights_sitenote_category":0,"_jetpack_memberships_contains_paid_content":false,"footnotes":"","jetpack_publicize_message":"","jetpack_publicize_feature_enabled":true,"jetpack_social_post_already_shared":true,"jetpack_social_options":{"image_generator_settings":{"template":"highway","default_image_id":0,"font":"","enabled":false},"version":2}},"categories":[7],"tags":[],"class_list":["post-85866","post","type-post","status-publish","format-standard","has-post-thumbnail","hentry","category-saude"],"acf":[],"jetpack_publicize_connections":[],"jetpack_featured_media_url":"https:\/\/i0.wp.com\/blogdoeloiltoncajuhy.com.br\/site\/wp-content\/uploads\/2023\/06\/Farmacia-Popular-%E2%80%94-FotoReproducaoRBS-TV.webp?fit=984%2C554&ssl=1","jetpack_sharing_enabled":true,"publishpress_future_workflow_manual_trigger":{"enabledWorkflows":[]},"_links":{"self":[{"href":"https:\/\/blogdoeloiltoncajuhy.com.br\/site\/wp-json\/wp\/v2\/posts\/85866","targetHints":{"allow":["GET"]}}],"collection":[{"href":"https:\/\/blogdoeloiltoncajuhy.com.br\/site\/wp-json\/wp\/v2\/posts"}],"about":[{"href":"https:\/\/blogdoeloiltoncajuhy.com.br\/site\/wp-json\/wp\/v2\/types\/post"}],"author":[{"embeddable":true,"href":"https:\/\/blogdoeloiltoncajuhy.com.br\/site\/wp-json\/wp\/v2\/users\/2"}],"replies":[{"embeddable":true,"href":"https:\/\/blogdoeloiltoncajuhy.com.br\/site\/wp-json\/wp\/v2\/comments?post=85866"}],"version-history":[{"count":1,"href":"https:\/\/blogdoeloiltoncajuhy.com.br\/site\/wp-json\/wp\/v2\/posts\/85866\/revisions"}],"predecessor-version":[{"id":85868,"href":"https:\/\/blogdoeloiltoncajuhy.com.br\/site\/wp-json\/wp\/v2\/posts\/85866\/revisions\/85868"}],"wp:featuredmedia":[{"embeddable":true,"href":"https:\/\/blogdoeloiltoncajuhy.com.br\/site\/wp-json\/wp\/v2\/media\/74662"}],"wp:attachment":[{"href":"https:\/\/blogdoeloiltoncajuhy.com.br\/site\/wp-json\/wp\/v2\/media?parent=85866"}],"wp:term":[{"taxonomy":"category","embeddable":true,"href":"https:\/\/blogdoeloiltoncajuhy.com.br\/site\/wp-json\/wp\/v2\/categories?post=85866"},{"taxonomy":"post_tag","embeddable":true,"href":"https:\/\/blogdoeloiltoncajuhy.com.br\/site\/wp-json\/wp\/v2\/tags?post=85866"}],"curies":[{"name":"wp","href":"https:\/\/api.w.org\/{rel}","templated":true}]}}