{"id":85837,"date":"2025-02-12T14:08:32","date_gmt":"2025-02-12T17:08:32","guid":{"rendered":"https:\/\/blogdoeloiltoncajuhy.com.br\/site\/?p=85837"},"modified":"2025-02-12T14:08:33","modified_gmt":"2025-02-12T17:08:33","slug":"bonfim-igara-contara-com-base-fixa-do-6o-bpm","status":"publish","type":"post","link":"https:\/\/blogdoeloiltoncajuhy.com.br\/site\/bonfim-igara-contara-com-base-fixa-do-6o-bpm\/","title":{"rendered":"Bonfim: Igara contar\u00e1 com base fixa do 6\u00ba BPM"},"content":{"rendered":"\n<p class=\"has-medium-font-size\"><strong>An\u00fancio foi feito pela Associa\u00e7\u00e3o Comercial, Industrial e Agr\u00edcola de Senhor do Bonfim<\/strong><\/p>\n\n\n\n<p><strong>Por Blog do Eloilton Cajuhy \u2013 BEC<\/strong><\/p>\n\n\n\n<figure class=\"wp-block-image aligncenter size-full\"><a href=\"https:\/\/i0.wp.com\/blogdoeloiltoncajuhy.com.br\/site\/wp-content\/uploads\/2025\/02\/Reuniao-Aciasb_120225.jpeg?ssl=1\"><img data-recalc-dims=\"1\" fetchpriority=\"high\" decoding=\"async\" width=\"760\" height=\"377\" src=\"https:\/\/i0.wp.com\/blogdoeloiltoncajuhy.com.br\/site\/wp-content\/uploads\/2025\/02\/Reuniao-Aciasb_120225.jpeg?resize=760%2C377&#038;ssl=1\" alt=\"\" class=\"wp-image-85838\" srcset=\"https:\/\/i0.wp.com\/blogdoeloiltoncajuhy.com.br\/site\/wp-content\/uploads\/2025\/02\/Reuniao-Aciasb_120225.jpeg?w=760&amp;ssl=1 760w, https:\/\/i0.wp.com\/blogdoeloiltoncajuhy.com.br\/site\/wp-content\/uploads\/2025\/02\/Reuniao-Aciasb_120225.jpeg?resize=300%2C149&amp;ssl=1 300w\" sizes=\"(max-width: 760px) 100vw, 760px\" \/><\/a><figcaption class=\"wp-element-caption\"><sub>Foto: Divulga\u00e7\u00e3o\/Aciasb<\/sub><\/figcaption><\/figure>\n\n\n\n<p>Igara, o maior distrito de Senhor do Bonfim, receber\u00e1 at\u00e9 o pr\u00f3ximo m\u00eas uma base fixa do 6\u00ba Batalh\u00e3o da Pol\u00edcia Militar (6\u00ba BPM). O an\u00fancio foi feito pela diretoria da Associa\u00e7\u00e3o Comercial, Industrial e Agr\u00edcola de Senhor do Bonfim (Aciasb), ap\u00f3s reuni\u00e3o com o comando do batalh\u00e3o da PM em nossa cidade.<\/p>\n\n\n\n<blockquote class=\"wp-block-quote is-layout-flow wp-block-quote-is-layout-flow\">\n<p class=\"has-medium-font-size\"><strong><mark style=\"background-color:rgba(0, 0, 0, 0)\" class=\"has-inline-color has-black-color\">Essa conquista \u00e9 fruto do esfor\u00e7o conjunto entre a Associa\u00e7\u00e3o Comercial, lideran\u00e7as locais e autoridades da seguran\u00e7a p\u00fablica, disse o presidente da entidade Nelson Pinheiro.<\/mark><\/strong><\/p>\n<\/blockquote>\n\n\n\n<p>De acordo com Pinheiro, a presen\u00e7a permanente da PM trar\u00e1 mais tranquilidade para os moradores, fortalecimento do com\u00e9rcio local e desenvolvimento para a regi\u00e3o de Igara. &#8220;Distrito seguro, cidade mais forte. Seguimos avan\u00e7ando por um Bonfim mais pr\u00f3spero e protegido!&#8221;, concluiu Nelson Pinheiro.<\/p>\n\n\n\n<ul class=\"wp-block-list\">\n<li><a href=\"https:\/\/whatsapp.com\/channel\/0029VaAT7tDLI8Yfj5y9Z50Z\"><strong><mark style=\"background-color:rgba(0, 0, 0, 0)\" class=\"has-inline-color has-vivid-red-color\">Siga nosso canal no WhatsApp e veja mais not\u00edcias<\/mark><\/strong><\/a><\/li>\n<\/ul>\n","protected":false},"excerpt":{"rendered":"<p>An\u00fancio foi feito pela Associa\u00e7\u00e3o Comercial, Industrial e Agr\u00edcola de Senhor do Bonfim Por Blog do Eloilton Cajuhy \u2013 BEC Igara, o maior distrito de Senhor do Bonfim, receber\u00e1 at\u00e9 o pr\u00f3ximo m\u00eas uma base fixa do 6\u00ba Batalh\u00e3o da Pol\u00edcia Militar (6\u00ba BPM). O an\u00fancio foi feito pela diretoria da Associa\u00e7\u00e3o Comercial, Industrial e [&hellip;]<\/p>\n","protected":false},"author":2,"featured_media":85838,"comment_status":"open","ping_status":"open","sticky":false,"template":"","format":"standard","meta":{"_acf_changed":false,"_monsterinsights_skip_tracking":false,"_monsterinsights_sitenote_active":false,"_monsterinsights_sitenote_note":"","_monsterinsights_sitenote_category":0,"_jetpack_memberships_contains_paid_content":false,"footnotes":"","jetpack_publicize_message":"","jetpack_publicize_feature_enabled":true,"jetpack_social_post_already_shared":true,"jetpack_social_options":{"image_generator_settings":{"template":"highway","default_image_id":0,"font":"","enabled":false},"version":2}},"categories":[4],"tags":[],"class_list":["post-85837","post","type-post","status-publish","format-standard","has-post-thumbnail","hentry","category-local"],"acf":[],"jetpack_publicize_connections":[],"jetpack_featured_media_url":"https:\/\/i0.wp.com\/blogdoeloiltoncajuhy.com.br\/site\/wp-content\/uploads\/2025\/02\/Reuniao-Aciasb_120225.jpeg?fit=760%2C377&ssl=1","jetpack_sharing_enabled":true,"publishpress_future_workflow_manual_trigger":{"enabledWorkflows":[]},"_links":{"self":[{"href":"https:\/\/blogdoeloiltoncajuhy.com.br\/site\/wp-json\/wp\/v2\/posts\/85837","targetHints":{"allow":["GET"]}}],"collection":[{"href":"https:\/\/blogdoeloiltoncajuhy.com.br\/site\/wp-json\/wp\/v2\/posts"}],"about":[{"href":"https:\/\/blogdoeloiltoncajuhy.com.br\/site\/wp-json\/wp\/v2\/types\/post"}],"author":[{"embeddable":true,"href":"https:\/\/blogdoeloiltoncajuhy.com.br\/site\/wp-json\/wp\/v2\/users\/2"}],"replies":[{"embeddable":true,"href":"https:\/\/blogdoeloiltoncajuhy.com.br\/site\/wp-json\/wp\/v2\/comments?post=85837"}],"version-history":[{"count":1,"href":"https:\/\/blogdoeloiltoncajuhy.com.br\/site\/wp-json\/wp\/v2\/posts\/85837\/revisions"}],"predecessor-version":[{"id":85839,"href":"https:\/\/blogdoeloiltoncajuhy.com.br\/site\/wp-json\/wp\/v2\/posts\/85837\/revisions\/85839"}],"wp:featuredmedia":[{"embeddable":true,"href":"https:\/\/blogdoeloiltoncajuhy.com.br\/site\/wp-json\/wp\/v2\/media\/85838"}],"wp:attachment":[{"href":"https:\/\/blogdoeloiltoncajuhy.com.br\/site\/wp-json\/wp\/v2\/media?parent=85837"}],"wp:term":[{"taxonomy":"category","embeddable":true,"href":"https:\/\/blogdoeloiltoncajuhy.com.br\/site\/wp-json\/wp\/v2\/categories?post=85837"},{"taxonomy":"post_tag","embeddable":true,"href":"https:\/\/blogdoeloiltoncajuhy.com.br\/site\/wp-json\/wp\/v2\/tags?post=85837"}],"curies":[{"name":"wp","href":"https:\/\/api.w.org\/{rel}","templated":true}]}}