{"id":85834,"date":"2025-02-12T08:55:57","date_gmt":"2025-02-12T11:55:57","guid":{"rendered":"https:\/\/blogdoeloiltoncajuhy.com.br\/site\/?p=85834"},"modified":"2025-02-12T08:55:58","modified_gmt":"2025-02-12T11:55:58","slug":"ivana-bastos-assume-presidencia-da-alba-apos-adolfo-menezes-ser-afastado-do-cargo-pelo-stf","status":"publish","type":"post","link":"https:\/\/blogdoeloiltoncajuhy.com.br\/site\/ivana-bastos-assume-presidencia-da-alba-apos-adolfo-menezes-ser-afastado-do-cargo-pelo-stf\/","title":{"rendered":"Ivana Bastos assume presid\u00eancia da Alba ap\u00f3s Adolfo Menezes ser afastado do cargo pelo STF"},"content":{"rendered":"\n<p class=\"has-medium-font-size\"><strong>Liminar do ministro Gilmar Mendes tirou o deputado estadual provisoriamente para avaliar legalidade do terceiro mandato consecutivo como presidente da Casa. Vice-presidente assumiu interinamente<\/strong><\/p>\n\n\n\n<p><strong>Por g1 BA e TV Bahia<\/strong><\/p>\n\n\n\n<figure class=\"wp-block-image aligncenter size-full\"><a href=\"https:\/\/i0.wp.com\/blogdoeloiltoncajuhy.com.br\/site\/wp-content\/uploads\/2025\/02\/Adolfo-Menezes-e-Ivana-Bastos-%E2%80%94-Foto_Ascom-Agencia-Alba.jpeg?ssl=1\"><img data-recalc-dims=\"1\" fetchpriority=\"high\" decoding=\"async\" width=\"760\" height=\"456\" src=\"https:\/\/i0.wp.com\/blogdoeloiltoncajuhy.com.br\/site\/wp-content\/uploads\/2025\/02\/Adolfo-Menezes-e-Ivana-Bastos-%E2%80%94-Foto_Ascom-Agencia-Alba.jpeg?resize=760%2C456&#038;ssl=1\" alt=\"\" class=\"wp-image-85835\" srcset=\"https:\/\/i0.wp.com\/blogdoeloiltoncajuhy.com.br\/site\/wp-content\/uploads\/2025\/02\/Adolfo-Menezes-e-Ivana-Bastos-%E2%80%94-Foto_Ascom-Agencia-Alba.jpeg?w=760&amp;ssl=1 760w, https:\/\/i0.wp.com\/blogdoeloiltoncajuhy.com.br\/site\/wp-content\/uploads\/2025\/02\/Adolfo-Menezes-e-Ivana-Bastos-%E2%80%94-Foto_Ascom-Agencia-Alba.jpeg?resize=300%2C180&amp;ssl=1 300w\" sizes=\"(max-width: 760px) 100vw, 760px\" \/><\/a><figcaption class=\"wp-element-caption\"><sub>Adolfo Menezes e Ivana Bastos \u2014 Foto: Ascom\/Ag\u00eancia Alba<\/sub><\/figcaption><\/figure>\n\n\n\n<p>A vice-presidente da Assembleia Legislativa da Bahia (Alba), Ivana Bastos (PSD), assumiu interinamente a presid\u00eancia da Casa, na tarde desta ter\u00e7a-feira (11), em Salvador.<\/p>\n\n\n\n<p>A mudan\u00e7a acontece um dia ap\u00f3s o deputado estadual Adolfo Menezes (PSD) ser afastado do cargo por determina\u00e7\u00e3o do Supremo Tribunal Federal (STF).<\/p>\n\n\n\n<ul class=\"wp-block-list\">\n<li><a href=\"https:\/\/whatsapp.com\/channel\/0029VaAT7tDLI8Yfj5y9Z50Z\"><strong><mark style=\"background-color:rgba(0, 0, 0, 0)\" class=\"has-inline-color has-vivid-red-color\">Siga nosso canal no WhatsApp e veja mais not\u00edcias<\/mark><\/strong><\/a><\/li>\n<\/ul>\n\n\n\n<p><\/p>\n\n\n\n<p>Durante uma cerim\u00f4nia oficial, a deputada assinou o termo que assegura a tomada de decis\u00f5es enquanto o STF avalia o caso, aberto a pedido do tamb\u00e9m deputado estadual Hilton Coelho (PSOL).<\/p>\n\n\n\n<p>A medida, ainda em car\u00e1ter provis\u00f3rio, interrompe o terceiro mandato consecutivo de Adolfo Menezes no cargo. Na segunda-feira (10), ele disse que recebeu &#8220;com tranquilidade&#8221; a decis\u00e3o.<\/p>\n\n\n\n<h4 class=\"wp-block-heading\"><strong><mark style=\"background-color:rgba(0, 0, 0, 0)\" class=\"has-inline-color has-black-color\">Entenda processo<\/mark><\/strong><\/h4>\n\n\n\n<p>Menezes havia sido eleito no \u00faltimo dia 3, com 61 dos 62 votos v\u00e1lidos na Alba. Seu \u00fanico advers\u00e1rio foi Hilton Coelho, que teve apenas um voto na sess\u00e3o.<\/p>\n\n\n\n<blockquote class=\"wp-block-quote is-layout-flow wp-block-quote-is-layout-flow\">\n<p class=\"has-medium-font-size\"><strong><mark style=\"background-color:rgba(0, 0, 0, 0)\" class=\"has-inline-color has-black-color\">&#8220;Todos da casa, deputados, governo\u2026 sabiam da possibilidade disso acontecer. J\u00e1 houve casos semelhantes em todo o Brasil, mas como n\u00e3o \u00e9 uma coisa definitiva ainda\u2026 Uma falha, a meu ver, do nosso Congresso, que poderia colocar na lei&#8221;, criticou Menezes em entrevista \u00e0 TV Bahia.<\/mark><\/strong><\/p>\n<\/blockquote>\n\n\n\n<p>O deputado citou ainda que a legisla\u00e7\u00e3o limita o n\u00famero de elei\u00e7\u00f5es consecutivas para os cargos executivos, mas n\u00e3o h\u00e1 uma regra para as Casas Legislativas.<\/p>\n\n\n\n<p>&#8220;A surpresa foi a rapidez&#8221;, disse o pol\u00edtico, ao comentar a brevidade com que a oposi\u00e7\u00e3o apresentou uma a\u00e7\u00e3o judicial.<\/p>\n\n\n\n<p>A an\u00e1lise \u00e9 preliminar. Gilmar Mendes deve julgar o m\u00e9rito do caso posteriormente. Por ora, o deputado dever\u00e1 ficar afastado do cargo at\u00e9 o julgamento final da reclama\u00e7\u00e3o.<\/p>\n","protected":false},"excerpt":{"rendered":"<p>Liminar do ministro Gilmar Mendes tirou o deputado estadual provisoriamente para avaliar legalidade do terceiro mandato consecutivo como presidente da Casa. Vice-presidente assumiu interinamente Por g1 BA e TV Bahia A vice-presidente da Assembleia Legislativa da Bahia (Alba), Ivana Bastos (PSD), assumiu interinamente a presid\u00eancia da Casa, na tarde desta ter\u00e7a-feira (11), em Salvador. A [&hellip;]<\/p>\n","protected":false},"author":2,"featured_media":85835,"comment_status":"open","ping_status":"open","sticky":false,"template":"","format":"standard","meta":{"_acf_changed":false,"_monsterinsights_skip_tracking":false,"_monsterinsights_sitenote_active":false,"_monsterinsights_sitenote_note":"","_monsterinsights_sitenote_category":0,"_jetpack_memberships_contains_paid_content":false,"footnotes":"","jetpack_publicize_message":"","jetpack_publicize_feature_enabled":true,"jetpack_social_post_already_shared":true,"jetpack_social_options":{"image_generator_settings":{"template":"highway","default_image_id":0,"font":"","enabled":false},"version":2}},"categories":[3],"tags":[],"class_list":["post-85834","post","type-post","status-publish","format-standard","has-post-thumbnail","hentry","category-politica"],"acf":[],"jetpack_publicize_connections":[],"jetpack_featured_media_url":"https:\/\/i0.wp.com\/blogdoeloiltoncajuhy.com.br\/site\/wp-content\/uploads\/2025\/02\/Adolfo-Menezes-e-Ivana-Bastos-%E2%80%94-Foto_Ascom-Agencia-Alba.jpeg?fit=760%2C456&ssl=1","jetpack_sharing_enabled":true,"publishpress_future_workflow_manual_trigger":{"enabledWorkflows":[]},"_links":{"self":[{"href":"https:\/\/blogdoeloiltoncajuhy.com.br\/site\/wp-json\/wp\/v2\/posts\/85834","targetHints":{"allow":["GET"]}}],"collection":[{"href":"https:\/\/blogdoeloiltoncajuhy.com.br\/site\/wp-json\/wp\/v2\/posts"}],"about":[{"href":"https:\/\/blogdoeloiltoncajuhy.com.br\/site\/wp-json\/wp\/v2\/types\/post"}],"author":[{"embeddable":true,"href":"https:\/\/blogdoeloiltoncajuhy.com.br\/site\/wp-json\/wp\/v2\/users\/2"}],"replies":[{"embeddable":true,"href":"https:\/\/blogdoeloiltoncajuhy.com.br\/site\/wp-json\/wp\/v2\/comments?post=85834"}],"version-history":[{"count":1,"href":"https:\/\/blogdoeloiltoncajuhy.com.br\/site\/wp-json\/wp\/v2\/posts\/85834\/revisions"}],"predecessor-version":[{"id":85836,"href":"https:\/\/blogdoeloiltoncajuhy.com.br\/site\/wp-json\/wp\/v2\/posts\/85834\/revisions\/85836"}],"wp:featuredmedia":[{"embeddable":true,"href":"https:\/\/blogdoeloiltoncajuhy.com.br\/site\/wp-json\/wp\/v2\/media\/85835"}],"wp:attachment":[{"href":"https:\/\/blogdoeloiltoncajuhy.com.br\/site\/wp-json\/wp\/v2\/media?parent=85834"}],"wp:term":[{"taxonomy":"category","embeddable":true,"href":"https:\/\/blogdoeloiltoncajuhy.com.br\/site\/wp-json\/wp\/v2\/categories?post=85834"},{"taxonomy":"post_tag","embeddable":true,"href":"https:\/\/blogdoeloiltoncajuhy.com.br\/site\/wp-json\/wp\/v2\/tags?post=85834"}],"curies":[{"name":"wp","href":"https:\/\/api.w.org\/{rel}","templated":true}]}}