{"id":85828,"date":"2025-02-12T08:23:15","date_gmt":"2025-02-12T11:23:15","guid":{"rendered":"https:\/\/blogdoeloiltoncajuhy.com.br\/site\/?p=85828"},"modified":"2025-02-12T08:23:16","modified_gmt":"2025-02-12T11:23:16","slug":"camara-aprova-proposta-que-proibe-escolas-de-recusar-matriculas","status":"publish","type":"post","link":"https:\/\/blogdoeloiltoncajuhy.com.br\/site\/camara-aprova-proposta-que-proibe-escolas-de-recusar-matriculas\/","title":{"rendered":"C\u00e2mara aprova proposta que pro\u00edbe escolas de recusar matr\u00edculas"},"content":{"rendered":"\n<p class=\"has-medium-font-size\"><strong>Penalidades incluem advert\u00eancia e suspens\u00e3o do credenciamento<\/strong><\/p>\n\n\n\n<p><strong>Pedro Rafael Vilela\/Ag\u00eancia Brasil<\/strong><\/p>\n\n\n\n<figure class=\"wp-block-image aligncenter size-full\"><a href=\"https:\/\/i0.wp.com\/blogdoeloiltoncajuhy.com.br\/site\/wp-content\/uploads\/2025\/02\/Escola_sala-de-aula_Foto_Wilson-Dias-Agencia-Brasil.jpeg?ssl=1\"><img data-recalc-dims=\"1\" fetchpriority=\"high\" decoding=\"async\" width=\"720\" height=\"431\" src=\"https:\/\/i0.wp.com\/blogdoeloiltoncajuhy.com.br\/site\/wp-content\/uploads\/2025\/02\/Escola_sala-de-aula_Foto_Wilson-Dias-Agencia-Brasil.jpeg?resize=720%2C431&#038;ssl=1\" alt=\"\" class=\"wp-image-85829\" srcset=\"https:\/\/i0.wp.com\/blogdoeloiltoncajuhy.com.br\/site\/wp-content\/uploads\/2025\/02\/Escola_sala-de-aula_Foto_Wilson-Dias-Agencia-Brasil.jpeg?w=720&amp;ssl=1 720w, https:\/\/i0.wp.com\/blogdoeloiltoncajuhy.com.br\/site\/wp-content\/uploads\/2025\/02\/Escola_sala-de-aula_Foto_Wilson-Dias-Agencia-Brasil.jpeg?resize=300%2C180&amp;ssl=1 300w\" sizes=\"(max-width: 720px) 100vw, 720px\" \/><\/a><figcaption class=\"wp-element-caption\"><sub>Foto: Wilson Dias\/Ag\u00eancia Brasil<\/sub><\/figcaption><\/figure>\n\n\n\n<ul class=\"wp-block-list\">\n<li><a href=\"https:\/\/whatsapp.com\/channel\/0029VaAT7tDLI8Yfj5y9Z50Z\"><strong><mark style=\"background-color:rgba(0, 0, 0, 0)\" class=\"has-inline-color has-vivid-red-color\">Siga nosso canal no WhatsApp e veja mais not\u00edcias<\/mark><\/strong><\/a><\/li>\n<\/ul>\n\n\n\n<p><\/p>\n\n\n\n<p>O plen\u00e1rio da C\u00e2mara dos Deputados aprovou, na tarde desta ter\u00e7a-feira (11), o Projeto de Lei 9133\/2017, que estabelece san\u00e7\u00f5es para escolas que recusarem a matr\u00edcula de alunos em todos os n\u00edveis e modalidades de ensino, sem que haja justificativa formal. O foco da medida \u00e9 impedir a recusa reiterada de escolas particulares em acolher matr\u00edculas de crian\u00e7as e jovens, especialmente de pessoas com defici\u00eancia.<\/p>\n\n\n\n<p>As penalidades previstas incluem desde advert\u00eancia at\u00e9 a suspens\u00e3o do credenciamento das escolas privadas junto ao Poder P\u00fablico, o que pode impedir o seu funcionamento regular.<\/p>\n\n\n\n<blockquote class=\"wp-block-quote is-layout-flow wp-block-quote-is-layout-flow\">\n<p class=\"has-medium-font-size\"><strong><mark style=\"background-color:rgba(0, 0, 0, 0)\" class=\"has-inline-color has-black-color\">&#8220;As den\u00fancias que chegam \u00e9 que estabelecimentos de ensino, alguns, n\u00e3o s\u00e3o todos, negam a matr\u00edcula pelo fato da crian\u00e7a ser crian\u00e7a com defici\u00eancia. Negam a matr\u00edcula porque a crian\u00e7a pertence a um grupo cultural, e a escola exclui. Crian\u00e7as com autismo est\u00e3o sendo discriminadas na escola. O projeto \u00e9 \u00f3bvio. Se a escola justifica porque nega a matr\u00edcula, est\u00e1 resolvido o problema, n\u00e3o tem penalidade&#8221;, explicou o deputado federal Helder Salom\u00e3o (PT-MG), autor da proposta.<\/mark><\/strong><\/p>\n<\/blockquote>\n\n\n\n<p>Na vota\u00e7\u00e3o, o projeto recebeu o apoio de 297 parlamentares, contra 107 contr\u00e1rios, e seguir\u00e1 agora para o Senado, que tamb\u00e9m precisa aprov\u00e1-lo para que se torne uma lei federal.<\/p>\n\n\n\n<p>Durante o debate em plen\u00e1rio, deputados de oposi\u00e7\u00e3o se manifestaram contra a iniciativa, alegando que ela era muito abrangente e poderia impedir que a escola recusasse matr\u00edcula de alunos de pais inadimplentes com as mensalidades, por exemplo.<\/p>\n\n\n\n<p>&#8220;O projeto deveria restringir-se somente a crian\u00e7as com defici\u00eancia. O projeto atual fala simplesmente sobre a nega\u00e7\u00e3o de matr\u00edcula e fazendo com que haja uma puni\u00e7\u00e3o. Isso vai impactar as escolas privadas, chama-se interfer\u00eancia na livre iniciativa. \u00c9 direito da escola, desse propriet\u00e1rio, n\u00e3o querer essa matr\u00edcula para um pai que tem o costume de ser inadimplente&#8221;, argumentou o deputado federal Carlos Jordy (PL-RJ).<\/p>\n\n\n\n<p>Para a maioria dos deputados, no entanto, o projeto de lei garante um direito fundamental de acesso \u00e0 educa\u00e7\u00e3o, independente da institui\u00e7\u00e3o de ensino ser p\u00fablica ou privada.<\/p>\n\n\n\n<p>&#8220;Em uma escola p\u00fablica, nem se discute, negar uma matr\u00edcula \u00e9 algo inaceit\u00e1vel, n\u00e3o podemos admitir em hip\u00f3tese alguma. Mas, e na escola privada, podemos aceitar? N\u00e3o. Por qu\u00ea? A escola privada nada mais \u00e9 do que uma concess\u00e3o p\u00fablica, com regras claras&#8221;, observou o deputado Domingos S\u00e1vio (PL-MG).<\/p>\n\n\n\n<p>&#8220;Estamos protegendo exatamente as pessoas com defici\u00eancia, com autismo, que s\u00e3o v\u00edtimas hoje da matr\u00edcula escolar. Estamos dando a op\u00e7\u00e3o da recusa justificada&#8221;, ponderou a deputada federal Gisela Simona (Uni\u00e3o-MT).<\/p>\n","protected":false},"excerpt":{"rendered":"<p>Penalidades incluem advert\u00eancia e suspens\u00e3o do credenciamento Pedro Rafael Vilela\/Ag\u00eancia Brasil O plen\u00e1rio da C\u00e2mara dos Deputados aprovou, na tarde desta ter\u00e7a-feira (11), o Projeto de Lei 9133\/2017, que estabelece san\u00e7\u00f5es para escolas que recusarem a matr\u00edcula de alunos em todos os n\u00edveis e modalidades de ensino, sem que haja justificativa formal. O foco da [&hellip;]<\/p>\n","protected":false},"author":2,"featured_media":83281,"comment_status":"open","ping_status":"open","sticky":false,"template":"","format":"standard","meta":{"_acf_changed":false,"_monsterinsights_skip_tracking":false,"_monsterinsights_sitenote_active":false,"_monsterinsights_sitenote_note":"","_monsterinsights_sitenote_category":0,"_jetpack_memberships_contains_paid_content":false,"footnotes":"","jetpack_publicize_message":"","jetpack_publicize_feature_enabled":true,"jetpack_social_post_already_shared":true,"jetpack_social_options":{"image_generator_settings":{"template":"highway","default_image_id":0,"font":"","enabled":false},"version":2}},"categories":[3],"tags":[],"class_list":["post-85828","post","type-post","status-publish","format-standard","has-post-thumbnail","hentry","category-politica"],"acf":[],"jetpack_publicize_connections":[],"jetpack_featured_media_url":"https:\/\/i0.wp.com\/blogdoeloiltoncajuhy.com.br\/site\/wp-content\/uploads\/2024\/10\/GOVBA_Escola-sala-de-aula-alunos-estudantes-Foto-Yasmin-Marinho-Ascom-SEC.png?fit=600%2C420&ssl=1","jetpack_sharing_enabled":true,"publishpress_future_workflow_manual_trigger":{"enabledWorkflows":[]},"_links":{"self":[{"href":"https:\/\/blogdoeloiltoncajuhy.com.br\/site\/wp-json\/wp\/v2\/posts\/85828","targetHints":{"allow":["GET"]}}],"collection":[{"href":"https:\/\/blogdoeloiltoncajuhy.com.br\/site\/wp-json\/wp\/v2\/posts"}],"about":[{"href":"https:\/\/blogdoeloiltoncajuhy.com.br\/site\/wp-json\/wp\/v2\/types\/post"}],"author":[{"embeddable":true,"href":"https:\/\/blogdoeloiltoncajuhy.com.br\/site\/wp-json\/wp\/v2\/users\/2"}],"replies":[{"embeddable":true,"href":"https:\/\/blogdoeloiltoncajuhy.com.br\/site\/wp-json\/wp\/v2\/comments?post=85828"}],"version-history":[{"count":1,"href":"https:\/\/blogdoeloiltoncajuhy.com.br\/site\/wp-json\/wp\/v2\/posts\/85828\/revisions"}],"predecessor-version":[{"id":85830,"href":"https:\/\/blogdoeloiltoncajuhy.com.br\/site\/wp-json\/wp\/v2\/posts\/85828\/revisions\/85830"}],"wp:featuredmedia":[{"embeddable":true,"href":"https:\/\/blogdoeloiltoncajuhy.com.br\/site\/wp-json\/wp\/v2\/media\/83281"}],"wp:attachment":[{"href":"https:\/\/blogdoeloiltoncajuhy.com.br\/site\/wp-json\/wp\/v2\/media?parent=85828"}],"wp:term":[{"taxonomy":"category","embeddable":true,"href":"https:\/\/blogdoeloiltoncajuhy.com.br\/site\/wp-json\/wp\/v2\/categories?post=85828"},{"taxonomy":"post_tag","embeddable":true,"href":"https:\/\/blogdoeloiltoncajuhy.com.br\/site\/wp-json\/wp\/v2\/tags?post=85828"}],"curies":[{"name":"wp","href":"https:\/\/api.w.org\/{rel}","templated":true}]}}