{"id":85804,"date":"2025-02-10T18:39:52","date_gmt":"2025-02-10T21:39:52","guid":{"rendered":"https:\/\/blogdoeloiltoncajuhy.com.br\/site\/?p=85804"},"modified":"2025-02-10T18:39:54","modified_gmt":"2025-02-10T21:39:54","slug":"stf-determina-afastamento-imediato-de-adolfo-menezes-da-presidencia-da-assembleia-legislativa-da-bahia","status":"publish","type":"post","link":"https:\/\/blogdoeloiltoncajuhy.com.br\/site\/stf-determina-afastamento-imediato-de-adolfo-menezes-da-presidencia-da-assembleia-legislativa-da-bahia\/","title":{"rendered":"STF determina afastamento imediato de Adolfo Menezes da presid\u00eancia da Assembleia Legislativa da Bahia"},"content":{"rendered":"\n<p class=\"has-medium-font-size\"><strong>Decis\u00e3o liminar atende a pedido do deputado estadual Hilton Coelho (PSOL), que apontou irregularidade no terceiro mandato seguido de Adolfo<\/strong><\/p>\n\n\n\n<p><strong>Por g1 BA<\/strong><\/p>\n\n\n\n<figure class=\"wp-block-image aligncenter size-full is-resized\"><a href=\"https:\/\/i0.wp.com\/blogdoeloiltoncajuhy.com.br\/site\/wp-content\/uploads\/2022\/08\/Adolfo-Menezes-082022.jpg\"><img data-recalc-dims=\"1\" fetchpriority=\"high\" decoding=\"async\" width=\"380\" height=\"280\" src=\"https:\/\/i0.wp.com\/blogdoeloiltoncajuhy.com.br\/site\/wp-content\/uploads\/2022\/08\/Adolfo-Menezes-082022.jpg?resize=380%2C280\" alt=\"\" class=\"wp-image-67110\" style=\"width:684px;height:auto\" srcset=\"https:\/\/i0.wp.com\/blogdoeloiltoncajuhy.com.br\/site\/wp-content\/uploads\/2022\/08\/Adolfo-Menezes-082022.jpg?w=380&amp;ssl=1 380w, https:\/\/i0.wp.com\/blogdoeloiltoncajuhy.com.br\/site\/wp-content\/uploads\/2022\/08\/Adolfo-Menezes-082022.jpg?resize=300%2C221&amp;ssl=1 300w\" sizes=\"(max-width: 380px) 100vw, 380px\" \/><\/a><figcaption class=\"wp-element-caption\"><sub>STF determina afastamento imediato de Adolfo Menezes da presid\u00eancia da Assembleia Legislativa da Bahia<\/sub><\/figcaption><\/figure>\n\n\n\n<p>O Supremo Tribunal Federal (STF) determinou o afastamento imediato do <strong><mark style=\"background-color:rgba(0, 0, 0, 0)\" class=\"has-inline-color has-black-color\">deputado Adolfo Menezes (PSD) do cargo de presidente da Assembleia Legislativa da Bahia (Alba).<\/mark><\/strong> A decis\u00e3o, assinada pelo ministro Gilmar Mendes e publicada nesta segunda-feira (10), atende a um pedido do deputado estadual Hilton Coelho (PSOL), que apontou a inconstitucionalidade na elei\u00e7\u00e3o do colega.<\/p>\n\n\n\n<p>A vota\u00e7\u00e3o ocorreu no \u00faltimo dia 3, em sess\u00e3o realizada na Alba, em Salvador. Hilton tamb\u00e9m se candidatou ao cargo, mas teve apenas um voto. Menezes foi reconduzido ao posto com 61 dos 62 votos v\u00e1lidos.<\/p>\n\n\n\n<p>Sem conseguir intervir na vota\u00e7\u00e3o, Hilton ingressou com um mandado de seguran\u00e7a no Tribunal de Justi\u00e7a da Bahia (TJ-BA), mas a Corte baiana negou o pedido para afastar Menezes.<\/p>\n\n\n\n<ul class=\"wp-block-list\">\n<li><a href=\"https:\/\/whatsapp.com\/channel\/0029VaAT7tDLI8Yfj5y9Z50Z\"><strong><mark style=\"background-color:rgba(0, 0, 0, 0)\" class=\"has-inline-color has-vivid-red-color\">Siga nosso canal no WhatsApp e veja mais not\u00edcias<\/mark><\/strong><\/a><\/li>\n<\/ul>\n\n\n\n<p><\/p>\n\n\n\n<p>O pol\u00edtico, ent\u00e3o, recorreu ao STF, pedindo ainda que fossem considerados nulos &#8220;todos os atos administrativos por ele praticados a partir da posse do seu terceiro mandato sob pena de multa di\u00e1ria n\u00e3o inferior a R$ 1.000,00 por dia&#8221;.<\/p>\n\n\n\n<p>O ministro Gilmar Mendes n\u00e3o anulou os atos, mas decidiu a favor do afastamento ao lembrar que o plen\u00e1rio do STF j\u00e1 firmou como entendimento que a elei\u00e7\u00e3o de membros da Mesa Diretora das Casas Legislativas estaduais ou municipais n\u00e3o deve ultrapassar o limite de uma reelei\u00e7\u00e3o ou recondu\u00e7\u00e3o consecutiva para o mesmo cargo.<\/p>\n\n\n\n<blockquote class=\"wp-block-quote is-layout-flow wp-block-quote-is-layout-flow\">\n<p class=\"has-medium-font-size\"><strong><mark style=\"background-color:rgba(0, 0, 0, 0)\" class=\"has-inline-color has-black-color\">&#8220;(\u2026) A mim me parece que a reelei\u00e7\u00e3o sucessiva de Adolfo Menezes ao cargo de presidente da Assembleia Legislativa do Estado da Bahia ao terceiro bi\u00eanio consecutivo ofende o entendimento estabelecido no julgamento das ADIs 6688, 6698, 6714 e 7016, que assentaram a impossibilidade de reelei\u00e7\u00e3o ilimitada ao mesmo cargo da mesa diretora do Poder Legislativo&#8221;, argumentou o ministro.<\/mark><\/strong><\/p>\n<\/blockquote>\n\n\n\n<p>A an\u00e1lise, no entanto, \u00e9 preliminar. Gilmar Mendes deve julgar o m\u00e9rito do caso posteriormente. Por ora, o deputado dever\u00e1 ficar afastado do cargo at\u00e9 o julgamento final da reclama\u00e7\u00e3o.<\/p>\n\n\n\n<p>Procurada pelo <strong>g1<\/strong>, a assessoria de comunica\u00e7\u00e3o da Alba disse que a mesa diretora vai se posicionar por meio de nota.<\/p>\n","protected":false},"excerpt":{"rendered":"<p>Decis\u00e3o liminar atende a pedido do deputado estadual Hilton Coelho (PSOL), que apontou irregularidade no terceiro mandato seguido de Adolfo Por g1 BA O Supremo Tribunal Federal (STF) determinou o afastamento imediato do deputado Adolfo Menezes (PSD) do cargo de presidente da Assembleia Legislativa da Bahia (Alba). A decis\u00e3o, assinada pelo ministro Gilmar Mendes e [&hellip;]<\/p>\n","protected":false},"author":2,"featured_media":67110,"comment_status":"open","ping_status":"open","sticky":false,"template":"","format":"standard","meta":{"_acf_changed":false,"_monsterinsights_skip_tracking":false,"_monsterinsights_sitenote_active":false,"_monsterinsights_sitenote_note":"","_monsterinsights_sitenote_category":0,"_jetpack_memberships_contains_paid_content":false,"footnotes":"","jetpack_publicize_message":"","jetpack_publicize_feature_enabled":true,"jetpack_social_post_already_shared":true,"jetpack_social_options":{"image_generator_settings":{"template":"highway","default_image_id":0,"font":"","enabled":false},"version":2}},"categories":[3],"tags":[],"class_list":["post-85804","post","type-post","status-publish","format-standard","has-post-thumbnail","hentry","category-politica"],"acf":[],"jetpack_publicize_connections":[],"jetpack_featured_media_url":"https:\/\/i0.wp.com\/blogdoeloiltoncajuhy.com.br\/site\/wp-content\/uploads\/2022\/08\/Adolfo-Menezes-082022.jpg?fit=380%2C280&ssl=1","jetpack_sharing_enabled":true,"publishpress_future_workflow_manual_trigger":{"enabledWorkflows":[]},"_links":{"self":[{"href":"https:\/\/blogdoeloiltoncajuhy.com.br\/site\/wp-json\/wp\/v2\/posts\/85804","targetHints":{"allow":["GET"]}}],"collection":[{"href":"https:\/\/blogdoeloiltoncajuhy.com.br\/site\/wp-json\/wp\/v2\/posts"}],"about":[{"href":"https:\/\/blogdoeloiltoncajuhy.com.br\/site\/wp-json\/wp\/v2\/types\/post"}],"author":[{"embeddable":true,"href":"https:\/\/blogdoeloiltoncajuhy.com.br\/site\/wp-json\/wp\/v2\/users\/2"}],"replies":[{"embeddable":true,"href":"https:\/\/blogdoeloiltoncajuhy.com.br\/site\/wp-json\/wp\/v2\/comments?post=85804"}],"version-history":[{"count":1,"href":"https:\/\/blogdoeloiltoncajuhy.com.br\/site\/wp-json\/wp\/v2\/posts\/85804\/revisions"}],"predecessor-version":[{"id":85805,"href":"https:\/\/blogdoeloiltoncajuhy.com.br\/site\/wp-json\/wp\/v2\/posts\/85804\/revisions\/85805"}],"wp:featuredmedia":[{"embeddable":true,"href":"https:\/\/blogdoeloiltoncajuhy.com.br\/site\/wp-json\/wp\/v2\/media\/67110"}],"wp:attachment":[{"href":"https:\/\/blogdoeloiltoncajuhy.com.br\/site\/wp-json\/wp\/v2\/media?parent=85804"}],"wp:term":[{"taxonomy":"category","embeddable":true,"href":"https:\/\/blogdoeloiltoncajuhy.com.br\/site\/wp-json\/wp\/v2\/categories?post=85804"},{"taxonomy":"post_tag","embeddable":true,"href":"https:\/\/blogdoeloiltoncajuhy.com.br\/site\/wp-json\/wp\/v2\/tags?post=85804"}],"curies":[{"name":"wp","href":"https:\/\/api.w.org\/{rel}","templated":true}]}}