{"id":85800,"date":"2025-02-10T17:20:05","date_gmt":"2025-02-10T20:20:05","guid":{"rendered":"https:\/\/blogdoeloiltoncajuhy.com.br\/site\/?p=85800"},"modified":"2025-02-10T17:20:07","modified_gmt":"2025-02-10T20:20:07","slug":"conheca-estilista-de-caldeirao-grande-que-cria-roupas-com-palha-de-licuri-e-ja-vestiu-rita-batista-deborah-secco-e-lore-improta","status":"publish","type":"post","link":"https:\/\/blogdoeloiltoncajuhy.com.br\/site\/conheca-estilista-de-caldeirao-grande-que-cria-roupas-com-palha-de-licuri-e-ja-vestiu-rita-batista-deborah-secco-e-lore-improta\/","title":{"rendered":"Conhe\u00e7a estilista de Caldeir\u00e3o Grande que cria roupas com palha de licuri e j\u00e1 vestiu Rita Batista, Deborah Secco e Lore Improta"},"content":{"rendered":"\n<p class=\"has-medium-font-size\"><strong>Ed Carlos come\u00e7ou a produzir pe\u00e7as h\u00e1 um ano, ap\u00f3s sonhos constantes com a av\u00f3, que era artes\u00e3 e usava a palha do licuri para tecer esteiras<\/strong><\/p>\n\n\n\n<p><strong>Por Malu Vieira\/g1 BA<\/strong><\/p>\n\n\n\n<figure class=\"wp-block-image aligncenter size-full\"><a href=\"https:\/\/i0.wp.com\/blogdoeloiltoncajuhy.com.br\/site\/wp-content\/uploads\/2025\/02\/Ed-Carlos-faz-todas-as-etapas-das-pecas-desde-o-croqui-ate-a-producao-%E2%80%94-Foto_Estudio-Dcria.jpeg?ssl=1\"><img data-recalc-dims=\"1\" fetchpriority=\"high\" decoding=\"async\" width=\"720\" height=\"451\" src=\"https:\/\/i0.wp.com\/blogdoeloiltoncajuhy.com.br\/site\/wp-content\/uploads\/2025\/02\/Ed-Carlos-faz-todas-as-etapas-das-pecas-desde-o-croqui-ate-a-producao-%E2%80%94-Foto_Estudio-Dcria.jpeg?resize=720%2C451&#038;ssl=1\" alt=\"\" class=\"wp-image-85801\" srcset=\"https:\/\/i0.wp.com\/blogdoeloiltoncajuhy.com.br\/site\/wp-content\/uploads\/2025\/02\/Ed-Carlos-faz-todas-as-etapas-das-pecas-desde-o-croqui-ate-a-producao-%E2%80%94-Foto_Estudio-Dcria.jpeg?w=720&amp;ssl=1 720w, https:\/\/i0.wp.com\/blogdoeloiltoncajuhy.com.br\/site\/wp-content\/uploads\/2025\/02\/Ed-Carlos-faz-todas-as-etapas-das-pecas-desde-o-croqui-ate-a-producao-%E2%80%94-Foto_Estudio-Dcria.jpeg?resize=300%2C188&amp;ssl=1 300w\" sizes=\"(max-width: 720px) 100vw, 720px\" \/><\/a><figcaption class=\"wp-element-caption\"><sub>Ed Carlos faz todas as etapas das pe\u00e7as, desde o croqui at\u00e9 a produ\u00e7\u00e3o \u2014 Foto: Est\u00fadio Dcria<\/sub><\/figcaption><\/figure>\n\n\n\n<p>Cada tran\u00e7ado de palha que o estilista <strong><mark style=\"background-color:rgba(0, 0, 0, 0)\" class=\"has-inline-color has-black-color\">Ed Carlos<\/mark><\/strong> costura est\u00e1 entrela\u00e7ado com a sua pr\u00f3pria hist\u00f3ria. <strong><mark style=\"background-color:rgba(0, 0, 0, 0)\" class=\"has-inline-color has-black-color\">Nascido em Caldeir\u00e3o Grande, no norte da Bahia<\/mark><\/strong>, o estilista de 28 anos veio de fam\u00edlia de artes\u00e3os e cria roupas com palha de licuri desde 2024. <strong><mark style=\"background-color:rgba(0, 0, 0, 0)\" class=\"has-inline-color has-black-color\">Ele j\u00e1 vestiu famosas como Deborah Secco, Rita Batista e Lorena Improta.<\/mark><\/strong><\/p>\n\n\n\n<p>O licuri \u00e9 uma palmeira nativa da caatinga. As roupas com tran\u00e7ado de palha feitas por Ed levam uma m\u00e9dia de 15 dias para serem conclu\u00eddas e custam a partir de R$ 1,5 mil.<\/p>\n\n\n\n<p><strong><mark style=\"background-color:rgba(0, 0, 0, 0)\" class=\"has-inline-color has-black-color\">&#8220;Queria trabalhar com algo que me reconectasse com as minhas ra\u00edzes&#8221;, contou.<\/mark><\/strong><\/p>\n\n\n\n<p>O trabalho com as pe\u00e7as come\u00e7ou s\u00f3 no ano passado, mas o conhecimento vem de gera\u00e7\u00f5es. A cidade de Ed \u00e9 conhecida como a &#8220;terra do licuri&#8221; e assim como a maioria das fam\u00edlias do munic\u00edpio, a dele vivia da renda que a planta dava. A av\u00f3, por exemplo, produzia esteiras e chap\u00e9us de palha, que depois eram vendidos no com\u00e9rcio.<\/p>\n\n\n\n<ul class=\"wp-block-list\">\n<li><a href=\"https:\/\/whatsapp.com\/channel\/0029VaAT7tDLI8Yfj5y9Z50Z\"><strong><mark style=\"background-color:rgba(0, 0, 0, 0)\" class=\"has-inline-color has-vivid-red-color\">Siga nosso canal no WhatsApp e veja mais not\u00edcias<\/mark><\/strong><\/a><\/li>\n<\/ul>\n\n\n\n<p><\/p>\n\n\n\n<p>Em 2014, o estilista se mudou com a m\u00e3e para Salvador e come\u00e7ou a trabalhar como vendedor em lojas de roupas. &#8220;Eu venho de uma realidade que s\u00f3 dava para eu entrar neste mundo da moda atrav\u00e9s do com\u00e9rcio&#8221;, afirmou.<\/p>\n\n\n\n<p>Anos depois, Ed conseguiu entrar na faculdade de moda e se formou em 2019. Em 2022, ele se mudou para S\u00e3o Paulo para trabalhar em uma f\u00e1brica de roupas e tudo ia bem at\u00e9 2024. Ap\u00f3s um burnout, o estilista pediu demiss\u00e3o.<\/p>\n\n\n\n<p><strong><mark style=\"background-color:rgba(0, 0, 0, 0)\" class=\"has-inline-color has-black-color\">&#8220;Eu passei a viver para o trabalho, saia de casa 6h e s\u00f3 voltava 23h. Me vi infeliz na \u00e1rea que eu amava&#8221;, contou.<\/mark><\/strong><\/p>\n\n\n\n<p>Angustiado e ainda sem saber o que fazer para voltar para o mercado de trabalho, ele passou a sonhar com a av\u00f3, que faleceu em 2019, mesmo ano em que ele recebeu o diploma. Nos sonhos, Ed revisitava uma mem\u00f3ria afetiva da inf\u00e2ncia: a av\u00f3 sentada nas esteiras de palha de licuri, produzindo seus artesanatos.<\/p>\n\n\n\n<h4 class=\"wp-block-heading\"><strong><mark style=\"background-color:rgba(0, 0, 0, 0)\" class=\"has-inline-color has-black-color\">Vestindo famosas<\/mark><\/strong><\/h4>\n\n\n\n<figure class=\"wp-block-image aligncenter size-full\"><a href=\"https:\/\/i0.wp.com\/blogdoeloiltoncajuhy.com.br\/site\/wp-content\/uploads\/2025\/02\/Estilista-Ed-Carlos-%E2%80%94-Foto_Redes-sociais-Nico-Rocha-Brasil-News.jpeg?ssl=1\"><img data-recalc-dims=\"1\" decoding=\"async\" width=\"720\" height=\"451\" src=\"https:\/\/i0.wp.com\/blogdoeloiltoncajuhy.com.br\/site\/wp-content\/uploads\/2025\/02\/Estilista-Ed-Carlos-%E2%80%94-Foto_Redes-sociais-Nico-Rocha-Brasil-News.jpeg?resize=720%2C451&#038;ssl=1\" alt=\"\" class=\"wp-image-85802\" srcset=\"https:\/\/i0.wp.com\/blogdoeloiltoncajuhy.com.br\/site\/wp-content\/uploads\/2025\/02\/Estilista-Ed-Carlos-%E2%80%94-Foto_Redes-sociais-Nico-Rocha-Brasil-News.jpeg?w=720&amp;ssl=1 720w, https:\/\/i0.wp.com\/blogdoeloiltoncajuhy.com.br\/site\/wp-content\/uploads\/2025\/02\/Estilista-Ed-Carlos-%E2%80%94-Foto_Redes-sociais-Nico-Rocha-Brasil-News.jpeg?resize=300%2C188&amp;ssl=1 300w\" sizes=\"(max-width: 720px) 100vw, 720px\" \/><\/a><figcaption class=\"wp-element-caption\"><sub>Rita Batista, Deborah Secco e Lore Improta foram algumas das famosas que encomendaram as pe\u00e7as com o estilista \u2014 Foto: Redes sociais\/Nico Rocha\/Brasil News<\/sub><\/figcaption><\/figure>\n\n\n\n<p>Depois de dias sonhando com a av\u00f3, veio a ideia de usar os tran\u00e7ados de licuri para fazer roupas. Inicialmente, a pretens\u00e3o n\u00e3o era transformar isso em um neg\u00f3cio, mas sim relaxar e se reconectar com as ra\u00edzes.<\/p>\n\n\n\n<p>Os resultados das pe\u00e7as foram postados nas redes sociais e chamaram a aten\u00e7\u00e3o de Thiago Mesckla, stylist da jornalista Rita Batista, que buscava roupas diferentes para um evento de S\u00e3o Jo\u00e3o. A pe\u00e7a fez sucesso e outras famosas procuraram o estilista baiano.<\/p>\n\n\n\n<p>Deborah Secco usou uma das pe\u00e7as na grava\u00e7\u00e3o do reality sobre relacionamento que chega \u00e0 Globoplay neste ano, enquanto Lorena Improta usou uma pe\u00e7a para o almo\u00e7o do Baile da Aclama\u00e7\u00e3o, em janeiro deste ano.<\/p>\n\n\n\n<p><strong><mark style=\"background-color:rgba(0, 0, 0, 0)\" class=\"has-inline-color has-black-color\">&#8220;O mais importante para mim \u00e9 que essas pe\u00e7as me reconectam com minhas ra\u00edzes e recebo mensagens de pessoas que s\u00e3o tocadas dessa forma tamb\u00e9m. Pessoas que lembram da inf\u00e2ncia, do interior, da fam\u00edlia ao ver a roupa&#8221;, disse.<\/mark><\/strong><\/p>\n\n\n\n<p>Atualmente, Ed mora em Salvador e trabalha sozinho em todas as etapas de produ\u00e7\u00e3o das pe\u00e7as, que s\u00e3o feitas sob medida. At\u00e9 abril deste ano, a agenda do estilista j\u00e1 est\u00e1 fechada.<\/p>\n","protected":false},"excerpt":{"rendered":"<p>Ed Carlos come\u00e7ou a produzir pe\u00e7as h\u00e1 um ano, ap\u00f3s sonhos constantes com a av\u00f3, que era artes\u00e3 e usava a palha do licuri para tecer esteiras Por Malu Vieira\/g1 BA Cada tran\u00e7ado de palha que o estilista Ed Carlos costura est\u00e1 entrela\u00e7ado com a sua pr\u00f3pria hist\u00f3ria. Nascido em Caldeir\u00e3o Grande, no norte da [&hellip;]<\/p>\n","protected":false},"author":2,"featured_media":85801,"comment_status":"open","ping_status":"open","sticky":false,"template":"","format":"standard","meta":{"_acf_changed":false,"_monsterinsights_skip_tracking":false,"_monsterinsights_sitenote_active":false,"_monsterinsights_sitenote_note":"","_monsterinsights_sitenote_category":0,"_jetpack_memberships_contains_paid_content":false,"footnotes":"","jetpack_publicize_message":"","jetpack_publicize_feature_enabled":true,"jetpack_social_post_already_shared":true,"jetpack_social_options":{"image_generator_settings":{"template":"highway","default_image_id":0,"font":"","enabled":false},"version":2}},"categories":[5],"tags":[],"class_list":["post-85800","post","type-post","status-publish","format-standard","has-post-thumbnail","hentry","category-cotidiano"],"acf":[],"jetpack_publicize_connections":[],"jetpack_featured_media_url":"https:\/\/i0.wp.com\/blogdoeloiltoncajuhy.com.br\/site\/wp-content\/uploads\/2025\/02\/Ed-Carlos-faz-todas-as-etapas-das-pecas-desde-o-croqui-ate-a-producao-%E2%80%94-Foto_Estudio-Dcria.jpeg?fit=720%2C451&ssl=1","jetpack_sharing_enabled":true,"publishpress_future_workflow_manual_trigger":{"enabledWorkflows":[]},"_links":{"self":[{"href":"https:\/\/blogdoeloiltoncajuhy.com.br\/site\/wp-json\/wp\/v2\/posts\/85800","targetHints":{"allow":["GET"]}}],"collection":[{"href":"https:\/\/blogdoeloiltoncajuhy.com.br\/site\/wp-json\/wp\/v2\/posts"}],"about":[{"href":"https:\/\/blogdoeloiltoncajuhy.com.br\/site\/wp-json\/wp\/v2\/types\/post"}],"author":[{"embeddable":true,"href":"https:\/\/blogdoeloiltoncajuhy.com.br\/site\/wp-json\/wp\/v2\/users\/2"}],"replies":[{"embeddable":true,"href":"https:\/\/blogdoeloiltoncajuhy.com.br\/site\/wp-json\/wp\/v2\/comments?post=85800"}],"version-history":[{"count":1,"href":"https:\/\/blogdoeloiltoncajuhy.com.br\/site\/wp-json\/wp\/v2\/posts\/85800\/revisions"}],"predecessor-version":[{"id":85803,"href":"https:\/\/blogdoeloiltoncajuhy.com.br\/site\/wp-json\/wp\/v2\/posts\/85800\/revisions\/85803"}],"wp:featuredmedia":[{"embeddable":true,"href":"https:\/\/blogdoeloiltoncajuhy.com.br\/site\/wp-json\/wp\/v2\/media\/85801"}],"wp:attachment":[{"href":"https:\/\/blogdoeloiltoncajuhy.com.br\/site\/wp-json\/wp\/v2\/media?parent=85800"}],"wp:term":[{"taxonomy":"category","embeddable":true,"href":"https:\/\/blogdoeloiltoncajuhy.com.br\/site\/wp-json\/wp\/v2\/categories?post=85800"},{"taxonomy":"post_tag","embeddable":true,"href":"https:\/\/blogdoeloiltoncajuhy.com.br\/site\/wp-json\/wp\/v2\/tags?post=85800"}],"curies":[{"name":"wp","href":"https:\/\/api.w.org\/{rel}","templated":true}]}}