{"id":85792,"date":"2025-02-10T08:38:11","date_gmt":"2025-02-10T11:38:11","guid":{"rendered":"https:\/\/blogdoeloiltoncajuhy.com.br\/site\/?p=85792"},"modified":"2025-02-10T08:38:13","modified_gmt":"2025-02-10T11:38:13","slug":"ministerio-publico-defende-condenacao-da-cantora-claudia-leite-em-processo-trabalhista-em-mais-de-r-200-mil","status":"publish","type":"post","link":"https:\/\/blogdoeloiltoncajuhy.com.br\/site\/ministerio-publico-defende-condenacao-da-cantora-claudia-leite-em-processo-trabalhista-em-mais-de-r-200-mil\/","title":{"rendered":"Minist\u00e9rio P\u00fablico defende condena\u00e7\u00e3o da cantora Cl\u00e1udia Leite em processo trabalhista em mais de R$ 200 mil"},"content":{"rendered":"\n<p class=\"has-medium-font-size\"><strong>Decis\u00e3o foi comemorada pelo advogado Em\u00edlio Fraga, especialista em direito trabalhista com \u00eanfase em acidente do trabalho<\/strong><\/p>\n\n\n\n<p><strong>Blog do Eloilton Cajuhy &#8211; BEC<\/strong><\/p>\n\n\n\n<figure class=\"wp-block-image aligncenter size-large\"><a href=\"https:\/\/i0.wp.com\/blogdoeloiltoncajuhy.com.br\/site\/wp-content\/uploads\/2015\/07\/Cl%C3%A1udia_Leitte-2.jpg\"><img data-recalc-dims=\"1\" fetchpriority=\"high\" decoding=\"async\" width=\"800\" height=\"533\" src=\"https:\/\/i0.wp.com\/blogdoeloiltoncajuhy.com.br\/site\/wp-content\/uploads\/2015\/07\/Cl%C3%A1udia_Leitte-2.jpg?resize=800%2C533\" alt=\"\" class=\"wp-image-2060\" srcset=\"https:\/\/i0.wp.com\/blogdoeloiltoncajuhy.com.br\/site\/wp-content\/uploads\/2015\/07\/Cl%C3%A1udia_Leitte-2.jpg?w=1024&amp;ssl=1 1024w, https:\/\/i0.wp.com\/blogdoeloiltoncajuhy.com.br\/site\/wp-content\/uploads\/2015\/07\/Cl%C3%A1udia_Leitte-2.jpg?resize=300%2C200&amp;ssl=1 300w, https:\/\/i0.wp.com\/blogdoeloiltoncajuhy.com.br\/site\/wp-content\/uploads\/2015\/07\/Cl%C3%A1udia_Leitte-2.jpg?resize=250%2C167&amp;ssl=1 250w\" sizes=\"(max-width: 800px) 100vw, 800px\" \/><\/a><figcaption class=\"wp-element-caption\"><sub>Minist\u00e9rio P\u00fablico defende condena\u00e7\u00e3o da cantora Cl\u00e1udia Leite em processo trabalhista em mais de R$ 200 mil &#8211; Foto: Reprodu\u00e7\u00e3o<\/sub><\/figcaption><\/figure>\n\n\n\n<p>O Minist\u00e9rio P\u00fablico do Trabalho (MPT) se posicionou de forma contundente a favor da condena\u00e7\u00e3o da cantora Cl\u00e1udia Leite em um processo trabalhista movido por Danilo Souza, ex-backing vocal da artista. A decis\u00e3o, que j\u00e1 foi celebrada pelo advogado Em\u00edlio Fraga, representante do m\u00fasico, refor\u00e7a a responsabilidade da cantora e de suas empresas por n\u00e3o garantir um ambiente seguro aos funcion\u00e1rios durante a pandemia de COVID-19. O caso envolve o reconhecimento do v\u00ednculo empregat\u00edcio e a falta de medidas adequadas de prote\u00e7\u00e3o \u00e0 sa\u00fade dos trabalhadores.<\/p>\n\n\n\n<p>Danilo Souza, conhecido como Danilo Black, atuou na banda de Cl\u00e1udia Leite entre 2018 e 2022, per\u00edodo em que nunca teve a carteira assinada. Ele recebia inicialmente R$ 700, valor que chegou a R$ 1.400 ao final do contrato. A situa\u00e7\u00e3o se agravou em 2021, quando o m\u00fasico contraiu COVID-19 durante um show no Rio Grande do Norte. Segundo ele, acabou exposto ao v\u00edrus por membros da equipe j\u00e1 contaminados e dispensado enquanto estava afastado pela doen\u00e7a. A Justi\u00e7a reconheceu o v\u00ednculo empregat\u00edcio e determinou o pagamento de verbas rescis\u00f3rias em cerca de R$ 229 mil e uma indeniza\u00e7\u00e3o por danos morais de R$ 5 mil.<\/p>\n\n\n\n<ul class=\"wp-block-list\">\n<li><a href=\"https:\/\/whatsapp.com\/channel\/0029VaAT7tDLI8Yfj5y9Z50Z\"><strong><mark style=\"background-color:rgba(0, 0, 0, 0)\" class=\"has-inline-color has-vivid-red-color\">Siga nosso canal no WhatsApp e veja mais not\u00edcias<\/mark><\/strong><\/a><\/li>\n<\/ul>\n\n\n\n<p><\/p>\n\n\n\n<p>O MPT destacou que as empresas ligadas \u00e0 cantora falharam em fiscalizar e garantir o cumprimento das normas de preven\u00e7\u00e3o ao v\u00edrus. A procuradora regional do Trabalho, Carla Geovanna Cunha Rossi Mota, afirmou que \u201crepousam nos autos provas que apontam diversas falhas das empresas na condu\u00e7\u00e3o\/fiscaliza\u00e7\u00e3o do cumprimento das medidas de preven\u00e7\u00e3o\u201d. Al\u00e9m disso, o \u00f3rg\u00e3o ressaltou que n\u00e3o houve comprova\u00e7\u00e3o de que os empregados estavam sendo acompanhados para garantir o uso correto de equipamentos de prote\u00e7\u00e3o e o distanciamento social.<\/p>\n\n\n\n<p>A decis\u00e3o do MPT apontou que a enfermidade de Danilo foi causado por uma doen\u00e7a ocupacional, refor\u00e7ando a responsabilidade das empresas de Cl\u00e1udia Leite pelos danos morais sofridos. \u201cEst\u00e3o presentes os elementos necess\u00e1rios para o reconhecimento da responsabilidade das Reclamadas pelos danos morais decorrentes do infort\u00fanio\u201d, concluiu o documento. A procuradora tamb\u00e9m recomendou o n\u00e3o provimento do recurso ordin\u00e1rio apresentado pela defesa da cantora, mantendo a condena\u00e7\u00e3o.<\/p>\n\n\n\n<p>A decis\u00e3o, datada de 12 de dezembro de 2024 e publicada somente agora em fevereiro, representa um marco na luta por direitos trabalhistas durante a pandemia. Enquanto a defesa de Danilo comemora a vit\u00f3ria, Cl\u00e1udia Leite e sua equipe jur\u00eddica ter\u00e3o que lidar com as consequ\u00eancias da condena\u00e7\u00e3o, que pode abrir precedentes para outros casos semelhantes. A batalha judicial ainda n\u00e3o terminou, mas a posi\u00e7\u00e3o firme do MPT e as provas apresentadas indicam que a cantora enfrentar\u00e1 desafios significativos para reverter a decis\u00e3o. \u201cHouve uma agress\u00e3o \u00e0 legisla\u00e7\u00e3o trabalhista por parte da artista com contrata\u00e7\u00e3o irregular e al\u00e9m disso n\u00e3o ela n\u00e3o promoveu a seguran\u00e7a e a sa\u00fade do trabalhador\u201d, refor\u00e7ou Fraga que comemorou a decis\u00e3o que para ele deve ser mantida pela Justi\u00e7a.<\/p>\n","protected":false},"excerpt":{"rendered":"<p>Decis\u00e3o foi comemorada pelo advogado Em\u00edlio Fraga, especialista em direito trabalhista com \u00eanfase em acidente do trabalho Blog do Eloilton Cajuhy &#8211; BEC O Minist\u00e9rio P\u00fablico do Trabalho (MPT) se posicionou de forma contundente a favor da condena\u00e7\u00e3o da cantora Cl\u00e1udia Leite em um processo trabalhista movido por Danilo Souza, ex-backing vocal da artista. A [&hellip;]<\/p>\n","protected":false},"author":2,"featured_media":85074,"comment_status":"open","ping_status":"open","sticky":false,"template":"","format":"standard","meta":{"_acf_changed":false,"_monsterinsights_skip_tracking":false,"_monsterinsights_sitenote_active":false,"_monsterinsights_sitenote_note":"","_monsterinsights_sitenote_category":0,"_jetpack_memberships_contains_paid_content":false,"footnotes":"","jetpack_publicize_message":"","jetpack_publicize_feature_enabled":true,"jetpack_social_post_already_shared":false,"jetpack_social_options":{"image_generator_settings":{"template":"highway","enabled":false},"version":2}},"categories":[8],"tags":[],"class_list":["post-85792","post","type-post","status-publish","format-standard","has-post-thumbnail","hentry","category-cultura"],"acf":[],"jetpack_publicize_connections":[],"jetpack_featured_media_url":"https:\/\/i0.wp.com\/blogdoeloiltoncajuhy.com.br\/site\/wp-content\/uploads\/2024\/12\/Claudia-Leitte-%E2%80%94-Foto_Joilson-Cesar_Ag.-Picnews.jpeg?fit=700%2C467&ssl=1","jetpack_sharing_enabled":true,"publishpress_future_workflow_manual_trigger":{"enabledWorkflows":[]},"_links":{"self":[{"href":"https:\/\/blogdoeloiltoncajuhy.com.br\/site\/wp-json\/wp\/v2\/posts\/85792","targetHints":{"allow":["GET"]}}],"collection":[{"href":"https:\/\/blogdoeloiltoncajuhy.com.br\/site\/wp-json\/wp\/v2\/posts"}],"about":[{"href":"https:\/\/blogdoeloiltoncajuhy.com.br\/site\/wp-json\/wp\/v2\/types\/post"}],"author":[{"embeddable":true,"href":"https:\/\/blogdoeloiltoncajuhy.com.br\/site\/wp-json\/wp\/v2\/users\/2"}],"replies":[{"embeddable":true,"href":"https:\/\/blogdoeloiltoncajuhy.com.br\/site\/wp-json\/wp\/v2\/comments?post=85792"}],"version-history":[{"count":1,"href":"https:\/\/blogdoeloiltoncajuhy.com.br\/site\/wp-json\/wp\/v2\/posts\/85792\/revisions"}],"predecessor-version":[{"id":85793,"href":"https:\/\/blogdoeloiltoncajuhy.com.br\/site\/wp-json\/wp\/v2\/posts\/85792\/revisions\/85793"}],"wp:featuredmedia":[{"embeddable":true,"href":"https:\/\/blogdoeloiltoncajuhy.com.br\/site\/wp-json\/wp\/v2\/media\/85074"}],"wp:attachment":[{"href":"https:\/\/blogdoeloiltoncajuhy.com.br\/site\/wp-json\/wp\/v2\/media?parent=85792"}],"wp:term":[{"taxonomy":"category","embeddable":true,"href":"https:\/\/blogdoeloiltoncajuhy.com.br\/site\/wp-json\/wp\/v2\/categories?post=85792"},{"taxonomy":"post_tag","embeddable":true,"href":"https:\/\/blogdoeloiltoncajuhy.com.br\/site\/wp-json\/wp\/v2\/tags?post=85792"}],"curies":[{"name":"wp","href":"https:\/\/api.w.org\/{rel}","templated":true}]}}