{"id":85788,"date":"2025-02-10T08:24:28","date_gmt":"2025-02-10T11:24:28","guid":{"rendered":"https:\/\/blogdoeloiltoncajuhy.com.br\/site\/?p=85788"},"modified":"2025-02-10T08:24:30","modified_gmt":"2025-02-10T11:24:30","slug":"filho-de-catadora-de-latinha-e-aprovado-em-universidade-na-espanha-e-se-prepara-para-intercambio","status":"publish","type":"post","link":"https:\/\/blogdoeloiltoncajuhy.com.br\/site\/filho-de-catadora-de-latinha-e-aprovado-em-universidade-na-espanha-e-se-prepara-para-intercambio\/","title":{"rendered":"Filho de catadora de latinha \u00e9 aprovado em universidade na Espanha e se prepara para interc\u00e2mbio"},"content":{"rendered":"\n<p class=\"has-medium-font-size\"><strong>Estudante de Am\u00e9lia Rodrigues, no interior da Bahia, tem 22 anos e cresceu vendo a m\u00e3e sustentar a fam\u00edlia com o trabalho de coleta de materiais recicl\u00e1veis, faxinas e cuidado de idosos<\/strong><\/p>\n\n\n\n<p><strong>Por g1 Feira de Santana e regi\u00e3o<\/strong><\/p>\n\n\n\n<figure class=\"wp-block-image aligncenter size-full\"><a href=\"https:\/\/i0.wp.com\/blogdoeloiltoncajuhy.com.br\/site\/wp-content\/uploads\/2025\/02\/Baiano-e-aprovado-em-universidade-na-Espanha-%E2%80%94-Foto_Reproducao-TV-Subae.jpeg?ssl=1\"><img data-recalc-dims=\"1\" fetchpriority=\"high\" decoding=\"async\" width=\"720\" height=\"432\" src=\"https:\/\/i0.wp.com\/blogdoeloiltoncajuhy.com.br\/site\/wp-content\/uploads\/2025\/02\/Baiano-e-aprovado-em-universidade-na-Espanha-%E2%80%94-Foto_Reproducao-TV-Subae.jpeg?resize=720%2C432&#038;ssl=1\" alt=\"\" class=\"wp-image-85789\" srcset=\"https:\/\/i0.wp.com\/blogdoeloiltoncajuhy.com.br\/site\/wp-content\/uploads\/2025\/02\/Baiano-e-aprovado-em-universidade-na-Espanha-%E2%80%94-Foto_Reproducao-TV-Subae.jpeg?w=720&amp;ssl=1 720w, https:\/\/i0.wp.com\/blogdoeloiltoncajuhy.com.br\/site\/wp-content\/uploads\/2025\/02\/Baiano-e-aprovado-em-universidade-na-Espanha-%E2%80%94-Foto_Reproducao-TV-Subae.jpeg?resize=300%2C180&amp;ssl=1 300w\" sizes=\"(max-width: 720px) 100vw, 720px\" \/><\/a><figcaption class=\"wp-element-caption\"><sub>Baiano \u00e9 aprovado em universidade na Espanha e se prepara para interc\u00e2mbio \u2014 Foto: Reprodu\u00e7\u00e3o\/TV Suba\u00e9<\/sub><\/figcaption><\/figure>\n\n\n\n<p>De origem humilde, o estudante <strong><mark style=\"background-color:rgba(0, 0, 0, 0)\" class=\"has-inline-color has-black-color\">Vin\u00edcius dos Santos Ven\u00e2ncio<\/mark><\/strong>, de 22 anos, natural de Am\u00e9lia Rodrigues, est\u00e1 prestes a realizar um grande sonho: estudar na Universidade de Valladolid, na Espanha. Aluno do curso de Licenciatura em Letras com Espanhol na Universidade Estadual de Feira de Santana (Uefs), ele foi aprovado para o interc\u00e2mbio acad\u00eamico e agora se organiza para iniciar essa nova etapa da vida.<\/p>\n\n\n\n<p>Filho da recicladora <strong><mark style=\"background-color:rgba(0, 0, 0, 0)\" class=\"has-inline-color has-black-color\">Renilza de Assis Santos<\/mark><\/strong>, Vin\u00edcius cresceu vendo a m\u00e3e sustentar a fam\u00edlia com o trabalho de coleta de materiais recicl\u00e1veis, faxinas e cuidado de idosos. Diante das dificuldades financeiras, viu a educa\u00e7\u00e3o como uma ferramenta de transforma\u00e7\u00e3o e se dedicou aos estudos.<\/p>\n\n\n\n<p>Em entrevista a TV Suba\u00e9, Vin\u00edcius lembra animado a rea\u00e7\u00e3o ao receber a not\u00edcia da aprova\u00e7\u00e3o na universidade da Espanha.<\/p>\n\n\n\n<p>\u201cQuando recebi a carta de aceita\u00e7\u00e3o, foi uma felicidade enorme, mas tamb\u00e9m um grande desafio\u201d, contou Vin\u00edcius. Al\u00e9m de futuro professor, ele \u00e9 poeta e pretende participar de competi\u00e7\u00f5es de poesia.<\/p>\n\n\n\n<p>\u201cQuero representar a Bahia e o Brasil, contribuir para o desenvolvimento cultural e inspirar outras pessoas que, assim como eu, sonham com um futuro melhor\u201d, destaca.<\/p>\n\n\n\n<ul class=\"wp-block-list\">\n<li><a href=\"https:\/\/whatsapp.com\/channel\/0029VaAT7tDLI8Yfj5y9Z50Z\"><strong><mark style=\"background-color:rgba(0, 0, 0, 0)\" class=\"has-inline-color has-vivid-red-color\">Siga nosso canal no WhatsApp e veja mais not\u00edcias<\/mark><\/strong><\/a><\/li>\n<\/ul>\n\n\n\n<p><\/p>\n\n\n\n<figure class=\"wp-block-image aligncenter size-full\"><a href=\"https:\/\/i0.wp.com\/blogdoeloiltoncajuhy.com.br\/site\/wp-content\/uploads\/2025\/02\/Baiano-e-aprovado-em-universidade-na-Espanha-2-%E2%80%94-Foto_Reproducao-TV-Subae.jpeg?ssl=1\"><img data-recalc-dims=\"1\" decoding=\"async\" width=\"720\" height=\"432\" src=\"https:\/\/i0.wp.com\/blogdoeloiltoncajuhy.com.br\/site\/wp-content\/uploads\/2025\/02\/Baiano-e-aprovado-em-universidade-na-Espanha-2-%E2%80%94-Foto_Reproducao-TV-Subae.jpeg?resize=720%2C432&#038;ssl=1\" alt=\"\" class=\"wp-image-85790\" srcset=\"https:\/\/i0.wp.com\/blogdoeloiltoncajuhy.com.br\/site\/wp-content\/uploads\/2025\/02\/Baiano-e-aprovado-em-universidade-na-Espanha-2-%E2%80%94-Foto_Reproducao-TV-Subae.jpeg?w=720&amp;ssl=1 720w, https:\/\/i0.wp.com\/blogdoeloiltoncajuhy.com.br\/site\/wp-content\/uploads\/2025\/02\/Baiano-e-aprovado-em-universidade-na-Espanha-2-%E2%80%94-Foto_Reproducao-TV-Subae.jpeg?resize=300%2C180&amp;ssl=1 300w\" sizes=\"(max-width: 720px) 100vw, 720px\" \/><\/a><figcaption class=\"wp-element-caption\"><sub>Baiano \u00e9 aprovado em universidade na Espanha e se prepara para interc\u00e2mbio \u2014 Foto: Reprodu\u00e7\u00e3o\/TV Suba\u00e9<\/sub><\/figcaption><\/figure>\n\n\n\n<p>Para tornar esse sonho realidade, o jovem mobilizou amigos e familiares para arrecadar os recursos necess\u00e1rios. Al\u00e9m dos custos com passagem e documenta\u00e7\u00e3o, ser\u00e1 necess\u00e1rio se manter financeiramente durante a estadia na Espanha. As despesas incluem moradia e alimenta\u00e7\u00e3o.<\/p>\n\n\n\n<p>Mesmo com limita\u00e7\u00f5es financeiras, Renilza, m\u00e3e do estudante, sempre se esfor\u00e7ou para proporcionar as melhores oportunidades para o filho. Em muitos momentos isso significou sacrif\u00edcios pessoais. Para ela, o interc\u00e2mbio do filho representa mais que uma chance de estudos, mas um passo importante para a mudan\u00e7a de vida de Vin\u00edcius.<\/p>\n\n\n\n<p>\u201cEle sempre foi muito dedicado e sonhou alto. Como m\u00e3e, fa\u00e7o tudo o que posso para apoiar, porque sei que essa oportunidade pode mudar a vida dele\u201d, disse dona Renilza.<\/p>\n\n\n\n<p>A Universidade de Valladolid, fundada no s\u00e9culo XIII, \u00e9 uma das mais tradicionais institui\u00e7\u00f5es de ensino da Europa. Vin\u00edcius v\u00ea a oportunidade n\u00e3o apenas como um crescimento acad\u00eamico, mas tamb\u00e9m pessoal e profissional.<\/p>\n\n\n\n<p>Agora, a expectativa \u00e9 grande para o in\u00edcio das aulas, que j\u00e1 tem data marcada: 12 de fevereiro. O estudante segue focado nos \u00faltimos preparativos para dar in\u00edcio a essa nova etapa da vida.<\/p>\n","protected":false},"excerpt":{"rendered":"<p>Estudante de Am\u00e9lia Rodrigues, no interior da Bahia, tem 22 anos e cresceu vendo a m\u00e3e sustentar a fam\u00edlia com o trabalho de coleta de materiais recicl\u00e1veis, faxinas e cuidado de idosos Por g1 Feira de Santana e regi\u00e3o De origem humilde, o estudante Vin\u00edcius dos Santos Ven\u00e2ncio, de 22 anos, natural de Am\u00e9lia Rodrigues, [&hellip;]<\/p>\n","protected":false},"author":2,"featured_media":85790,"comment_status":"open","ping_status":"open","sticky":false,"template":"","format":"standard","meta":{"_acf_changed":false,"_monsterinsights_skip_tracking":false,"_monsterinsights_sitenote_active":false,"_monsterinsights_sitenote_note":"","_monsterinsights_sitenote_category":0,"_jetpack_memberships_contains_paid_content":false,"footnotes":"","jetpack_publicize_message":"","jetpack_publicize_feature_enabled":true,"jetpack_social_post_already_shared":true,"jetpack_social_options":{"image_generator_settings":{"template":"highway","default_image_id":0,"font":"","enabled":false},"version":2}},"categories":[14],"tags":[],"class_list":["post-85788","post","type-post","status-publish","format-standard","has-post-thumbnail","hentry","category-educacao"],"acf":[],"jetpack_publicize_connections":[],"jetpack_featured_media_url":"https:\/\/i0.wp.com\/blogdoeloiltoncajuhy.com.br\/site\/wp-content\/uploads\/2025\/02\/Baiano-e-aprovado-em-universidade-na-Espanha-2-%E2%80%94-Foto_Reproducao-TV-Subae.jpeg?fit=720%2C432&ssl=1","jetpack_sharing_enabled":true,"publishpress_future_workflow_manual_trigger":{"enabledWorkflows":[]},"_links":{"self":[{"href":"https:\/\/blogdoeloiltoncajuhy.com.br\/site\/wp-json\/wp\/v2\/posts\/85788","targetHints":{"allow":["GET"]}}],"collection":[{"href":"https:\/\/blogdoeloiltoncajuhy.com.br\/site\/wp-json\/wp\/v2\/posts"}],"about":[{"href":"https:\/\/blogdoeloiltoncajuhy.com.br\/site\/wp-json\/wp\/v2\/types\/post"}],"author":[{"embeddable":true,"href":"https:\/\/blogdoeloiltoncajuhy.com.br\/site\/wp-json\/wp\/v2\/users\/2"}],"replies":[{"embeddable":true,"href":"https:\/\/blogdoeloiltoncajuhy.com.br\/site\/wp-json\/wp\/v2\/comments?post=85788"}],"version-history":[{"count":1,"href":"https:\/\/blogdoeloiltoncajuhy.com.br\/site\/wp-json\/wp\/v2\/posts\/85788\/revisions"}],"predecessor-version":[{"id":85791,"href":"https:\/\/blogdoeloiltoncajuhy.com.br\/site\/wp-json\/wp\/v2\/posts\/85788\/revisions\/85791"}],"wp:featuredmedia":[{"embeddable":true,"href":"https:\/\/blogdoeloiltoncajuhy.com.br\/site\/wp-json\/wp\/v2\/media\/85790"}],"wp:attachment":[{"href":"https:\/\/blogdoeloiltoncajuhy.com.br\/site\/wp-json\/wp\/v2\/media?parent=85788"}],"wp:term":[{"taxonomy":"category","embeddable":true,"href":"https:\/\/blogdoeloiltoncajuhy.com.br\/site\/wp-json\/wp\/v2\/categories?post=85788"},{"taxonomy":"post_tag","embeddable":true,"href":"https:\/\/blogdoeloiltoncajuhy.com.br\/site\/wp-json\/wp\/v2\/tags?post=85788"}],"curies":[{"name":"wp","href":"https:\/\/api.w.org\/{rel}","templated":true}]}}