{"id":85730,"date":"2025-02-05T16:10:32","date_gmt":"2025-02-05T19:10:32","guid":{"rendered":"https:\/\/blogdoeloiltoncajuhy.com.br\/site\/?p=85730"},"modified":"2025-02-05T16:11:07","modified_gmt":"2025-02-05T19:11:07","slug":"governo-do-estado-abre-selecao-para-contratacao-de-3-778-profissionais-na-saude","status":"publish","type":"post","link":"https:\/\/blogdoeloiltoncajuhy.com.br\/site\/governo-do-estado-abre-selecao-para-contratacao-de-3-778-profissionais-na-saude\/","title":{"rendered":"Governo do Estado abre sele\u00e7\u00e3o para contrata\u00e7\u00e3o de 3.778 profissionais na sa\u00fade"},"content":{"rendered":"\n<p><strong>Blog do Eloilton Cajuhy \u2013 BEC<\/strong><\/p>\n\n\n\n<figure class=\"wp-block-image aligncenter size-full\"><a href=\"https:\/\/i0.wp.com\/blogdoeloiltoncajuhy.com.br\/site\/wp-content\/uploads\/2025\/02\/Sesab_govba.jpeg?ssl=1\"><img data-recalc-dims=\"1\" fetchpriority=\"high\" decoding=\"async\" width=\"740\" height=\"493\" src=\"https:\/\/i0.wp.com\/blogdoeloiltoncajuhy.com.br\/site\/wp-content\/uploads\/2025\/02\/Sesab_govba.jpeg?resize=740%2C493&#038;ssl=1\" alt=\"\" class=\"wp-image-85731\" srcset=\"https:\/\/i0.wp.com\/blogdoeloiltoncajuhy.com.br\/site\/wp-content\/uploads\/2025\/02\/Sesab_govba.jpeg?w=740&amp;ssl=1 740w, https:\/\/i0.wp.com\/blogdoeloiltoncajuhy.com.br\/site\/wp-content\/uploads\/2025\/02\/Sesab_govba.jpeg?resize=300%2C200&amp;ssl=1 300w\" sizes=\"(max-width: 740px) 100vw, 740px\" \/><\/a><figcaption class=\"wp-element-caption\"><sub>Foto: Sesab<\/sub><\/figcaption><\/figure>\n\n\n\n<p>Foi publicado no Di\u00e1rio Oficial do Estado desta quarta-feira (05), o <a href=\"https:\/\/www.saude.ba.gov.br\/wp-content\/uploads\/2025\/02\/Edital-REDA.pdf\"><strong><mark style=\"background-color:rgba(0, 0, 0, 0)\" class=\"has-inline-color has-vivid-cyan-blue-color\">edital do Processo Seletivo Simplificado<\/mark><\/strong><\/a> para a contrata\u00e7\u00e3o de 3.778 profissionais em Regime Especial de Direito Administrativo (REDA). A iniciativa da Secretaria da Sa\u00fade do Estado da Bahia (Sesab) busca refor\u00e7ar o atendimento nas unidades de sa\u00fade da capital e do interior. As inscri\u00e7\u00f5es estar\u00e3o abertas entre os dias 12 e 25 de fevereiro de 2025 e ser\u00e3o realizadas pelo site do Instituto de Desenvolvimento e Capacita\u00e7\u00e3o (IDCAP).<\/p>\n\n\n\n<p>Do total de vagas, 2.630 s\u00e3o destinadas a profissionais da \u00e1rea da sa\u00fade, como t\u00e9cnicos de enfermagem, radiologia e patologia, al\u00e9m de assistentes sociais, enfermeiros, bi\u00f3logos, farmac\u00eauticos, psic\u00f3logos, sanitaristas, terapeutas ocupacionais e m\u00e9dicos veterin\u00e1rios. Outras 1.148 oportunidades s\u00e3o para fun\u00e7\u00f5es administrativas de n\u00edvel m\u00e9dio e superior.<\/p>\n\n\n\n<p>A sele\u00e7\u00e3o ser\u00e1 feita por meio de prova objetiva e an\u00e1lise de t\u00edtulos, com aplica\u00e7\u00e3o prevista para o dia 23 de mar\u00e7o. O resultado final deve ser homologado no dia 6 de maio, e os contratos ter\u00e3o dura\u00e7\u00e3o inicial de at\u00e9 36 meses, podendo ser prorrogados por igual per\u00edodo.<\/p>\n\n\n\n<p>O certame permitir\u00e1 a substitui\u00e7\u00e3o de cerca de 2.700 contratos emergenciais firmados durante a pandemia, al\u00e9m da recomposi\u00e7\u00e3o de vagas administrativas e atendimento a demandas estrat\u00e9gicas da Secretaria. O impacto financeiro anual estimado \u00e9 de R$ 13,8 milh\u00f5es, o que corresponde a aproximadamente 1% do or\u00e7amento da folha de pagamento de 2025.<\/p>\n\n\n\n<p>A secret\u00e1ria da Sa\u00fade do Estado, Roberta Santana, destacou a import\u00e2ncia da sele\u00e7\u00e3o para o fortalecimento da rede p\u00fablica. \u201cEsse processo seletivo representa um avan\u00e7o significativo na estrutura\u00e7\u00e3o das nossas unidades de sa\u00fade, garantindo mais profissionais qualificados para atender a popula\u00e7\u00e3o baiana com efici\u00eancia e qualidade\u201d, afirmou.<\/p>\n\n\n\n<p>As provas ser\u00e3o realizadas em diversas cidades, incluindo Salvador, Feira de Santana, Juazeiro, Vit\u00f3ria da Conquista e Barreiras. A taxa de inscri\u00e7\u00e3o \u00e9 de R$ 41,50 para cargos de n\u00edvel m\u00e9dio e R$ 58,50 para n\u00edvel superior.<\/p>\n\n\n\n<p>Mais informa\u00e7\u00f5es est\u00e3o dispon\u00edveis no site da Sesab (<a href=\"http:\/\/www.saude.ba.gov.br\"><strong><mark style=\"background-color:rgba(0, 0, 0, 0)\" class=\"has-inline-color has-vivid-cyan-blue-color\">www.saude.ba.gov.br<\/mark><\/strong><\/a>) e no portal do IDCAP (<a href=\"http:\/\/www.idcap.org.br\"><strong><mark style=\"background-color:rgba(0, 0, 0, 0)\" class=\"has-inline-color has-vivid-cyan-blue-color\">www.idcap.org.br<\/mark><\/strong><\/a>).<\/p>\n\n\n\n<ul class=\"wp-block-list\">\n<li><a href=\"https:\/\/whatsapp.com\/channel\/0029VaAT7tDLI8Yfj5y9Z50Z\"><strong><mark style=\"background-color:rgba(0, 0, 0, 0)\" class=\"has-inline-color has-vivid-red-color\">Siga nosso canal no WhatsApp e veja mais not\u00edcias<\/mark><\/strong><\/a><\/li>\n<\/ul>\n","protected":false},"excerpt":{"rendered":"<p>Blog do Eloilton Cajuhy \u2013 BEC Foi publicado no Di\u00e1rio Oficial do Estado desta quarta-feira (05), o edital do Processo Seletivo Simplificado para a contrata\u00e7\u00e3o de 3.778 profissionais em Regime Especial de Direito Administrativo (REDA). A iniciativa da Secretaria da Sa\u00fade do Estado da Bahia (Sesab) busca refor\u00e7ar o atendimento nas unidades de sa\u00fade da [&hellip;]<\/p>\n","protected":false},"author":2,"featured_media":85731,"comment_status":"open","ping_status":"open","sticky":false,"template":"","format":"standard","meta":{"_acf_changed":false,"_monsterinsights_skip_tracking":false,"_monsterinsights_sitenote_active":false,"_monsterinsights_sitenote_note":"","_monsterinsights_sitenote_category":0,"_jetpack_memberships_contains_paid_content":false,"footnotes":"","jetpack_publicize_message":"","jetpack_publicize_feature_enabled":true,"jetpack_social_post_already_shared":false,"jetpack_social_options":{"image_generator_settings":{"template":"highway","enabled":false},"version":2}},"categories":[32],"tags":[],"class_list":["post-85730","post","type-post","status-publish","format-standard","has-post-thumbnail","hentry","category-emprego"],"acf":[],"jetpack_publicize_connections":[],"jetpack_featured_media_url":"https:\/\/i0.wp.com\/blogdoeloiltoncajuhy.com.br\/site\/wp-content\/uploads\/2025\/02\/Sesab_govba.jpeg?fit=740%2C493&ssl=1","jetpack_sharing_enabled":true,"publishpress_future_workflow_manual_trigger":{"enabledWorkflows":[]},"_links":{"self":[{"href":"https:\/\/blogdoeloiltoncajuhy.com.br\/site\/wp-json\/wp\/v2\/posts\/85730","targetHints":{"allow":["GET"]}}],"collection":[{"href":"https:\/\/blogdoeloiltoncajuhy.com.br\/site\/wp-json\/wp\/v2\/posts"}],"about":[{"href":"https:\/\/blogdoeloiltoncajuhy.com.br\/site\/wp-json\/wp\/v2\/types\/post"}],"author":[{"embeddable":true,"href":"https:\/\/blogdoeloiltoncajuhy.com.br\/site\/wp-json\/wp\/v2\/users\/2"}],"replies":[{"embeddable":true,"href":"https:\/\/blogdoeloiltoncajuhy.com.br\/site\/wp-json\/wp\/v2\/comments?post=85730"}],"version-history":[{"count":2,"href":"https:\/\/blogdoeloiltoncajuhy.com.br\/site\/wp-json\/wp\/v2\/posts\/85730\/revisions"}],"predecessor-version":[{"id":85733,"href":"https:\/\/blogdoeloiltoncajuhy.com.br\/site\/wp-json\/wp\/v2\/posts\/85730\/revisions\/85733"}],"wp:featuredmedia":[{"embeddable":true,"href":"https:\/\/blogdoeloiltoncajuhy.com.br\/site\/wp-json\/wp\/v2\/media\/85731"}],"wp:attachment":[{"href":"https:\/\/blogdoeloiltoncajuhy.com.br\/site\/wp-json\/wp\/v2\/media?parent=85730"}],"wp:term":[{"taxonomy":"category","embeddable":true,"href":"https:\/\/blogdoeloiltoncajuhy.com.br\/site\/wp-json\/wp\/v2\/categories?post=85730"},{"taxonomy":"post_tag","embeddable":true,"href":"https:\/\/blogdoeloiltoncajuhy.com.br\/site\/wp-json\/wp\/v2\/tags?post=85730"}],"curies":[{"name":"wp","href":"https:\/\/api.w.org\/{rel}","templated":true}]}}