{"id":85724,"date":"2025-02-05T15:27:56","date_gmt":"2025-02-05T18:27:56","guid":{"rendered":"https:\/\/blogdoeloiltoncajuhy.com.br\/site\/?p=85724"},"modified":"2025-02-05T15:27:58","modified_gmt":"2025-02-05T18:27:58","slug":"esther-dweck-celebra-resultados-do-cpnu-e-preve-novo-edital-para-2025","status":"publish","type":"post","link":"https:\/\/blogdoeloiltoncajuhy.com.br\/site\/esther-dweck-celebra-resultados-do-cpnu-e-preve-novo-edital-para-2025\/","title":{"rendered":"Esther Dweck celebra resultados do CPNU e prev\u00ea novo edital para 2025"},"content":{"rendered":"\n<p class=\"has-medium-font-size\"><strong>Em entrevista a radialistas, ministra da Gest\u00e3o e Inova\u00e7\u00e3o faz balan\u00e7o do Concurso P\u00fablico Nacional Unificado e diz que acertos e ajustes est\u00e3o sendo avaliados para a segunda edi\u00e7\u00e3o<\/strong><\/p>\n\n\n\n<p><strong>Blog do Eloilton Cajuhy \u2013 BEC<\/strong><\/p>\n\n\n\n<figure class=\"wp-block-image aligncenter size-full\"><a href=\"https:\/\/i0.wp.com\/blogdoeloiltoncajuhy.com.br\/site\/wp-content\/uploads\/2025\/02\/Ministra-Esther-Dweck_Foto_Diego-Campos-Secom-PR.jpg?ssl=1\"><img data-recalc-dims=\"1\" fetchpriority=\"high\" decoding=\"async\" width=\"768\" height=\"512\" src=\"https:\/\/i0.wp.com\/blogdoeloiltoncajuhy.com.br\/site\/wp-content\/uploads\/2025\/02\/Ministra-Esther-Dweck_Foto_Diego-Campos-Secom-PR.jpg?resize=768%2C512&#038;ssl=1\" alt=\"\" class=\"wp-image-85725\" srcset=\"https:\/\/i0.wp.com\/blogdoeloiltoncajuhy.com.br\/site\/wp-content\/uploads\/2025\/02\/Ministra-Esther-Dweck_Foto_Diego-Campos-Secom-PR.jpg?w=768&amp;ssl=1 768w, https:\/\/i0.wp.com\/blogdoeloiltoncajuhy.com.br\/site\/wp-content\/uploads\/2025\/02\/Ministra-Esther-Dweck_Foto_Diego-Campos-Secom-PR.jpg?resize=300%2C200&amp;ssl=1 300w\" sizes=\"(max-width: 768px) 100vw, 768px\" \/><\/a><figcaption class=\"wp-element-caption\"><sub>Segundo a ministra Esther Dweck, previs\u00e3o \u00e9 de que o novo edital seja publicado no primeiro trimestre de 2025 &#8211; Foto: Diego Campos\/Secom-PR<\/sub><\/figcaption><\/figure>\n\n\n\n<p>\u201cEstamos muito felizes e ansiosos com a chegada dos novos servidores\u201d, comemorou a ministra da Gest\u00e3o e da Inova\u00e7\u00e3o em Servi\u00e7os P\u00fablicos, Esther Dweck, durante entrevista ao \u201cBom dia, Ministra\u201d, desta quarta-feira (05).<\/p>\n\n\n\n<p>O resultado do Concurso P\u00fablico Nacional Unificado (CPNU), que ofereceu 6.640 vagas em mais de 20 \u00f3rg\u00e3os e entidades do Governo Federal, foi anunciado na ter\u00e7a-feira (04) e representa o que ela considera uma \u201cinova\u00e7\u00e3o\u201c na gest\u00e3o p\u00fablica, especialmente por se tratar de uma \u201ccontrata\u00e7\u00e3o t\u00e3o grandiosa em um \u00fanico certame\u201d. Mais de um milh\u00e3o de pessoas fizeram as provas. Os aprovados representam 908 cidades nas cinco regi\u00f5es e nas 27 Unidades Federativas.<\/p>\n\n\n\n<h2 class=\"wp-block-heading has-text-align-center\"><strong><mark style=\"background-color:rgba(0, 0, 0, 0)\" class=\"has-inline-color has-vivid-red-color\">____________<\/mark><\/strong><\/h2>\n\n\n\n<blockquote class=\"wp-block-quote is-layout-flow wp-block-quote-is-layout-flow\">\n<p class=\"has-medium-font-size\"><strong><mark style=\"background-color:rgba(0, 0, 0, 0)\" class=\"has-inline-color has-black-color\">Teremos outras oportunidades. Que ningu\u00e9m se desanime, pois, em breve, teremos novos concursos\u201d. Esther Dweck, ministra da Gest\u00e3o e Inova\u00e7\u00e3o em Servi\u00e7os P\u00fablicos<\/mark><\/strong><\/p>\n\n\n\n<h2 class=\"wp-block-heading has-text-align-center\"><strong><mark style=\"background-color:rgba(0, 0, 0, 0)\" class=\"has-inline-color has-vivid-red-color\">____________<\/mark><\/strong><\/h2>\n<\/blockquote>\n\n\n\n<p>O CPNU representa a reposi\u00e7\u00e3o de quadros do Executivo, al\u00e9m de oferecer novas carreiras e oportunidades a quem deseja trabalhar na administra\u00e7\u00e3o p\u00fablica. Incrementa, inclusive, a qualidade dos servi\u00e7os oferecidos. \u201cA gente acha que trabalhar no servi\u00e7o p\u00fablico federal \u00e9, na verdade, uma voca\u00e7\u00e3o, que voc\u00ea vem para servir \u00e0 popula\u00e7\u00e3o, fazer a diferen\u00e7a, fazer com que a gente tenha um servi\u00e7o p\u00fablico que seja cada vez mais a cara do Brasil\u201d, definiu Esther.<\/p>\n\n\n\n<h4 class=\"wp-block-heading\"><strong><mark style=\"background-color:rgba(0, 0, 0, 0)\" class=\"has-inline-color has-black-color\">Nomea\u00e7\u00f5es<\/mark><\/strong><\/h4>\n\n\n\n<p>A ministra esclareceu que a convoca\u00e7\u00e3o e a nomea\u00e7\u00e3o dependem da aprova\u00e7\u00e3o da Lei Or\u00e7ament\u00e1ria Anual pelo Congresso Nacional, prevista para 10 de mar\u00e7o. \u201cSe for nessa data, n\u00e3o interfere no calend\u00e1rio porque a gente agora deve homologar o Bloco 8, do n\u00edvel m\u00e9dio, onde n\u00e3o h\u00e1 curso de forma\u00e7\u00e3o\u201d.<\/p>\n\n\n\n<p>A ministra aproveitou para refor\u00e7ar que todos os convocados para fazerem o curso de forma\u00e7\u00e3o t\u00eam at\u00e9 esta quarta, 5 de fevereiro, para confirmar a participa\u00e7\u00e3o nesta primeira chamada. \u201cA gente tem uma segunda rodada no dia 11 de fevereiro. Depois, uma terceira dia 18 de fevereiro. Para cada uma, a pessoa tem dois dias para confirmar. S\u00f3 ent\u00e3o, em 28 de fevereiro, s\u00e3o encerradas as listas finais dos blocos 1 a 7, e come\u00e7am a ser chamados aqueles para os quais n\u00e3o h\u00e1 curso de forma\u00e7\u00e3o, no in\u00edcio de abril&#8221;. O concurso tem validade de um ano, prorrog\u00e1vel por mais um.<\/p>\n\n\n\n<h4 class=\"wp-block-heading\"><strong><mark style=\"background-color:rgba(0, 0, 0, 0)\" class=\"has-inline-color has-black-color\">Novo edital<\/mark><\/strong><\/h4>\n\n\n\n<p>E h\u00e1 novas oportunidades no horizonte, com a previs\u00e3o de lan\u00e7amento de um novo edital no primeiro semestre de 2025. \u201cTeremos outras oportunidades. Que ningu\u00e9m se desanime, pois, em breve, teremos novos concursos\u201d, garantiu a ministra. Segundo a chefe da pasta, est\u00e1 sendo elaborado um relat\u00f3rio para avaliar acertos e ajustes necess\u00e1rios. O que for positivo ser\u00e1 replicado na segunda edi\u00e7\u00e3o, como a nova regra que prev\u00ea a realiza\u00e7\u00e3o de uma prova excepcional em caso de qualquer eventualidade que atinja um percentual m\u00ednimo de candidatos, como ocorreu na trag\u00e9dia clim\u00e1tica do Rio Grande do Sul, no ano passado.<\/p>\n\n\n\n<h4 class=\"wp-block-heading\"><strong><mark style=\"background-color:rgba(0, 0, 0, 0)\" class=\"has-inline-color has-black-color\">Novas carreiras<\/mark><\/strong><\/h4>\n\n\n\n<p>O novo concurso deve incluir duas novas carreiras nas \u00e1reas de defesa, justi\u00e7a e seguran\u00e7a. \u201cA gente j\u00e1 tem 750 vagas propostas e pretendemos criar mais 750, com previs\u00e3o para o Minist\u00e9rio da Defesa e para o GSI (Gabinete de Seguran\u00e7a Institucional da Presid\u00eancia da Rep\u00fablica)\u201d. A segunda carreira seria voltada para o desenvolvimento socioecon\u00f4mico, mais transversal e pautada na discuss\u00e3o de desenvolvimento regional, desenvolvimento agr\u00e1rio, econ\u00f4mico e ind\u00fastria. \u201cAcho que essas duas carreiras v\u00e3o atrair muita gente, porque s\u00e3o novas e t\u00eam uma m\u00e9dia salarial intermedi\u00e1ria, bastante atrativa\u201d.<\/p>\n","protected":false},"excerpt":{"rendered":"<p>Em entrevista a radialistas, ministra da Gest\u00e3o e Inova\u00e7\u00e3o faz balan\u00e7o do Concurso P\u00fablico Nacional Unificado e diz que acertos e ajustes est\u00e3o sendo avaliados para a segunda edi\u00e7\u00e3o Blog do Eloilton Cajuhy \u2013 BEC \u201cEstamos muito felizes e ansiosos com a chegada dos novos servidores\u201d, comemorou a ministra da Gest\u00e3o e da Inova\u00e7\u00e3o em [&hellip;]<\/p>\n","protected":false},"author":2,"featured_media":85725,"comment_status":"open","ping_status":"open","sticky":false,"template":"","format":"standard","meta":{"_acf_changed":false,"_monsterinsights_skip_tracking":false,"_monsterinsights_sitenote_active":false,"_monsterinsights_sitenote_note":"","_monsterinsights_sitenote_category":0,"_jetpack_memberships_contains_paid_content":false,"footnotes":"","jetpack_publicize_message":"","jetpack_publicize_feature_enabled":true,"jetpack_social_post_already_shared":false,"jetpack_social_options":{"image_generator_settings":{"template":"highway","enabled":false},"version":2}},"categories":[3],"tags":[],"class_list":["post-85724","post","type-post","status-publish","format-standard","has-post-thumbnail","hentry","category-politica"],"acf":[],"jetpack_publicize_connections":[],"jetpack_featured_media_url":"https:\/\/i0.wp.com\/blogdoeloiltoncajuhy.com.br\/site\/wp-content\/uploads\/2025\/02\/Ministra-Esther-Dweck_Foto_Diego-Campos-Secom-PR.jpg?fit=768%2C512&ssl=1","jetpack_sharing_enabled":true,"publishpress_future_workflow_manual_trigger":{"enabledWorkflows":[]},"_links":{"self":[{"href":"https:\/\/blogdoeloiltoncajuhy.com.br\/site\/wp-json\/wp\/v2\/posts\/85724","targetHints":{"allow":["GET"]}}],"collection":[{"href":"https:\/\/blogdoeloiltoncajuhy.com.br\/site\/wp-json\/wp\/v2\/posts"}],"about":[{"href":"https:\/\/blogdoeloiltoncajuhy.com.br\/site\/wp-json\/wp\/v2\/types\/post"}],"author":[{"embeddable":true,"href":"https:\/\/blogdoeloiltoncajuhy.com.br\/site\/wp-json\/wp\/v2\/users\/2"}],"replies":[{"embeddable":true,"href":"https:\/\/blogdoeloiltoncajuhy.com.br\/site\/wp-json\/wp\/v2\/comments?post=85724"}],"version-history":[{"count":1,"href":"https:\/\/blogdoeloiltoncajuhy.com.br\/site\/wp-json\/wp\/v2\/posts\/85724\/revisions"}],"predecessor-version":[{"id":85726,"href":"https:\/\/blogdoeloiltoncajuhy.com.br\/site\/wp-json\/wp\/v2\/posts\/85724\/revisions\/85726"}],"wp:featuredmedia":[{"embeddable":true,"href":"https:\/\/blogdoeloiltoncajuhy.com.br\/site\/wp-json\/wp\/v2\/media\/85725"}],"wp:attachment":[{"href":"https:\/\/blogdoeloiltoncajuhy.com.br\/site\/wp-json\/wp\/v2\/media?parent=85724"}],"wp:term":[{"taxonomy":"category","embeddable":true,"href":"https:\/\/blogdoeloiltoncajuhy.com.br\/site\/wp-json\/wp\/v2\/categories?post=85724"},{"taxonomy":"post_tag","embeddable":true,"href":"https:\/\/blogdoeloiltoncajuhy.com.br\/site\/wp-json\/wp\/v2\/tags?post=85724"}],"curies":[{"name":"wp","href":"https:\/\/api.w.org\/{rel}","templated":true}]}}