{"id":85717,"date":"2025-02-05T14:43:05","date_gmt":"2025-02-05T17:43:05","guid":{"rendered":"https:\/\/blogdoeloiltoncajuhy.com.br\/site\/?p=85717"},"modified":"2025-02-05T14:43:50","modified_gmt":"2025-02-05T17:43:50","slug":"embrapa-anuncia-capacitacao-gratuita-para-producao-sustentavel-de-leite","status":"publish","type":"post","link":"https:\/\/blogdoeloiltoncajuhy.com.br\/site\/embrapa-anuncia-capacitacao-gratuita-para-producao-sustentavel-de-leite\/","title":{"rendered":"Embrapa anuncia capacita\u00e7\u00e3o gratuita para produ\u00e7\u00e3o sustent\u00e1vel de leite"},"content":{"rendered":"\n<p class=\"has-medium-font-size\"><strong>Objetivo \u00e9 capacitar produtores para avaliar e melhorar o bem-estar animal em propriedades leiteiras<\/strong><\/p>\n\n\n\n<p><strong>Blog do Eloilton Cajuhy \u2013 BEC<\/strong><\/p>\n\n\n\n<figure class=\"wp-block-image aligncenter size-full\"><a href=\"https:\/\/i0.wp.com\/blogdoeloiltoncajuhy.com.br\/site\/wp-content\/uploads\/2025\/02\/Fazenda-gado-Foto_Divulgacao.jpg?ssl=1\"><img data-recalc-dims=\"1\" fetchpriority=\"high\" decoding=\"async\" width=\"640\" height=\"480\" src=\"https:\/\/i0.wp.com\/blogdoeloiltoncajuhy.com.br\/site\/wp-content\/uploads\/2025\/02\/Fazenda-gado-Foto_Divulgacao.jpg?resize=640%2C480&#038;ssl=1\" alt=\"\" class=\"wp-image-85718\" srcset=\"https:\/\/i0.wp.com\/blogdoeloiltoncajuhy.com.br\/site\/wp-content\/uploads\/2025\/02\/Fazenda-gado-Foto_Divulgacao.jpg?w=640&amp;ssl=1 640w, https:\/\/i0.wp.com\/blogdoeloiltoncajuhy.com.br\/site\/wp-content\/uploads\/2025\/02\/Fazenda-gado-Foto_Divulgacao.jpg?resize=300%2C225&amp;ssl=1 300w\" sizes=\"(max-width: 640px) 100vw, 640px\" \/><\/a><figcaption class=\"wp-element-caption\"><sub>Divulga\u00e7\u00e3o<\/sub><\/figcaption><\/figure>\n\n\n\n<p>A Embrapa e o Minist\u00e9rio do Desenvolvimento Agr\u00e1rio e Agricultura Familiar lan\u00e7am uma capacita\u00e7\u00e3o a dist\u00e2ncia gratuita para t\u00e9cnicos da Assist\u00eancia T\u00e9cnica e Extens\u00e3o Rural. O curso online <strong><mark style=\"background-color:rgba(0, 0, 0, 0)\" class=\"has-inline-color has-black-color\">Bem-estar animal para a produ\u00e7\u00e3o sustent\u00e1vel do leite<\/mark><\/strong> tem como objetivo preparar multiplicadores para avaliar e melhorar as condi\u00e7\u00f5es de bem-estar animal e manejo de propriedades leiteiras.<\/p>\n\n\n\n<p>Os participantes aprender\u00e3o a identificar e solucionar problemas relacionados ao bem-estar animal, promovendo uma produ\u00e7\u00e3o mais sustent\u00e1vel e eficiente. Al\u00e9m disso, os multiplicadores formados atuar\u00e3o junto a agricultores familiares e demais interessados, disseminando conhecimentos e pr\u00e1ticas para uma produ\u00e7\u00e3o de leite mais respons\u00e1vel e sustent\u00e1vel.<\/p>\n\n\n\n<ul class=\"wp-block-list\">\n<li><a href=\"https:\/\/whatsapp.com\/channel\/0029VaAT7tDLI8Yfj5y9Z50Z\"><strong><mark style=\"background-color:rgba(0, 0, 0, 0)\" class=\"has-inline-color has-vivid-red-color\">Siga nosso canal no WhatsApp e veja mais not\u00edcias<\/mark><\/strong><\/a><\/li>\n<\/ul>\n\n\n\n<p><\/p>\n\n\n\n<p>N\u00e3o perca essa oportunidade de capacita\u00e7\u00e3o gratuita e online! Inscreva-se agora e contribua para uma produ\u00e7\u00e3o de leite mais sustent\u00e1vel e respons\u00e1vel.<\/p>\n\n\n\n<p><strong><mark style=\"background-color:rgba(0, 0, 0, 0)\" class=\"has-inline-color has-black-color\">Informa\u00e7\u00f5es adicionais:<\/mark><\/strong><\/p>\n\n\n\n<ul class=\"wp-block-list\">\n<li><strong><mark style=\"background-color:rgba(0, 0, 0, 0)\" class=\"has-inline-color has-black-color\">Data:<\/mark><\/strong> Oferta cont\u00ednua<\/li>\n\n\n\n<li><strong><mark style=\"background-color:rgba(0, 0, 0, 0)\" class=\"has-inline-color has-black-color\">Dura\u00e7\u00e3o:<\/mark><\/strong> 60 dias a partir da data de inscri\u00e7\u00e3o<\/li>\n\n\n\n<li><strong><mark style=\"background-color:rgba(0, 0, 0, 0)\" class=\"has-inline-color has-black-color\">P\u00fablico-alvo:<\/mark><\/strong> T\u00e9cnicos da Assist\u00eancia T\u00e9cnica e Extens\u00e3o Rural<\/li>\n\n\n\n<li><strong><mark style=\"background-color:rgba(0, 0, 0, 0)\" class=\"has-inline-color has-black-color\">Inscri\u00e7\u00f5es:<\/mark><\/strong> <a href=\"https:\/\/ava.sede.embrapa.br\/enrol\/index.php?id=478\"><strong><mark style=\"background-color:rgba(0, 0, 0, 0)\" class=\"has-inline-color has-vivid-cyan-blue-color\">Bem-estar animal | Embrapa AVA<\/mark><\/strong><\/a><\/li>\n<\/ul>\n\n\n\n<p>Aproveite essa oportunidade de capacita\u00e7\u00e3o e contribua para um futuro mais sustent\u00e1vel!<\/p>\n","protected":false},"excerpt":{"rendered":"<p>Objetivo \u00e9 capacitar produtores para avaliar e melhorar o bem-estar animal em propriedades leiteiras Blog do Eloilton Cajuhy \u2013 BEC A Embrapa e o Minist\u00e9rio do Desenvolvimento Agr\u00e1rio e Agricultura Familiar lan\u00e7am uma capacita\u00e7\u00e3o a dist\u00e2ncia gratuita para t\u00e9cnicos da Assist\u00eancia T\u00e9cnica e Extens\u00e3o Rural. O curso online Bem-estar animal para a produ\u00e7\u00e3o sustent\u00e1vel do [&hellip;]<\/p>\n","protected":false},"author":2,"featured_media":85718,"comment_status":"open","ping_status":"open","sticky":false,"template":"","format":"standard","meta":{"_acf_changed":false,"_monsterinsights_skip_tracking":false,"_monsterinsights_sitenote_active":false,"_monsterinsights_sitenote_note":"","_monsterinsights_sitenote_category":0,"_jetpack_memberships_contains_paid_content":false,"footnotes":"","jetpack_publicize_message":"","jetpack_publicize_feature_enabled":true,"jetpack_social_post_already_shared":true,"jetpack_social_options":{"image_generator_settings":{"template":"highway","default_image_id":0,"font":"","enabled":false},"version":2}},"categories":[32],"tags":[],"class_list":["post-85717","post","type-post","status-publish","format-standard","has-post-thumbnail","hentry","category-emprego"],"acf":[],"jetpack_publicize_connections":[],"jetpack_featured_media_url":"https:\/\/i0.wp.com\/blogdoeloiltoncajuhy.com.br\/site\/wp-content\/uploads\/2025\/02\/Fazenda-gado-Foto_Divulgacao.jpg?fit=640%2C480&ssl=1","jetpack_sharing_enabled":true,"publishpress_future_workflow_manual_trigger":{"enabledWorkflows":[]},"_links":{"self":[{"href":"https:\/\/blogdoeloiltoncajuhy.com.br\/site\/wp-json\/wp\/v2\/posts\/85717","targetHints":{"allow":["GET"]}}],"collection":[{"href":"https:\/\/blogdoeloiltoncajuhy.com.br\/site\/wp-json\/wp\/v2\/posts"}],"about":[{"href":"https:\/\/blogdoeloiltoncajuhy.com.br\/site\/wp-json\/wp\/v2\/types\/post"}],"author":[{"embeddable":true,"href":"https:\/\/blogdoeloiltoncajuhy.com.br\/site\/wp-json\/wp\/v2\/users\/2"}],"replies":[{"embeddable":true,"href":"https:\/\/blogdoeloiltoncajuhy.com.br\/site\/wp-json\/wp\/v2\/comments?post=85717"}],"version-history":[{"count":2,"href":"https:\/\/blogdoeloiltoncajuhy.com.br\/site\/wp-json\/wp\/v2\/posts\/85717\/revisions"}],"predecessor-version":[{"id":85720,"href":"https:\/\/blogdoeloiltoncajuhy.com.br\/site\/wp-json\/wp\/v2\/posts\/85717\/revisions\/85720"}],"wp:featuredmedia":[{"embeddable":true,"href":"https:\/\/blogdoeloiltoncajuhy.com.br\/site\/wp-json\/wp\/v2\/media\/85718"}],"wp:attachment":[{"href":"https:\/\/blogdoeloiltoncajuhy.com.br\/site\/wp-json\/wp\/v2\/media?parent=85717"}],"wp:term":[{"taxonomy":"category","embeddable":true,"href":"https:\/\/blogdoeloiltoncajuhy.com.br\/site\/wp-json\/wp\/v2\/categories?post=85717"},{"taxonomy":"post_tag","embeddable":true,"href":"https:\/\/blogdoeloiltoncajuhy.com.br\/site\/wp-json\/wp\/v2\/tags?post=85717"}],"curies":[{"name":"wp","href":"https:\/\/api.w.org\/{rel}","templated":true}]}}