{"id":85715,"date":"2025-02-05T09:00:21","date_gmt":"2025-02-05T12:00:21","guid":{"rendered":"https:\/\/blogdoeloiltoncajuhy.com.br\/site\/?p=85715"},"modified":"2025-02-05T09:00:23","modified_gmt":"2025-02-05T12:00:23","slug":"fies-2025-confira-regras-e-como-se-inscrever","status":"publish","type":"post","link":"https:\/\/blogdoeloiltoncajuhy.com.br\/site\/fies-2025-confira-regras-e-como-se-inscrever\/","title":{"rendered":"Fies 2025: confira regras e como se inscrever"},"content":{"rendered":"\n<p class=\"has-medium-font-size\"><strong>S\u00e3o ofertadas mais de 112 mil vagas, em dois processos: um para o 1\u00b0 semestre de 2025 e outro para o 2\u00b0 deste ano. As inscri\u00e7\u00f5es v\u00e3o at\u00e9 7 de fevereiro<\/strong><\/p>\n\n\n\n<p><strong>Por Brasil 61<\/strong><\/p>\n\n\n\n<figure class=\"wp-block-image aligncenter size-full\"><a href=\"https:\/\/i0.wp.com\/blogdoeloiltoncajuhy.com.br\/site\/wp-content\/uploads\/2024\/10\/FIES-2024-10-29-Foto-Marcello-Casal-Jr-Agencia-Brasil.jpeg\"><img data-recalc-dims=\"1\" fetchpriority=\"high\" decoding=\"async\" width=\"750\" height=\"500\" src=\"https:\/\/i0.wp.com\/blogdoeloiltoncajuhy.com.br\/site\/wp-content\/uploads\/2024\/10\/FIES-2024-10-29-Foto-Marcello-Casal-Jr-Agencia-Brasil.jpeg?resize=750%2C500\" alt=\"\" class=\"wp-image-83923\" srcset=\"https:\/\/i0.wp.com\/blogdoeloiltoncajuhy.com.br\/site\/wp-content\/uploads\/2024\/10\/FIES-2024-10-29-Foto-Marcello-Casal-Jr-Agencia-Brasil.jpeg?w=750&amp;ssl=1 750w, https:\/\/i0.wp.com\/blogdoeloiltoncajuhy.com.br\/site\/wp-content\/uploads\/2024\/10\/FIES-2024-10-29-Foto-Marcello-Casal-Jr-Agencia-Brasil.jpeg?resize=300%2C200&amp;ssl=1 300w\" sizes=\"(max-width: 750px) 100vw, 750px\" \/><\/a><figcaption class=\"wp-element-caption\"><sub>Foto: Marcello Casal Jr.\/Ag\u00eancia Brasil<\/sub><\/figcaption><\/figure>\n\n\n\n<p>Os candidatos interessados em participar do processo seletivo do Fundo de Financiamento Estudantil (Fies) t\u00eam at\u00e9 o dia 7 de fevereiro, pr\u00f3xima sexta-feira, para realizar a inscri\u00e7\u00e3o. Pelo programa, os estudantes podem financiar os cursos de ensino superior em institui\u00e7\u00f5es privadas. Mais de 112 mil vagas est\u00e3o sendo ofertadas em dois processos seletivos: um para o 1\u00b0 semestre de 2025 e outro para o segundo semestre.&nbsp;<\/p>\n\n\n\n<p>As inscri\u00e7\u00f5es s\u00e3o gratuitas e devem ser feitas pelo Portal \u00danico de Acesso ao Ensino Superior do Minist\u00e9rio da Educa\u00e7\u00e3o (MEC). Conforme o cronograma oficial da pasta, os resultados devem ser divulgados no pr\u00f3ximo dia 18.<\/p>\n\n\n\n<h4 class=\"wp-block-heading\"><strong><mark style=\"background-color:rgba(0, 0, 0, 0)\" class=\"has-inline-color has-black-color\">Fies Social<\/mark><\/strong><\/h4>\n\n\n\n<p>Do total de vagas ofertadas pelo Fies 2025, 50% s\u00e3o reservadas para o Fies Social \u2013 modalidade de financiamento destinada a atender estudantes com renda familiar por pessoa de at\u00e9 meio sal\u00e1rio m\u00ednimo e inscritos no Cadastro \u00danico para Programas Sociais do Governo Federal (Cad\u00danico) em situa\u00e7\u00e3o de ativos.\u00a0<\/p>\n\n\n\n<p>No caso de pr\u00e9-selecionados que atendam \u00e0s regras do Fies Social, h\u00e1 possibilidade de cobrir at\u00e9 100% dos encargos educacionais.<\/p>\n\n\n\n<p>Segundo o MEC, a base de dados correspondente \u00e0 situa\u00e7\u00e3o do Cad\u00danico ser\u00e1 a de 11 de janeiro de 2025.<\/p>\n\n\n\n<p>\u201cO resultado da pr\u00e9-sele\u00e7\u00e3o na chamada \u00fanica ser\u00e1 divulgado no dia 18 de fevereiro. O candidato ser\u00e1 pr\u00e9-selecionado em apenas uma de suas op\u00e7\u00f5es de curso\/turno\/local de oferta\/institui\u00e7\u00e3o de ensino superior realizadas na inscri\u00e7\u00e3o, conforme o tipo de vaga e a modalidade de concorr\u00eancia. Os estudantes pr\u00e9-selecionados dever\u00e3o acessar o Fies Sele\u00e7\u00e3o para complementar sua inscri\u00e7\u00e3o entre os dias 19 e 21 de fevereiro\u201d, informou o MEC em nota.<\/p>\n\n\n\n<ul class=\"wp-block-list\">\n<li><a href=\"https:\/\/whatsapp.com\/channel\/0029VaAT7tDLI8Yfj5y9Z50Z\"><strong><mark style=\"background-color:rgba(0, 0, 0, 0)\" class=\"has-inline-color has-black-color\">Siga nosso canal no WhatsApp e veja mais not\u00edcias<\/mark><\/strong><\/a><\/li>\n<\/ul>\n\n\n\n<p><\/p>\n\n\n\n<p>Aqueles que n\u00e3o foram pr\u00e9-selecionados na chamada regular participar\u00e3o automaticamente da lista de espera. A lista seguir\u00e1 a mesma ordem de classifica\u00e7\u00e3o da chamada regular e ser\u00e1 utilizada para preenchimento das vagas que eventualmente n\u00e3o forem ocupadas. O per\u00edodo de convoca\u00e7\u00e3o nesta modalidade ser\u00e1 de 25 de fevereiro a 9 de abril.<\/p>\n\n\n\n<p>Para participar de qualquer modalidade do Fies o candidato precisa ter participado de alguma edi\u00e7\u00e3o do Exame Nacional do Ensino M\u00e9dio (Enem) ap\u00f3s 2010, ter m\u00e9dia igual ou superior a 450 e n\u00e3o pode ter zerado a reda\u00e7\u00e3o. Al\u00e9m disso, deve ter renda familiar per capita de at\u00e9 tr\u00eas sal\u00e1rios m\u00ednimos. Quem participou do Enem como treineiro n\u00e3o pode concorrer \u00e0s vagas do Fies.<\/p>\n\n\n\n<p>As regras e o cronograma do processo seletivo foram publicados em janeiro, por meio do Edital n\u00ba 3\/2025.<\/p>\n\n\n\n<h4 class=\"wp-block-heading\"><strong><mark style=\"background-color:rgba(0, 0, 0, 0)\" class=\"has-inline-color has-black-color\">Inscri\u00e7\u00f5es<\/mark><\/strong><\/h4>\n\n\n\n<p class=\"has-black-color has-text-color has-link-color wp-elements-c32cf0992f621a4f6bdb7728c6328abe\"><strong>Confira o passo a passo para inscrever-se no Fies<\/strong><\/p>\n\n\n\n<ul class=\"wp-block-list\">\n<li>Acessar o portal Acesso \u00danico e fazer o login com a sua conta Gov.br;<\/li>\n\n\n\n<li>Preencher os campos com seus dados pessoais e clicar em \u201cGravar e avan\u00e7ar\u201d;<\/li>\n\n\n\n<li>Realizar a autodeclara\u00e7\u00e3o do perfil \u00e9tnico-racial para concorrer \u00e0s vagas reservadas a pessoas pretas, pardas, ind\u00edgenas, quilombolas e com defici\u00eancia;<\/li>\n\n\n\n<li>Escolher os tr\u00eas cursos pretendidos e selecionar o estado, munic\u00edpio, curso e a institui\u00e7\u00e3o de ensino desejados;<\/li>\n\n\n\n<li>Pode repetir a a\u00e7\u00e3o anterior mais duas vezes, elencando a ordem de prioridade entre as op\u00e7\u00f5es escolhidas.<\/li>\n\n\n\n<li>Preencher seus dados financeiros e os da sua fam\u00edlia;<\/li>\n\n\n\n<li>Revisar todas as informa\u00e7\u00f5es e confirmar a inscri\u00e7\u00e3o;<\/li>\n\n\n\n<li>Por \u00faltimo: salvar o comprovante de inscri\u00e7\u00e3o com a chave de seguran\u00e7a.<\/li>\n<\/ul>\n","protected":false},"excerpt":{"rendered":"<p>S\u00e3o ofertadas mais de 112 mil vagas, em dois processos: um para o 1\u00b0 semestre de 2025 e outro para o 2\u00b0 deste ano. As inscri\u00e7\u00f5es v\u00e3o at\u00e9 7 de fevereiro Por Brasil 61 Os candidatos interessados em participar do processo seletivo do Fundo de Financiamento Estudantil (Fies) t\u00eam at\u00e9 o dia 7 de fevereiro, [&hellip;]<\/p>\n","protected":false},"author":2,"featured_media":83025,"comment_status":"open","ping_status":"open","sticky":false,"template":"","format":"standard","meta":{"_acf_changed":false,"_monsterinsights_skip_tracking":false,"_monsterinsights_sitenote_active":false,"_monsterinsights_sitenote_note":"","_monsterinsights_sitenote_category":0,"_jetpack_memberships_contains_paid_content":false,"footnotes":"","jetpack_publicize_message":"","jetpack_publicize_feature_enabled":true,"jetpack_social_post_already_shared":true,"jetpack_social_options":{"image_generator_settings":{"template":"highway","default_image_id":0,"font":"","enabled":false},"version":2}},"categories":[14],"tags":[],"class_list":["post-85715","post","type-post","status-publish","format-standard","has-post-thumbnail","hentry","category-educacao"],"acf":[],"jetpack_publicize_connections":[],"jetpack_featured_media_url":"https:\/\/i0.wp.com\/blogdoeloiltoncajuhy.com.br\/site\/wp-content\/uploads\/2024\/09\/GOVFED_FIES_Divulgacao-MEC.jpg?fit=760%2C503&ssl=1","jetpack_sharing_enabled":true,"publishpress_future_workflow_manual_trigger":{"enabledWorkflows":[]},"_links":{"self":[{"href":"https:\/\/blogdoeloiltoncajuhy.com.br\/site\/wp-json\/wp\/v2\/posts\/85715","targetHints":{"allow":["GET"]}}],"collection":[{"href":"https:\/\/blogdoeloiltoncajuhy.com.br\/site\/wp-json\/wp\/v2\/posts"}],"about":[{"href":"https:\/\/blogdoeloiltoncajuhy.com.br\/site\/wp-json\/wp\/v2\/types\/post"}],"author":[{"embeddable":true,"href":"https:\/\/blogdoeloiltoncajuhy.com.br\/site\/wp-json\/wp\/v2\/users\/2"}],"replies":[{"embeddable":true,"href":"https:\/\/blogdoeloiltoncajuhy.com.br\/site\/wp-json\/wp\/v2\/comments?post=85715"}],"version-history":[{"count":1,"href":"https:\/\/blogdoeloiltoncajuhy.com.br\/site\/wp-json\/wp\/v2\/posts\/85715\/revisions"}],"predecessor-version":[{"id":85716,"href":"https:\/\/blogdoeloiltoncajuhy.com.br\/site\/wp-json\/wp\/v2\/posts\/85715\/revisions\/85716"}],"wp:featuredmedia":[{"embeddable":true,"href":"https:\/\/blogdoeloiltoncajuhy.com.br\/site\/wp-json\/wp\/v2\/media\/83025"}],"wp:attachment":[{"href":"https:\/\/blogdoeloiltoncajuhy.com.br\/site\/wp-json\/wp\/v2\/media?parent=85715"}],"wp:term":[{"taxonomy":"category","embeddable":true,"href":"https:\/\/blogdoeloiltoncajuhy.com.br\/site\/wp-json\/wp\/v2\/categories?post=85715"},{"taxonomy":"post_tag","embeddable":true,"href":"https:\/\/blogdoeloiltoncajuhy.com.br\/site\/wp-json\/wp\/v2\/tags?post=85715"}],"curies":[{"name":"wp","href":"https:\/\/api.w.org\/{rel}","templated":true}]}}