{"id":85712,"date":"2025-02-05T08:49:05","date_gmt":"2025-02-05T11:49:05","guid":{"rendered":"https:\/\/blogdoeloiltoncajuhy.com.br\/site\/?p=85712"},"modified":"2025-02-05T08:49:06","modified_gmt":"2025-02-05T11:49:06","slug":"homem-acusado-de-roubo-em-petrolina-pe-e-preso-pela-pm-de-campo-formoso","status":"publish","type":"post","link":"https:\/\/blogdoeloiltoncajuhy.com.br\/site\/homem-acusado-de-roubo-em-petrolina-pe-e-preso-pela-pm-de-campo-formoso\/","title":{"rendered":"Homem acusado de roubo em Petrolina-PE \u00e9 preso pela PM de Campo Formoso"},"content":{"rendered":"\n<p class=\"has-medium-font-size\"><strong>Pris\u00e3o ocorreu na tarde desta ter\u00e7a-feira (04); homem tinha mandado de pris\u00e3o<\/strong><\/p>\n\n\n\n<p><strong>Por Blog do Eloilton Cajuhy \u2013 BEC<\/strong><\/p>\n\n\n\n<figure class=\"wp-block-image aligncenter size-full\"><a href=\"https:\/\/i0.wp.com\/blogdoeloiltoncajuhy.com.br\/site\/wp-content\/uploads\/2025\/02\/Policia_homem-preso-algemado_5-2-2025.jpeg?ssl=1\"><img data-recalc-dims=\"1\" fetchpriority=\"high\" decoding=\"async\" width=\"750\" height=\"406\" src=\"https:\/\/i0.wp.com\/blogdoeloiltoncajuhy.com.br\/site\/wp-content\/uploads\/2025\/02\/Policia_homem-preso-algemado_5-2-2025.jpeg?resize=750%2C406&#038;ssl=1\" alt=\"\" class=\"wp-image-85713\" srcset=\"https:\/\/i0.wp.com\/blogdoeloiltoncajuhy.com.br\/site\/wp-content\/uploads\/2025\/02\/Policia_homem-preso-algemado_5-2-2025.jpeg?w=750&amp;ssl=1 750w, https:\/\/i0.wp.com\/blogdoeloiltoncajuhy.com.br\/site\/wp-content\/uploads\/2025\/02\/Policia_homem-preso-algemado_5-2-2025.jpeg?resize=300%2C162&amp;ssl=1 300w\" sizes=\"(max-width: 750px) 100vw, 750px\" \/><\/a><figcaption class=\"wp-element-caption\"><sub>Homem acusado de roubo em Petrolina-PE \u00e9 preso pela PM de Campo Formoso &#8211; Foto ilustrativa<\/sub><\/figcaption><\/figure>\n\n\n\n<p>A Pol\u00edcia Militar de Campo Formoso prendeu, por volta das 17h30 desta ter\u00e7a-feira (4), um homem que estava foragido da Justi\u00e7a de Petrolina-PE, acusado de roubo. A pris\u00e3o ocorreu no garimpo de Socot\u00f3, ap\u00f3s a PM ser informada por populares da presen\u00e7a do homem com mandado de pris\u00e3o preventiva.<\/p>\n\n\n\n<p>Uma guarni\u00e7\u00e3o da 54\u00aa CIPM foi ao local informado e prendeu o indiv\u00edduo que n\u00e3o teve o nome revelado. Outros detalhes sobre o detido tamb\u00e9m n\u00e3o foram divulgados.<\/p>\n\n\n\n<ul class=\"wp-block-list\">\n<li><a href=\"https:\/\/whatsapp.com\/channel\/0029VaAT7tDLI8Yfj5y9Z50Z\"><strong><mark style=\"background-color:rgba(0, 0, 0, 0)\" class=\"has-inline-color has-vivid-red-color\">Siga nosso canal no WhatsApp e veja mais not\u00edcias<\/mark><\/strong><\/a><\/li>\n<\/ul>\n\n\n\n<p><\/p>\n\n\n\n<p>Ap\u00f3s abordar o suspeito, os PMs realizaram consulta ao sistema de banco de dados e constataram que havia um mandado de pris\u00e3o preventiva contra ele. Ao homem foi dada voz de pris\u00e3o e ele foi conduzido \u00e0 Delegacia Territorial de Campo Formoso para a ado\u00e7\u00e3o das medidas legais cab\u00edveis.<\/p>\n\n\n\n<p>A Pol\u00edcia Militar informou ainda que com o suspeito foi apreendido um aparelho celular.<\/p>\n","protected":false},"excerpt":{"rendered":"<p>Pris\u00e3o ocorreu na tarde desta ter\u00e7a-feira (04); homem tinha mandado de pris\u00e3o Por Blog do Eloilton Cajuhy \u2013 BEC A Pol\u00edcia Militar de Campo Formoso prendeu, por volta das 17h30 desta ter\u00e7a-feira (4), um homem que estava foragido da Justi\u00e7a de Petrolina-PE, acusado de roubo. A pris\u00e3o ocorreu no garimpo de Socot\u00f3, ap\u00f3s a PM [&hellip;]<\/p>\n","protected":false},"author":2,"featured_media":85713,"comment_status":"open","ping_status":"open","sticky":false,"template":"","format":"standard","meta":{"_acf_changed":false,"_monsterinsights_skip_tracking":false,"_monsterinsights_sitenote_active":false,"_monsterinsights_sitenote_note":"","_monsterinsights_sitenote_category":0,"_jetpack_memberships_contains_paid_content":false,"footnotes":"","jetpack_publicize_message":"","jetpack_publicize_feature_enabled":true,"jetpack_social_post_already_shared":true,"jetpack_social_options":{"image_generator_settings":{"template":"highway","default_image_id":0,"font":"","enabled":false},"version":2}},"categories":[11],"tags":[],"class_list":["post-85712","post","type-post","status-publish","format-standard","has-post-thumbnail","hentry","category-regional"],"acf":[],"jetpack_publicize_connections":[],"jetpack_featured_media_url":"https:\/\/i0.wp.com\/blogdoeloiltoncajuhy.com.br\/site\/wp-content\/uploads\/2025\/02\/Policia_homem-preso-algemado_5-2-2025.jpeg?fit=750%2C406&ssl=1","jetpack_sharing_enabled":true,"publishpress_future_workflow_manual_trigger":{"enabledWorkflows":[]},"_links":{"self":[{"href":"https:\/\/blogdoeloiltoncajuhy.com.br\/site\/wp-json\/wp\/v2\/posts\/85712","targetHints":{"allow":["GET"]}}],"collection":[{"href":"https:\/\/blogdoeloiltoncajuhy.com.br\/site\/wp-json\/wp\/v2\/posts"}],"about":[{"href":"https:\/\/blogdoeloiltoncajuhy.com.br\/site\/wp-json\/wp\/v2\/types\/post"}],"author":[{"embeddable":true,"href":"https:\/\/blogdoeloiltoncajuhy.com.br\/site\/wp-json\/wp\/v2\/users\/2"}],"replies":[{"embeddable":true,"href":"https:\/\/blogdoeloiltoncajuhy.com.br\/site\/wp-json\/wp\/v2\/comments?post=85712"}],"version-history":[{"count":1,"href":"https:\/\/blogdoeloiltoncajuhy.com.br\/site\/wp-json\/wp\/v2\/posts\/85712\/revisions"}],"predecessor-version":[{"id":85714,"href":"https:\/\/blogdoeloiltoncajuhy.com.br\/site\/wp-json\/wp\/v2\/posts\/85712\/revisions\/85714"}],"wp:featuredmedia":[{"embeddable":true,"href":"https:\/\/blogdoeloiltoncajuhy.com.br\/site\/wp-json\/wp\/v2\/media\/85713"}],"wp:attachment":[{"href":"https:\/\/blogdoeloiltoncajuhy.com.br\/site\/wp-json\/wp\/v2\/media?parent=85712"}],"wp:term":[{"taxonomy":"category","embeddable":true,"href":"https:\/\/blogdoeloiltoncajuhy.com.br\/site\/wp-json\/wp\/v2\/categories?post=85712"},{"taxonomy":"post_tag","embeddable":true,"href":"https:\/\/blogdoeloiltoncajuhy.com.br\/site\/wp-json\/wp\/v2\/tags?post=85712"}],"curies":[{"name":"wp","href":"https:\/\/api.w.org\/{rel}","templated":true}]}}