{"id":85693,"date":"2025-02-04T08:53:54","date_gmt":"2025-02-04T11:53:54","guid":{"rendered":"https:\/\/blogdoeloiltoncajuhy.com.br\/site\/?p=85693"},"modified":"2025-02-04T08:54:00","modified_gmt":"2025-02-04T11:54:00","slug":"policia-militar-da-bahia-comemora-200-anos-em-festa-com-homenagens-em-salvador","status":"publish","type":"post","link":"https:\/\/blogdoeloiltoncajuhy.com.br\/site\/policia-militar-da-bahia-comemora-200-anos-em-festa-com-homenagens-em-salvador\/","title":{"rendered":"Pol\u00edcia Militar da Bahia comemora 200 anos em festa com homenagens em Salvador"},"content":{"rendered":"\n<p class=\"has-medium-font-size\"><strong>Evento reuniu autoridades nesta segunda-feira (3), na Vila Policial Militar do Bonfim, em Salvador<\/strong><\/p>\n\n\n\n<p><strong>Por g1 BA e TV Bahia<\/strong><\/p>\n\n\n\n<figure class=\"wp-block-image aligncenter size-full\"><a href=\"https:\/\/i0.wp.com\/blogdoeloiltoncajuhy.com.br\/site\/wp-content\/uploads\/2025\/02\/PM-da-Bahia-comemorou-200-anos-com-homenagens-em-Salvador-%E2%80%94-Foto_Eduardo-Oliveira-TV-Bahia.jpeg?ssl=1\"><img data-recalc-dims=\"1\" fetchpriority=\"high\" decoding=\"async\" width=\"720\" height=\"432\" src=\"https:\/\/i0.wp.com\/blogdoeloiltoncajuhy.com.br\/site\/wp-content\/uploads\/2025\/02\/PM-da-Bahia-comemorou-200-anos-com-homenagens-em-Salvador-%E2%80%94-Foto_Eduardo-Oliveira-TV-Bahia.jpeg?resize=720%2C432&#038;ssl=1\" alt=\"\" class=\"wp-image-85694\" srcset=\"https:\/\/i0.wp.com\/blogdoeloiltoncajuhy.com.br\/site\/wp-content\/uploads\/2025\/02\/PM-da-Bahia-comemorou-200-anos-com-homenagens-em-Salvador-%E2%80%94-Foto_Eduardo-Oliveira-TV-Bahia.jpeg?w=720&amp;ssl=1 720w, https:\/\/i0.wp.com\/blogdoeloiltoncajuhy.com.br\/site\/wp-content\/uploads\/2025\/02\/PM-da-Bahia-comemorou-200-anos-com-homenagens-em-Salvador-%E2%80%94-Foto_Eduardo-Oliveira-TV-Bahia.jpeg?resize=300%2C180&amp;ssl=1 300w\" sizes=\"(max-width: 720px) 100vw, 720px\" \/><\/a><figcaption class=\"wp-element-caption\"><sub>Pol\u00edcia Militar da Bahia comemorou 200 anos com homenagens em Salvador \u2014 Foto: Eduardo Oliveira\/TV Bahia<\/sub><\/figcaption><\/figure>\n\n\n\n<p>Uma celebra\u00e7\u00e3o organizada pela Pol\u00edcia Militar da Bahia (PMBA) comemorou os 200 anos da corpora\u00e7\u00e3o, nesta segunda-feira (3), em Salvador. Realizado na Vila Policial Militar do Bonfim, na Cidade Baixa, o evento reuniu diversas autoridades, como o governador Jer\u00f4nimo Rodrigues (PT) e o vice Geraldo J\u00fanior (MDB), al\u00e9m de oficiais, pra\u00e7as e convidados.<\/p>\n\n\n\n<p>O momento foi marcado por um desfile c\u00edvico-militar, que contou com a exibi\u00e7\u00e3o de uniformes hist\u00f3ricos e viaturas das d\u00e9cadas de 1970 e 1980.<\/p>\n\n\n\n<p>Tamb\u00e9m foi entregue a Medalha Comemorativa dos 200 anos da PM-BA a 318 personalidades que tiveram import\u00e2ncia reconhecida para a valoriza\u00e7\u00e3o e fortalecimento da institui\u00e7\u00e3o que, atualmente, conta com mais de 33 mil integrantes em atua\u00e7\u00e3o.<\/p>\n\n\n\n<p>De forma in\u00e9dita, quatro policiais militares da reserva &#8211; dois sargentos e dois tenentes &#8211; cada um com mais de um s\u00e9culo de vida, tamb\u00e9m foram condecorados com a Medalha do M\u00e9rito Policial-Militar pela dedica\u00e7\u00e3o no per\u00edodo da ativa.<\/p>\n\n\n\n<figure class=\"wp-block-image aligncenter size-full\"><a href=\"https:\/\/i0.wp.com\/blogdoeloiltoncajuhy.com.br\/site\/wp-content\/uploads\/2025\/02\/PM-BA_comemorou-200-anos-com-homenagens-em-Salvador-%E2%80%94-Foto_Eduardo-Oliveira_TV-Bahia.jpeg?ssl=1\"><img data-recalc-dims=\"1\" decoding=\"async\" width=\"720\" height=\"432\" src=\"https:\/\/i0.wp.com\/blogdoeloiltoncajuhy.com.br\/site\/wp-content\/uploads\/2025\/02\/PM-BA_comemorou-200-anos-com-homenagens-em-Salvador-%E2%80%94-Foto_Eduardo-Oliveira_TV-Bahia.jpeg?resize=720%2C432&#038;ssl=1\" alt=\"\" class=\"wp-image-85695\" srcset=\"https:\/\/i0.wp.com\/blogdoeloiltoncajuhy.com.br\/site\/wp-content\/uploads\/2025\/02\/PM-BA_comemorou-200-anos-com-homenagens-em-Salvador-%E2%80%94-Foto_Eduardo-Oliveira_TV-Bahia.jpeg?w=720&amp;ssl=1 720w, https:\/\/i0.wp.com\/blogdoeloiltoncajuhy.com.br\/site\/wp-content\/uploads\/2025\/02\/PM-BA_comemorou-200-anos-com-homenagens-em-Salvador-%E2%80%94-Foto_Eduardo-Oliveira_TV-Bahia.jpeg?resize=300%2C180&amp;ssl=1 300w\" sizes=\"(max-width: 720px) 100vw, 720px\" \/><\/a><figcaption class=\"wp-element-caption\"><sub>comemorou 200 anos com homenagens em Salvador \u2014 Foto: Eduardo Oliveira\/TV Bahia<\/sub><\/figcaption><\/figure>\n\n\n\n<ul class=\"wp-block-list\">\n<li><a href=\"https:\/\/whatsapp.com\/channel\/0029VaAT7tDLI8Yfj5y9Z50Z\"><strong><mark style=\"background-color:rgba(0, 0, 0, 0)\" class=\"has-inline-color has-vivid-red-color\">Siga nosso canal no WhatsApp e veja mais not\u00edcias<\/mark><\/strong><\/a><\/li>\n<\/ul>\n\n\n\n<p><\/p>\n\n\n\n<h4 class=\"wp-block-heading\"><strong><mark style=\"background-color:rgba(0, 0, 0, 0)\" class=\"has-inline-color has-black-color\">Hist\u00f3ria da PM-BA<\/mark><\/strong><\/h4>\n\n\n\n<p>Terceira Pol\u00edcia Militar fundada no Brasil a corpora\u00e7\u00e3o baiana nasceu oficialmente em 1825, ap\u00f3s um Decreto Imperial assinado por D. Pedro I.<\/p>\n\n\n\n<p>Denominada na \u00e9poca como \u201cCorpo de Pol\u00edcia\u201d, a institui\u00e7\u00e3o participou de grandes eventos hist\u00f3ricos do pa\u00eds, incluindo a Guerra de Canudos e a Guerra do Paraguai.<\/p>\n\n\n\n<p>Ao longo dos anos, a corpora\u00e7\u00e3o j\u00e1 esteve sob o comando de 64 oficiais superiores. A lista inclui o atual Comandante-Geral, coronel Paulo Coutinho, que est\u00e1 \u00e0 frente da institui\u00e7\u00e3o desde janeiro de 2021.<\/p>\n","protected":false},"excerpt":{"rendered":"<p>Evento reuniu autoridades nesta segunda-feira (3), na Vila Policial Militar do Bonfim, em Salvador Por g1 BA e TV Bahia Uma celebra\u00e7\u00e3o organizada pela Pol\u00edcia Militar da Bahia (PMBA) comemorou os 200 anos da corpora\u00e7\u00e3o, nesta segunda-feira (3), em Salvador. Realizado na Vila Policial Militar do Bonfim, na Cidade Baixa, o evento reuniu diversas autoridades, [&hellip;]<\/p>\n","protected":false},"author":2,"featured_media":85694,"comment_status":"open","ping_status":"open","sticky":false,"template":"","format":"standard","meta":{"_acf_changed":false,"_monsterinsights_skip_tracking":false,"_monsterinsights_sitenote_active":false,"_monsterinsights_sitenote_note":"","_monsterinsights_sitenote_category":0,"_jetpack_memberships_contains_paid_content":false,"footnotes":"","jetpack_publicize_message":"","jetpack_publicize_feature_enabled":true,"jetpack_social_post_already_shared":true,"jetpack_social_options":{"image_generator_settings":{"template":"highway","default_image_id":0,"font":"","enabled":false},"version":2}},"categories":[5],"tags":[],"class_list":["post-85693","post","type-post","status-publish","format-standard","has-post-thumbnail","hentry","category-cotidiano"],"acf":[],"jetpack_publicize_connections":[],"jetpack_featured_media_url":"https:\/\/i0.wp.com\/blogdoeloiltoncajuhy.com.br\/site\/wp-content\/uploads\/2025\/02\/PM-da-Bahia-comemorou-200-anos-com-homenagens-em-Salvador-%E2%80%94-Foto_Eduardo-Oliveira-TV-Bahia.jpeg?fit=720%2C432&ssl=1","jetpack_sharing_enabled":true,"publishpress_future_workflow_manual_trigger":{"enabledWorkflows":[]},"_links":{"self":[{"href":"https:\/\/blogdoeloiltoncajuhy.com.br\/site\/wp-json\/wp\/v2\/posts\/85693","targetHints":{"allow":["GET"]}}],"collection":[{"href":"https:\/\/blogdoeloiltoncajuhy.com.br\/site\/wp-json\/wp\/v2\/posts"}],"about":[{"href":"https:\/\/blogdoeloiltoncajuhy.com.br\/site\/wp-json\/wp\/v2\/types\/post"}],"author":[{"embeddable":true,"href":"https:\/\/blogdoeloiltoncajuhy.com.br\/site\/wp-json\/wp\/v2\/users\/2"}],"replies":[{"embeddable":true,"href":"https:\/\/blogdoeloiltoncajuhy.com.br\/site\/wp-json\/wp\/v2\/comments?post=85693"}],"version-history":[{"count":1,"href":"https:\/\/blogdoeloiltoncajuhy.com.br\/site\/wp-json\/wp\/v2\/posts\/85693\/revisions"}],"predecessor-version":[{"id":85696,"href":"https:\/\/blogdoeloiltoncajuhy.com.br\/site\/wp-json\/wp\/v2\/posts\/85693\/revisions\/85696"}],"wp:featuredmedia":[{"embeddable":true,"href":"https:\/\/blogdoeloiltoncajuhy.com.br\/site\/wp-json\/wp\/v2\/media\/85694"}],"wp:attachment":[{"href":"https:\/\/blogdoeloiltoncajuhy.com.br\/site\/wp-json\/wp\/v2\/media?parent=85693"}],"wp:term":[{"taxonomy":"category","embeddable":true,"href":"https:\/\/blogdoeloiltoncajuhy.com.br\/site\/wp-json\/wp\/v2\/categories?post=85693"},{"taxonomy":"post_tag","embeddable":true,"href":"https:\/\/blogdoeloiltoncajuhy.com.br\/site\/wp-json\/wp\/v2\/tags?post=85693"}],"curies":[{"name":"wp","href":"https:\/\/api.w.org\/{rel}","templated":true}]}}