{"id":85689,"date":"2025-02-04T08:36:09","date_gmt":"2025-02-04T11:36:09","guid":{"rendered":"https:\/\/blogdoeloiltoncajuhy.com.br\/site\/?p=85689"},"modified":"2025-02-04T08:37:53","modified_gmt":"2025-02-04T11:37:53","slug":"pt-bahia-promove-encontros-territoriais-em-todos-os-27-territorios-de-identidade-do-estado","status":"publish","type":"post","link":"https:\/\/blogdoeloiltoncajuhy.com.br\/site\/pt-bahia-promove-encontros-territoriais-em-todos-os-27-territorios-de-identidade-do-estado\/","title":{"rendered":"PT Bahia promove Encontros Territoriais em todos os 27 Territ\u00f3rios de Identidade do estado"},"content":{"rendered":"\n<p class=\"has-medium-font-size\"><strong>Atividades t\u00eam in\u00edcio nesta sexta-feira (07), em Itacar\u00e9, e ser\u00e3o realizadas at\u00e9 18 de maio para organizar e fortalecer ainda mais o partido<\/strong><\/p>\n\n\n\n<p><strong>Blog do Eloilton Cajuhy &#8211; BEC<\/strong><\/p>\n\n\n\n<figure class=\"wp-block-image aligncenter size-full\"><a href=\"https:\/\/i0.wp.com\/blogdoeloiltoncajuhy.com.br\/site\/wp-content\/uploads\/2025\/02\/PT-BA_Encontros_Divulgacao.jpeg?ssl=1\"><img data-recalc-dims=\"1\" fetchpriority=\"high\" decoding=\"async\" width=\"689\" height=\"485\" src=\"https:\/\/i0.wp.com\/blogdoeloiltoncajuhy.com.br\/site\/wp-content\/uploads\/2025\/02\/PT-BA_Encontros_Divulgacao.jpeg?resize=689%2C485&#038;ssl=1\" alt=\"\" class=\"wp-image-85690\" srcset=\"https:\/\/i0.wp.com\/blogdoeloiltoncajuhy.com.br\/site\/wp-content\/uploads\/2025\/02\/PT-BA_Encontros_Divulgacao.jpeg?w=689&amp;ssl=1 689w, https:\/\/i0.wp.com\/blogdoeloiltoncajuhy.com.br\/site\/wp-content\/uploads\/2025\/02\/PT-BA_Encontros_Divulgacao.jpeg?resize=300%2C211&amp;ssl=1 300w\" sizes=\"(max-width: 689px) 100vw, 689px\" \/><\/a><figcaption class=\"wp-element-caption\"><sub>Foto: Divulga\u00e7\u00e3o<\/sub><\/figcaption><\/figure>\n\n\n\n<p>O Partido dos Trabalhadores da Bahia vai promover, a partir desta sexta-feira (07), os Encontros Territoriais da legenda que ser\u00e3o realizados em todos os 27 Territ\u00f3rios de Identidade do estado, at\u00e9 18 de maio, com as presen\u00e7as de dirigentes do partido, prefeitos, prefeitas, vereadores, vereadoras, deputados e deputadas estaduais e federais, al\u00e9m de lideran\u00e7as pol\u00edticas. Nesta sexta, a atividade ser\u00e1 realizada na cidade de Itacar\u00e9 (Litoral Sul), no audit\u00f3rio do Col\u00e9gio de tempo integral Aurelino Leal, \u00e0s 09 horas. No s\u00e1bado (08), em Ubat\u00e3, no Territ\u00f3rio do M\u00e9dio Rio de Contas, no Col\u00e9gio Estadual de Ubat\u00e3, tamb\u00e9m \u00e0s 09 horas.<\/p>\n\n\n\n<p>O calend\u00e1rio aprovado pelo Diret\u00f3rio Estadual para as atividades nos Territ\u00f3rios tem como objetivo a organiza\u00e7\u00e3o interna do PT, a forma\u00e7\u00e3o pol\u00edtica dos vereadores e vereadoras, o treinamento em comunica\u00e7\u00e3o e organiza\u00e7\u00e3o eleitoral. Nos encontros, tamb\u00e9m ser\u00e3o debatidas as conjunturas pol\u00edtica estadual e nacional, assim como ser\u00e3o analisadas as elei\u00e7\u00f5es municipais e a prepara\u00e7\u00e3o da legenda para os desafios de 2025 e 2026, com a miss\u00e3o de reeleger o governador Jer\u00f4nimo Rodrigues e o presidente Lula.<\/p>\n\n\n\n<ul class=\"wp-block-list\">\n<li><a href=\"https:\/\/whatsapp.com\/channel\/0029VaAT7tDLI8Yfj5y9Z50Z\"><strong><mark style=\"background-color:rgba(0, 0, 0, 0)\" class=\"has-inline-color has-vivid-red-color\">Siga nosso canal no WhatsApp e veja mais not\u00edcias<\/mark><\/strong><\/a><\/li>\n<\/ul>\n\n\n\n<p><\/p>\n\n\n\n<p>Presidente do PT Estadual, \u00c9den Valadares destacou a import\u00e2ncia de intensificar e preparar as bancadas de vereadores para legislar de acordo o modo petista, com as presen\u00e7as de l\u00edderes pol\u00edticos locais, da milit\u00e2ncia, dos sindicatos, associa\u00e7\u00f5es e da popula\u00e7\u00e3o em geral. &#8220;Nos aproximando ainda mais dos diret\u00f3rios municipais podemos compreender as distintas realidades locais e encontrar solu\u00e7\u00f5es, como o PT faz h\u00e1 muitos anos em um processo muito rico de escuta. Dessa forma, o PT inicia 2025 intensificando o trabalho junto aos diret\u00f3rios municipais, \u00e0 nossa milit\u00e2ncia e \u00e0 nossas bases para construir uma nova Bahia e seguir reconstruindo o Brasil&#8221;, afirmou.<\/p>\n\n\n\n<p>O secret\u00e1rio de Organiza\u00e7\u00e3o do PT Bahia, Osmar Galdino (Joj\u00f3), destacou a grande mobiliza\u00e7\u00e3o que vem sendo realizada pelo Diret\u00f3rio Estadual e pelos diret\u00f3rios municipais do PT no estado para a organiza\u00e7\u00e3o dos Encontros. \u201cTodos filiados e filiadas dos munic\u00edpios que abrangem os Territ\u00f3rios est\u00e3o convidados a participar, aproveitaremos os Encontros Territoriais para celebrar os 45 anos do Partido dos Trabalhadores e Trabalhadoras, que \u00e9 no dia 10 de fevereiro\u201d.<\/p>\n","protected":false},"excerpt":{"rendered":"<p>Atividades t\u00eam in\u00edcio nesta sexta-feira (07), em Itacar\u00e9, e ser\u00e3o realizadas at\u00e9 18 de maio para organizar e fortalecer ainda mais o partido Blog do Eloilton Cajuhy &#8211; BEC O Partido dos Trabalhadores da Bahia vai promover, a partir desta sexta-feira (07), os Encontros Territoriais da legenda que ser\u00e3o realizados em todos os 27 Territ\u00f3rios [&hellip;]<\/p>\n","protected":false},"author":2,"featured_media":85690,"comment_status":"open","ping_status":"open","sticky":false,"template":"","format":"standard","meta":{"_acf_changed":false,"_monsterinsights_skip_tracking":false,"_monsterinsights_sitenote_active":false,"_monsterinsights_sitenote_note":"","_monsterinsights_sitenote_category":0,"_jetpack_memberships_contains_paid_content":false,"footnotes":"","jetpack_publicize_message":"","jetpack_publicize_feature_enabled":true,"jetpack_social_post_already_shared":false,"jetpack_social_options":{"image_generator_settings":{"template":"highway","enabled":false},"version":2}},"categories":[3],"tags":[],"class_list":["post-85689","post","type-post","status-publish","format-standard","has-post-thumbnail","hentry","category-politica"],"acf":[],"jetpack_publicize_connections":[],"jetpack_featured_media_url":"https:\/\/i0.wp.com\/blogdoeloiltoncajuhy.com.br\/site\/wp-content\/uploads\/2025\/02\/PT-BA_Encontros_Divulgacao.jpeg?fit=689%2C485&ssl=1","jetpack_sharing_enabled":true,"publishpress_future_workflow_manual_trigger":{"enabledWorkflows":[]},"_links":{"self":[{"href":"https:\/\/blogdoeloiltoncajuhy.com.br\/site\/wp-json\/wp\/v2\/posts\/85689","targetHints":{"allow":["GET"]}}],"collection":[{"href":"https:\/\/blogdoeloiltoncajuhy.com.br\/site\/wp-json\/wp\/v2\/posts"}],"about":[{"href":"https:\/\/blogdoeloiltoncajuhy.com.br\/site\/wp-json\/wp\/v2\/types\/post"}],"author":[{"embeddable":true,"href":"https:\/\/blogdoeloiltoncajuhy.com.br\/site\/wp-json\/wp\/v2\/users\/2"}],"replies":[{"embeddable":true,"href":"https:\/\/blogdoeloiltoncajuhy.com.br\/site\/wp-json\/wp\/v2\/comments?post=85689"}],"version-history":[{"count":2,"href":"https:\/\/blogdoeloiltoncajuhy.com.br\/site\/wp-json\/wp\/v2\/posts\/85689\/revisions"}],"predecessor-version":[{"id":85692,"href":"https:\/\/blogdoeloiltoncajuhy.com.br\/site\/wp-json\/wp\/v2\/posts\/85689\/revisions\/85692"}],"wp:featuredmedia":[{"embeddable":true,"href":"https:\/\/blogdoeloiltoncajuhy.com.br\/site\/wp-json\/wp\/v2\/media\/85690"}],"wp:attachment":[{"href":"https:\/\/blogdoeloiltoncajuhy.com.br\/site\/wp-json\/wp\/v2\/media?parent=85689"}],"wp:term":[{"taxonomy":"category","embeddable":true,"href":"https:\/\/blogdoeloiltoncajuhy.com.br\/site\/wp-json\/wp\/v2\/categories?post=85689"},{"taxonomy":"post_tag","embeddable":true,"href":"https:\/\/blogdoeloiltoncajuhy.com.br\/site\/wp-json\/wp\/v2\/tags?post=85689"}],"curies":[{"name":"wp","href":"https:\/\/api.w.org\/{rel}","templated":true}]}}