{"id":85686,"date":"2025-02-04T08:23:43","date_gmt":"2025-02-04T11:23:43","guid":{"rendered":"https:\/\/blogdoeloiltoncajuhy.com.br\/site\/?p=85686"},"modified":"2025-02-04T08:23:49","modified_gmt":"2025-02-04T11:23:49","slug":"fundeb-estados-e-municipios-brasileiros-partilham-r-11-bilhoes","status":"publish","type":"post","link":"https:\/\/blogdoeloiltoncajuhy.com.br\/site\/fundeb-estados-e-municipios-brasileiros-partilham-r-11-bilhoes\/","title":{"rendered":"Fundeb: estados e munic\u00edpios brasileiros partilham R$ 11 bilh\u00f5es"},"content":{"rendered":"\n<p class=\"has-medium-font-size\"><strong>O valor corresponde a 15% a mais do que o transferida no ano passado<\/strong><\/p>\n\n\n\n<p><strong>Por Brasil 61<\/strong><\/p>\n\n\n\n<figure class=\"wp-block-image aligncenter size-full\"><a href=\"https:\/\/i0.wp.com\/blogdoeloiltoncajuhy.com.br\/site\/wp-content\/uploads\/2025\/02\/sala-de-aula-educacao-Foto_Gabriel-Jabur-Agencia-Brasilia.jpg?ssl=1\"><img data-recalc-dims=\"1\" fetchpriority=\"high\" decoding=\"async\" width=\"720\" height=\"431\" src=\"https:\/\/i0.wp.com\/blogdoeloiltoncajuhy.com.br\/site\/wp-content\/uploads\/2025\/02\/sala-de-aula-educacao-Foto_Gabriel-Jabur-Agencia-Brasilia.jpg?resize=720%2C431&#038;ssl=1\" alt=\"\" class=\"wp-image-85687\" srcset=\"https:\/\/i0.wp.com\/blogdoeloiltoncajuhy.com.br\/site\/wp-content\/uploads\/2025\/02\/sala-de-aula-educacao-Foto_Gabriel-Jabur-Agencia-Brasilia.jpg?w=720&amp;ssl=1 720w, https:\/\/i0.wp.com\/blogdoeloiltoncajuhy.com.br\/site\/wp-content\/uploads\/2025\/02\/sala-de-aula-educacao-Foto_Gabriel-Jabur-Agencia-Brasilia.jpg?resize=300%2C180&amp;ssl=1 300w\" sizes=\"(max-width: 720px) 100vw, 720px\" \/><\/a><figcaption class=\"wp-element-caption\"><sub>Foto: Gabriel Jabur\/Ag\u00eancia Bras\u00edlia<\/sub><\/figcaption><\/figure>\n\n\n\n<p>Estados e munic\u00edpios brasileiros come\u00e7aram o m\u00eas de fevereiro com a partilha de R$ 11 bilh\u00f5es, referentes \u00e0 contribui\u00e7\u00e3o federal ao Fundo de Manuten\u00e7\u00e3o e Desenvolvimento da Educa\u00e7\u00e3o B\u00e1sica (Fundeb). O montante \u00e9 repassado pelo Minist\u00e9rio da Educa\u00e7\u00e3o. De acordo com a pasta, a quantia corresponde a 15% a mais do que a transferida no ano passado.\u00a0<\/p>\n\n\n\n<p>Segundo o ministro da Educa\u00e7\u00e3o, Camilo Santana, os gestores podem utilizar os recursos no pagamento de \u201cprofessores, profissionais da educa\u00e7\u00e3o, transporte escolar, material did\u00e1tico e melhorar a infraestrutura da escola, por exemplo\u201d.<\/p>\n\n\n\n<ul class=\"wp-block-list\">\n<li><a href=\"https:\/\/whatsapp.com\/channel\/0029VaAT7tDLI8Yfj5y9Z50Z\"><strong><mark style=\"background-color:rgba(0, 0, 0, 0)\" class=\"has-inline-color has-vivid-red-color\">Siga nosso canal no WhatsApp e veja mais not\u00edcias<\/mark><\/strong><\/a><\/li>\n<\/ul>\n\n\n\n<p><\/p>\n\n\n\n<p>Do valor geral, R$ 2,8 bilh\u00f5es s\u00e3o correspondentes \u00e0 primeira parcela da complementa\u00e7\u00e3o da Uni\u00e3o para 2025, enquanto R$ 8,2 bilh\u00f5es s\u00e3o referentes \u00e0 13\u00aa e \u00faltima parcela da complementa\u00e7\u00e3o de 2024.&nbsp;<\/p>\n\n\n\n<p>Os recursos ser\u00e3o destinados aos entes federativos benefici\u00e1rios das complementa\u00e7\u00f5es da Uni\u00e3o nas modalidades Valor Anual por Aluno (Vaaf), Valor Anual Total por Aluno (Vaat) e Valor Aluno Ano Resultado (Vaar).&nbsp;<\/p>\n\n\n\n<p>De acordo com a Portaria Interministerial MEC\/MF n\u00ba 14, de 27 de dezembro de 2024, o cronograma de desembolso da complementa\u00e7\u00e3o da Uni\u00e3o-VAAF ao Fundeb 2025 destinou para o estado da Bahia R$ 271.133.568,05.<\/p>\n\n\n\n<p>O especialista em or\u00e7amento p\u00fablico, Cesar Lima, explica que, do valor total, os entes podem destinar at\u00e9 70% para pagamento de pessoal. No entanto, 30% devem ser investidos da na \u00e1rea da educa\u00e7\u00e3o.\u00a0<\/p>\n\n\n\n<p>\u201cO Fundeb \u00e9 um fundo formado por v\u00e1rias receitas, desde o Sal\u00e1rio Educa\u00e7\u00e3o, que \u00e9 uma contribui\u00e7\u00e3o paga por empresas, at\u00e9 mesmo uma parte do FPM [Fundo de Participa\u00e7\u00e3o dos Munic\u00edpios] que \u00e9 retirada de cada munic\u00edpio. Isso cria um fundo dividido nacionalmente, de acordo com o n\u00famero de matr\u00edculas de cada munic\u00edpio. Esse repasse tem uma previs\u00e3o anual, mas \u00e9 repassado mensalmente\u201d, destaca.<\/p>\n\n\n\n<p>A complementa\u00e7\u00e3o da Uni\u00e3o para este ano est\u00e1 prevista em R$ 56,5 bilh\u00f5es. O valor deve beneficiar 1.859 entes federativos na modalidade Vaaf, 2.358 na modalidade Vaat e 2.837 na modalidade Vaar. Essas quantias ser\u00e3o repassadas em parcelas mensais de janeiro de 2025 a janeiro de 2026. Os dep\u00f3sitos ser\u00e3o feitos at\u00e9 o \u00faltimo dia \u00fatil de cada m\u00eas.<\/p>\n","protected":false},"excerpt":{"rendered":"<p>O valor corresponde a 15% a mais do que o transferida no ano passado Por Brasil 61 Estados e munic\u00edpios brasileiros come\u00e7aram o m\u00eas de fevereiro com a partilha de R$ 11 bilh\u00f5es, referentes \u00e0 contribui\u00e7\u00e3o federal ao Fundo de Manuten\u00e7\u00e3o e Desenvolvimento da Educa\u00e7\u00e3o B\u00e1sica (Fundeb). O montante \u00e9 repassado pelo Minist\u00e9rio da Educa\u00e7\u00e3o. [&hellip;]<\/p>\n","protected":false},"author":2,"featured_media":85687,"comment_status":"open","ping_status":"open","sticky":false,"template":"","format":"standard","meta":{"_acf_changed":false,"_monsterinsights_skip_tracking":false,"_monsterinsights_sitenote_active":false,"_monsterinsights_sitenote_note":"","_monsterinsights_sitenote_category":0,"_jetpack_memberships_contains_paid_content":false,"footnotes":"","jetpack_publicize_message":"","jetpack_publicize_feature_enabled":true,"jetpack_social_post_already_shared":true,"jetpack_social_options":{"image_generator_settings":{"template":"highway","default_image_id":0,"font":"","enabled":false},"version":2}},"categories":[14],"tags":[],"class_list":["post-85686","post","type-post","status-publish","format-standard","has-post-thumbnail","hentry","category-educacao"],"acf":[],"jetpack_publicize_connections":[],"jetpack_featured_media_url":"https:\/\/i0.wp.com\/blogdoeloiltoncajuhy.com.br\/site\/wp-content\/uploads\/2025\/02\/sala-de-aula-educacao-Foto_Gabriel-Jabur-Agencia-Brasilia.jpg?fit=720%2C431&ssl=1","jetpack_sharing_enabled":true,"publishpress_future_workflow_manual_trigger":{"enabledWorkflows":[]},"_links":{"self":[{"href":"https:\/\/blogdoeloiltoncajuhy.com.br\/site\/wp-json\/wp\/v2\/posts\/85686","targetHints":{"allow":["GET"]}}],"collection":[{"href":"https:\/\/blogdoeloiltoncajuhy.com.br\/site\/wp-json\/wp\/v2\/posts"}],"about":[{"href":"https:\/\/blogdoeloiltoncajuhy.com.br\/site\/wp-json\/wp\/v2\/types\/post"}],"author":[{"embeddable":true,"href":"https:\/\/blogdoeloiltoncajuhy.com.br\/site\/wp-json\/wp\/v2\/users\/2"}],"replies":[{"embeddable":true,"href":"https:\/\/blogdoeloiltoncajuhy.com.br\/site\/wp-json\/wp\/v2\/comments?post=85686"}],"version-history":[{"count":1,"href":"https:\/\/blogdoeloiltoncajuhy.com.br\/site\/wp-json\/wp\/v2\/posts\/85686\/revisions"}],"predecessor-version":[{"id":85688,"href":"https:\/\/blogdoeloiltoncajuhy.com.br\/site\/wp-json\/wp\/v2\/posts\/85686\/revisions\/85688"}],"wp:featuredmedia":[{"embeddable":true,"href":"https:\/\/blogdoeloiltoncajuhy.com.br\/site\/wp-json\/wp\/v2\/media\/85687"}],"wp:attachment":[{"href":"https:\/\/blogdoeloiltoncajuhy.com.br\/site\/wp-json\/wp\/v2\/media?parent=85686"}],"wp:term":[{"taxonomy":"category","embeddable":true,"href":"https:\/\/blogdoeloiltoncajuhy.com.br\/site\/wp-json\/wp\/v2\/categories?post=85686"},{"taxonomy":"post_tag","embeddable":true,"href":"https:\/\/blogdoeloiltoncajuhy.com.br\/site\/wp-json\/wp\/v2\/tags?post=85686"}],"curies":[{"name":"wp","href":"https:\/\/api.w.org\/{rel}","templated":true}]}}