{"id":85682,"date":"2025-02-04T20:30:00","date_gmt":"2025-02-04T23:30:00","guid":{"rendered":"https:\/\/blogdoeloiltoncajuhy.com.br\/site\/?p=85682"},"modified":"2025-02-03T15:35:45","modified_gmt":"2025-02-03T18:35:45","slug":"rompendo-com-o-medo-uma-jornada-de-autoconhecimento-e-liberdade","status":"publish","type":"post","link":"https:\/\/blogdoeloiltoncajuhy.com.br\/site\/rompendo-com-o-medo-uma-jornada-de-autoconhecimento-e-liberdade\/","title":{"rendered":"Rompendo com o medo: Uma jornada de autoconhecimento e liberdade"},"content":{"rendered":"\n<p><strong>Blog do Eloilton Cajuhy &#8211; BEC<\/strong><\/p>\n\n\n\n<figure class=\"wp-block-image aligncenter size-full\"><a href=\"https:\/\/i0.wp.com\/blogdoeloiltoncajuhy.com.br\/site\/wp-content\/uploads\/2025\/02\/IA_reflexao_2025-02-03.jpeg\"><img data-recalc-dims=\"1\" fetchpriority=\"high\" decoding=\"async\" width=\"720\" height=\"411\" src=\"https:\/\/i0.wp.com\/blogdoeloiltoncajuhy.com.br\/site\/wp-content\/uploads\/2025\/02\/IA_reflexao_2025-02-03.jpeg?resize=720%2C411\" alt=\"\" class=\"wp-image-85683\" srcset=\"https:\/\/i0.wp.com\/blogdoeloiltoncajuhy.com.br\/site\/wp-content\/uploads\/2025\/02\/IA_reflexao_2025-02-03.jpeg?w=720&amp;ssl=1 720w, https:\/\/i0.wp.com\/blogdoeloiltoncajuhy.com.br\/site\/wp-content\/uploads\/2025\/02\/IA_reflexao_2025-02-03.jpeg?resize=300%2C171&amp;ssl=1 300w\" sizes=\"(max-width: 720px) 100vw, 720px\" \/><\/a><figcaption class=\"wp-element-caption\"><sub>Imagem: IA<\/sub><\/figcaption><\/figure>\n\n\n\n<p>Voc\u00ea j\u00e1 deve ter sentido medo, por diversos motivos. J\u00e1 deve tamb\u00e9m ter pensado em como se livrar de tal sentimento. E a pergunta que sempre ecoa \u00e9: por que nos sentimos assim? Inseguros, temerosos\u2026?<\/p>\n\n\n\n<p>O desconhecido sempre nos causa uma sensa\u00e7\u00e3o de estranhamento. Traduzindo: sentimos medo. Medo do que n\u00e3o conhecemos\u2026 Por n\u00e3o saber o que pode acontecer\u2026 Da rea\u00e7\u00e3o de algu\u00e9m\u2026 Medo do escuro\u2026 De altura\u2026 De n\u00e3o conseguir algo! Enfim, as motiva\u00e7\u00f5es s\u00e3o amplas.<\/p>\n\n\n\n<ul class=\"wp-block-list\">\n<li><a href=\"https:\/\/whatsapp.com\/channel\/0029VaAT7tDLI8Yfj5y9Z50Z\"><strong><mark style=\"background-color:rgba(0, 0, 0, 0)\" class=\"has-inline-color has-vivid-red-color\">Siga nosso canal no WhatsApp e veja mais not\u00edcias<\/mark><\/strong><\/a><\/li>\n<\/ul>\n\n\n\n<p><\/p>\n\n\n\n<p>Mas, sabe o que mais me causa medo? De permanecer com medo e, assim, n\u00e3o me permitir mudar. De permanecer me mantendo em um cen\u00e1rio que me limita, me amedronta, me acovarda e reduz as possibilidades de ser\/pertencer algo\/algu\u00e9m melhor.<\/p>\n\n\n\n<p>O medo sucumbe o nosso direito de viver livremente. De tentar\u2026 De arriscar\u2026 De voar a lugares e situa\u00e7\u00f5es que transp\u00f5em o que a gente presume ser o nosso limite\u2026 Aniquila a liberdade de pensar al\u00e9m do que os nossos olhos podem, ou ao menos, que a gente acredita que conseguem enxergar.<\/p>\n\n\n\n<p>Que voc\u00ea possa domar as inseguran\u00e7as que amarram as tuas chances de se lan\u00e7ar ao futuro. E que l\u00e1 na frente, voc\u00ea possa vir a ser livre &#8211; do medo -, ao ponto de sentir vontade de apenas arriscar conquistar tudo aquilo que sempre sonhou.<\/p>\n\n\n\n<p>N\u00e3o tenha medo de romper com o medo\u2026 Liberte-se!<\/p>\n\n\n\n<p class=\"has-black-color has-text-color has-link-color wp-elements-e7a5a0b85fb2aa017958443357475132\"><strong>Por C\u00e1tia Lopes<\/strong><\/p>\n","protected":false},"excerpt":{"rendered":"<p>Blog do Eloilton Cajuhy &#8211; BEC Voc\u00ea j\u00e1 deve ter sentido medo, por diversos motivos. J\u00e1 deve tamb\u00e9m ter pensado em como se livrar de tal sentimento. E a pergunta que sempre ecoa \u00e9: por que nos sentimos assim? Inseguros, temerosos\u2026? O desconhecido sempre nos causa uma sensa\u00e7\u00e3o de estranhamento. Traduzindo: sentimos medo. Medo do [&hellip;]<\/p>\n","protected":false},"author":2,"featured_media":85683,"comment_status":"open","ping_status":"open","sticky":false,"template":"","format":"standard","meta":{"_acf_changed":false,"_monsterinsights_skip_tracking":false,"_monsterinsights_sitenote_active":false,"_monsterinsights_sitenote_note":"","_monsterinsights_sitenote_category":0,"_jetpack_memberships_contains_paid_content":false,"footnotes":"","jetpack_publicize_message":"","jetpack_publicize_feature_enabled":true,"jetpack_social_post_already_shared":true,"jetpack_social_options":{"image_generator_settings":{"template":"highway","default_image_id":0,"font":"","enabled":false},"version":2}},"categories":[9],"tags":[],"class_list":["post-85682","post","type-post","status-publish","format-standard","has-post-thumbnail","hentry","category-reflexao"],"acf":[],"jetpack_publicize_connections":[],"jetpack_featured_media_url":"https:\/\/i0.wp.com\/blogdoeloiltoncajuhy.com.br\/site\/wp-content\/uploads\/2025\/02\/IA_reflexao_2025-02-03.jpeg?fit=720%2C411&ssl=1","jetpack_sharing_enabled":true,"publishpress_future_workflow_manual_trigger":{"enabledWorkflows":[]},"_links":{"self":[{"href":"https:\/\/blogdoeloiltoncajuhy.com.br\/site\/wp-json\/wp\/v2\/posts\/85682","targetHints":{"allow":["GET"]}}],"collection":[{"href":"https:\/\/blogdoeloiltoncajuhy.com.br\/site\/wp-json\/wp\/v2\/posts"}],"about":[{"href":"https:\/\/blogdoeloiltoncajuhy.com.br\/site\/wp-json\/wp\/v2\/types\/post"}],"author":[{"embeddable":true,"href":"https:\/\/blogdoeloiltoncajuhy.com.br\/site\/wp-json\/wp\/v2\/users\/2"}],"replies":[{"embeddable":true,"href":"https:\/\/blogdoeloiltoncajuhy.com.br\/site\/wp-json\/wp\/v2\/comments?post=85682"}],"version-history":[{"count":1,"href":"https:\/\/blogdoeloiltoncajuhy.com.br\/site\/wp-json\/wp\/v2\/posts\/85682\/revisions"}],"predecessor-version":[{"id":85684,"href":"https:\/\/blogdoeloiltoncajuhy.com.br\/site\/wp-json\/wp\/v2\/posts\/85682\/revisions\/85684"}],"wp:featuredmedia":[{"embeddable":true,"href":"https:\/\/blogdoeloiltoncajuhy.com.br\/site\/wp-json\/wp\/v2\/media\/85683"}],"wp:attachment":[{"href":"https:\/\/blogdoeloiltoncajuhy.com.br\/site\/wp-json\/wp\/v2\/media?parent=85682"}],"wp:term":[{"taxonomy":"category","embeddable":true,"href":"https:\/\/blogdoeloiltoncajuhy.com.br\/site\/wp-json\/wp\/v2\/categories?post=85682"},{"taxonomy":"post_tag","embeddable":true,"href":"https:\/\/blogdoeloiltoncajuhy.com.br\/site\/wp-json\/wp\/v2\/tags?post=85682"}],"curies":[{"name":"wp","href":"https:\/\/api.w.org\/{rel}","templated":true}]}}