{"id":85632,"date":"2025-01-31T08:21:30","date_gmt":"2025-01-31T11:21:30","guid":{"rendered":"https:\/\/blogdoeloiltoncajuhy.com.br\/site\/?p=85632"},"modified":"2025-01-31T08:21:36","modified_gmt":"2025-01-31T11:21:36","slug":"preco-do-gas-de-cozinha-tera-reajuste-em-fevereiro-aumento-pode-chegar-a-r-8-por-botijao","status":"publish","type":"post","link":"https:\/\/blogdoeloiltoncajuhy.com.br\/site\/preco-do-gas-de-cozinha-tera-reajuste-em-fevereiro-aumento-pode-chegar-a-r-8-por-botijao\/","title":{"rendered":"Pre\u00e7o do g\u00e1s de cozinha ter\u00e1 reajuste em fevereiro; aumento pode chegar a R$ 8 por botij\u00e3o"},"content":{"rendered":"\n<p><strong>Aumento est\u00e1 previsto para fevereiro e \u00e9 o primeiro anunciado neste ano<\/strong><\/p>\n\n\n\n<p><strong>Por g1 BA e TV Bahia<\/strong><\/p>\n\n\n\n<figure class=\"wp-block-image aligncenter size-large is-resized\"><a href=\"https:\/\/i0.wp.com\/blogdoeloiltoncajuhy.com.br\/site\/wp-content\/uploads\/2022\/09\/Botijao-de-gas-Reuters_Caetano-Barreira-direitos-reservados.jpg\"><img data-recalc-dims=\"1\" fetchpriority=\"high\" decoding=\"async\" width=\"800\" height=\"479\" src=\"https:\/\/i0.wp.com\/blogdoeloiltoncajuhy.com.br\/site\/wp-content\/uploads\/2022\/09\/Botijao-de-gas-Reuters_Caetano-Barreira-direitos-reservados.jpg?resize=800%2C479\" alt=\"\" class=\"wp-image-68861\" style=\"width:620px;height:auto\" srcset=\"https:\/\/i0.wp.com\/blogdoeloiltoncajuhy.com.br\/site\/wp-content\/uploads\/2022\/09\/Botijao-de-gas-Reuters_Caetano-Barreira-direitos-reservados.jpg?resize=1024%2C613&amp;ssl=1 1024w, https:\/\/i0.wp.com\/blogdoeloiltoncajuhy.com.br\/site\/wp-content\/uploads\/2022\/09\/Botijao-de-gas-Reuters_Caetano-Barreira-direitos-reservados.jpg?resize=300%2C179&amp;ssl=1 300w, https:\/\/i0.wp.com\/blogdoeloiltoncajuhy.com.br\/site\/wp-content\/uploads\/2022\/09\/Botijao-de-gas-Reuters_Caetano-Barreira-direitos-reservados.jpg?resize=768%2C459&amp;ssl=1 768w, https:\/\/i0.wp.com\/blogdoeloiltoncajuhy.com.br\/site\/wp-content\/uploads\/2022\/09\/Botijao-de-gas-Reuters_Caetano-Barreira-direitos-reservados.jpg?w=1170&amp;ssl=1 1170w\" sizes=\"(max-width: 800px) 100vw, 800px\" \/><\/a><figcaption class=\"wp-element-caption\"><sub>Foto: Reprodu\u00e7\u00e3o<\/sub><\/figcaption><\/figure>\n\n\n\n<p>O pre\u00e7o do g\u00e1s de cozinha vendido na Bahia ser\u00e1 reajustado em fevereiro. Segundo o Sindicato Nacional das Empresas Distribuidoras de G\u00e1s Liquefeito de Petr\u00f3leo (Sindig\u00e1s), o aumento pode chegar a R$ 8 por botij\u00e3o. A mudan\u00e7a passa a valer a partir do s\u00e1bado (1\u00ba).<\/p>\n\n\n\n<p>Esse \u00e9 o primeiro acr\u00e9scimo anunciado em 2025 para o estado. Ao longo do ano passado, foram registrados nove reajustes. O \u00faltimo deles foi de R$ 4 e passou a valer no dia 2 de dezembro, quase dois meses antes da data do novo aumento.<\/p>\n\n\n\n<p>Em nota, a Acelen, que administra a Refinaria Mataripe, antiga Landulpho Alves, informou que os pre\u00e7os seguem crit\u00e9rios de mercado, &#8220;considerando vari\u00e1veis como custo do petr\u00f3leo, que \u00e9 adquirido a pre\u00e7os internacionais, d\u00f3lar e frete, podendo variar para cima ou para baixo&#8221;.<\/p>\n\n\n\n<p>A empresa ressaltou ainda que possui uma pol\u00edtica de pre\u00e7os &#8220;transparente, amparada por crit\u00e9rios t\u00e9cnicos, em conson\u00e2ncia com as pr\u00e1ticas internacionais de mercado&#8221;.<\/p>\n\n\n\n<ul class=\"wp-block-list\">\n<li><a href=\"https:\/\/whatsapp.com\/channel\/0029VaAT7tDLI8Yfj5y9Z50Z\"><strong><mark style=\"background-color:rgba(0, 0, 0, 0)\" class=\"has-inline-color has-vivid-red-color\">Siga nosso canal no WhatsApp e veja mais not\u00edcias<\/mark><\/strong><\/a><\/li>\n<\/ul>\n\n\n\n<p><\/p>\n\n\n\n<h4 class=\"wp-block-heading\"><strong><mark style=\"background-color:rgba(0, 0, 0, 0)\" class=\"has-inline-color has-black-color\">Reajustes de 2024<\/mark><\/strong><\/h4>\n\n\n\n<p>Conforme divulgou o Sindig\u00e1s, os meses de abril e junho foram os \u00fanicos em que houve uma baixa no pre\u00e7o do produto em 2024.<\/p>\n\n\n\n<p>Entre junho e novembro, o valor do g\u00e1s aumentou em cerca de R$ 19 para o consumidor final, em determinados pontos do estado, j\u00e1 que o pre\u00e7o varia de acordo com a cidade, bairro e tamb\u00e9m a modalidade da compra.<\/p>\n","protected":false},"excerpt":{"rendered":"<p>Aumento est\u00e1 previsto para fevereiro e \u00e9 o primeiro anunciado neste ano Por g1 BA e TV Bahia O pre\u00e7o do g\u00e1s de cozinha vendido na Bahia ser\u00e1 reajustado em fevereiro. Segundo o Sindicato Nacional das Empresas Distribuidoras de G\u00e1s Liquefeito de Petr\u00f3leo (Sindig\u00e1s), o aumento pode chegar a R$ 8 por botij\u00e3o. A mudan\u00e7a [&hellip;]<\/p>\n","protected":false},"author":2,"featured_media":71520,"comment_status":"open","ping_status":"open","sticky":false,"template":"","format":"standard","meta":{"_acf_changed":false,"_monsterinsights_skip_tracking":false,"_monsterinsights_sitenote_active":false,"_monsterinsights_sitenote_note":"","_monsterinsights_sitenote_category":0,"_jetpack_memberships_contains_paid_content":false,"footnotes":"","jetpack_publicize_message":"","jetpack_publicize_feature_enabled":true,"jetpack_social_post_already_shared":true,"jetpack_social_options":{"image_generator_settings":{"template":"highway","default_image_id":0,"font":"","enabled":false},"version":2}},"categories":[31],"tags":[],"class_list":["post-85632","post","type-post","status-publish","format-standard","has-post-thumbnail","hentry","category-economia"],"acf":[],"jetpack_publicize_connections":[],"jetpack_featured_media_url":"https:\/\/i0.wp.com\/blogdoeloiltoncajuhy.com.br\/site\/wp-content\/uploads\/2023\/01\/Gas-de-cozinha-botijao-Marcello-Casal-Jr-Agencia-Brasil.jpg?fit=500%2C320&ssl=1","jetpack_sharing_enabled":true,"publishpress_future_workflow_manual_trigger":{"enabledWorkflows":[]},"_links":{"self":[{"href":"https:\/\/blogdoeloiltoncajuhy.com.br\/site\/wp-json\/wp\/v2\/posts\/85632","targetHints":{"allow":["GET"]}}],"collection":[{"href":"https:\/\/blogdoeloiltoncajuhy.com.br\/site\/wp-json\/wp\/v2\/posts"}],"about":[{"href":"https:\/\/blogdoeloiltoncajuhy.com.br\/site\/wp-json\/wp\/v2\/types\/post"}],"author":[{"embeddable":true,"href":"https:\/\/blogdoeloiltoncajuhy.com.br\/site\/wp-json\/wp\/v2\/users\/2"}],"replies":[{"embeddable":true,"href":"https:\/\/blogdoeloiltoncajuhy.com.br\/site\/wp-json\/wp\/v2\/comments?post=85632"}],"version-history":[{"count":1,"href":"https:\/\/blogdoeloiltoncajuhy.com.br\/site\/wp-json\/wp\/v2\/posts\/85632\/revisions"}],"predecessor-version":[{"id":85633,"href":"https:\/\/blogdoeloiltoncajuhy.com.br\/site\/wp-json\/wp\/v2\/posts\/85632\/revisions\/85633"}],"wp:featuredmedia":[{"embeddable":true,"href":"https:\/\/blogdoeloiltoncajuhy.com.br\/site\/wp-json\/wp\/v2\/media\/71520"}],"wp:attachment":[{"href":"https:\/\/blogdoeloiltoncajuhy.com.br\/site\/wp-json\/wp\/v2\/media?parent=85632"}],"wp:term":[{"taxonomy":"category","embeddable":true,"href":"https:\/\/blogdoeloiltoncajuhy.com.br\/site\/wp-json\/wp\/v2\/categories?post=85632"},{"taxonomy":"post_tag","embeddable":true,"href":"https:\/\/blogdoeloiltoncajuhy.com.br\/site\/wp-json\/wp\/v2\/tags?post=85632"}],"curies":[{"name":"wp","href":"https:\/\/api.w.org\/{rel}","templated":true}]}}