{"id":85622,"date":"2025-01-30T15:20:35","date_gmt":"2025-01-30T18:20:35","guid":{"rendered":"https:\/\/blogdoeloiltoncajuhy.com.br\/site\/?p=85622"},"modified":"2025-01-30T15:21:51","modified_gmt":"2025-01-30T18:21:51","slug":"ansiedade-de-2014-a-2024-atendimento-a-criancas-de-10-a-14-anos-subiu-quase-2-500-no-sus","status":"publish","type":"post","link":"https:\/\/blogdoeloiltoncajuhy.com.br\/site\/ansiedade-de-2014-a-2024-atendimento-a-criancas-de-10-a-14-anos-subiu-quase-2-500-no-sus\/","title":{"rendered":"Ansiedade: de 2014 a 2024, atendimento a crian\u00e7as de 10 a 14 anos subiu quase 2.500% no SUS"},"content":{"rendered":"\n<p class=\"has-medium-font-size\"><strong>Entre jovens de 15 a 19 anos, aumento foi mais acentuado: de cerca de 3.300%. Para especialistas, maior exposi\u00e7\u00e3o a telas tem afetado a sa\u00fade mental de crian\u00e7as e adolescentes<\/strong><\/p>\n\n\n\n<p><strong>Por Hamanda Viana, Ana Clara Alves, Juliana Lima, Vladimir Netto, Caroline Manhani, TV Globo<\/strong> \u2014 Bras\u00edlia<\/p>\n\n\n\n<figure class=\"wp-block-image aligncenter size-full\"><a href=\"https:\/\/i0.wp.com\/blogdoeloiltoncajuhy.com.br\/site\/wp-content\/uploads\/2025\/01\/Tablets-smartphones-televisao-ansiedade-depressao-criancas-adolescentes-%E2%80%94-Foto_Pixabay.jpeg?ssl=1\"><img data-recalc-dims=\"1\" fetchpriority=\"high\" decoding=\"async\" width=\"800\" height=\"411\" src=\"https:\/\/i0.wp.com\/blogdoeloiltoncajuhy.com.br\/site\/wp-content\/uploads\/2025\/01\/Tablets-smartphones-televisao-ansiedade-depressao-criancas-adolescentes-%E2%80%94-Foto_Pixabay.jpeg?resize=800%2C411&#038;ssl=1\" alt=\"\" class=\"wp-image-85623\" srcset=\"https:\/\/i0.wp.com\/blogdoeloiltoncajuhy.com.br\/site\/wp-content\/uploads\/2025\/01\/Tablets-smartphones-televisao-ansiedade-depressao-criancas-adolescentes-%E2%80%94-Foto_Pixabay.jpeg?w=800&amp;ssl=1 800w, https:\/\/i0.wp.com\/blogdoeloiltoncajuhy.com.br\/site\/wp-content\/uploads\/2025\/01\/Tablets-smartphones-televisao-ansiedade-depressao-criancas-adolescentes-%E2%80%94-Foto_Pixabay.jpeg?resize=300%2C154&amp;ssl=1 300w, https:\/\/i0.wp.com\/blogdoeloiltoncajuhy.com.br\/site\/wp-content\/uploads\/2025\/01\/Tablets-smartphones-televisao-ansiedade-depressao-criancas-adolescentes-%E2%80%94-Foto_Pixabay.jpeg?resize=768%2C395&amp;ssl=1 768w\" sizes=\"(max-width: 800px) 100vw, 800px\" \/><\/a><figcaption class=\"wp-element-caption\"><sub>Muito tempo gasto com jogos, tablets, smartphones e televis\u00e3o pode causar ansiedade e depress\u00e3o em crian\u00e7as e adolescentes \u2014 Foto: Pixabay<\/sub><\/figcaption><\/figure>\n\n\n\n<p>Um levantamento realizado pelo Minist\u00e9rio da Sa\u00fade mostra que, de 2014 a 2024, os atendimentos relacionados a transtornos de ansiedade no SUS aumentaram quase 2.500% entre as crian\u00e7as de 10 a 14 anos. Foram 1.850 atendimentos em 2014 frente a 24,3 mil no ano passado.<\/p>\n\n\n\n<p>Entre os adolescentes de 15 a 19 anos, o avan\u00e7o foi ainda mais acentuado: de mais de 3.300%, saltando de 1.534 atendimentos, em 2014, para 53.514 no \u00faltimo ano.<\/p>\n\n\n\n<p>Segundo especialistas, a exposi\u00e7\u00e3o prolongada a dispositivos eletr\u00f4nicos pode estar contribuindo para a deteriora\u00e7\u00e3o da sa\u00fade mental de uma gera\u00e7\u00e3o.<\/p>\n\n\n\n<ul class=\"wp-block-list\">\n<li><a href=\"https:\/\/whatsapp.com\/channel\/0029VaAT7tDLI8Yfj5y9Z50Z\"><strong><mark style=\"background-color:rgba(0, 0, 0, 0)\" class=\"has-inline-color has-vivid-red-color\">Siga nosso canal no WhatsApp e veja mais not\u00edcias<\/mark><\/strong><\/a><\/li>\n<\/ul>\n\n\n\n<p><\/p>\n\n\n\n<p>O pediatra e sanitarista Daniel Becker explica que os danos causados pelo uso em excesso do aparelho t\u00eam duas origens.<\/p>\n\n\n\n<p>A primeira, diz Becker, est\u00e1 relacionada ao que se perde quando a crian\u00e7a e o jovem est\u00e3o no celular, as brincadeiras, o esporte, a movimenta\u00e7\u00e3o f\u00edsica, a intera\u00e7\u00e3o e o contato social. E a segunda est\u00e1 ligada ao conte\u00fado consumido nos dispositivos.<\/p>\n\n\n\n<p>\u201cO algoritmo sempre vai mandar o maior lixo poss\u00edvel. Tem coisa boa, claro, mas se a gente n\u00e3o controla, a crian\u00e7a n\u00e3o sabe fazer isso, ela vai receber lixo. Vai receber conte\u00fados nocivos, consumistas, f\u00fateis. Agressivos, violentos, ideologicamente inadequados, pornografia, bullying, misoginia, racismo&#8221;, afirmou o pediatra.<\/p>\n\n\n\n<p>O m\u00e9dico tamb\u00e9m destaca um fen\u00f4meno que atinge especialmente as meninas: a exig\u00eancia da beleza.<\/p>\n\n\n\n<p>\u201cO que elas v\u00e3o encontrar nas redes sociais s\u00e3o mulheres lindas, cheias de filtro, cheias de bomba, de esteroides, com horas e horas de treino, silicone. Isso vai gerar \u00e9 depress\u00e3o\u201d, declarou Becker.<\/p>\n\n\n\n<p>De acordo com o presidente da Sociedade Brasileira de Pediatria, Cl\u00f3vis Francisco Constantino, o uso excessivo de celulares e outras telas pode prejudicar at\u00e9 o sono de crian\u00e7as e adolescentes, j\u00e1 que o uso frequente antes de dormir prejudica a qualidade do descanso, agravando problemas emocionais.<\/p>\n\n\n\n<p>\u201c\u00c9 necess\u00e1rio equilibrar o uso dos dispositivos, incentivando atividades ao ar livre, limites claros no tempo de tela e maior acompanhamento dos pais e cuidadores, pois o uso consciente \u00e9 fundamental para proteger o bem-estar emocional das crian\u00e7as e adolescentes\u201d, disse Constantino.<\/p>\n","protected":false},"excerpt":{"rendered":"<p>Entre jovens de 15 a 19 anos, aumento foi mais acentuado: de cerca de 3.300%. Para especialistas, maior exposi\u00e7\u00e3o a telas tem afetado a sa\u00fade mental de crian\u00e7as e adolescentes Por Hamanda Viana, Ana Clara Alves, Juliana Lima, Vladimir Netto, Caroline Manhani, TV Globo \u2014 Bras\u00edlia Um levantamento realizado pelo Minist\u00e9rio da Sa\u00fade mostra que, [&hellip;]<\/p>\n","protected":false},"author":2,"featured_media":85623,"comment_status":"open","ping_status":"open","sticky":false,"template":"","format":"standard","meta":{"_acf_changed":false,"_monsterinsights_skip_tracking":false,"_monsterinsights_sitenote_active":false,"_monsterinsights_sitenote_note":"","_monsterinsights_sitenote_category":0,"_jetpack_memberships_contains_paid_content":false,"footnotes":"","jetpack_publicize_message":"","jetpack_publicize_feature_enabled":true,"jetpack_social_post_already_shared":true,"jetpack_social_options":{"image_generator_settings":{"template":"highway","default_image_id":0,"font":"","enabled":false},"version":2}},"categories":[7],"tags":[],"class_list":["post-85622","post","type-post","status-publish","format-standard","has-post-thumbnail","hentry","category-saude"],"acf":[],"jetpack_publicize_connections":[],"jetpack_featured_media_url":"https:\/\/i0.wp.com\/blogdoeloiltoncajuhy.com.br\/site\/wp-content\/uploads\/2025\/01\/Tablets-smartphones-televisao-ansiedade-depressao-criancas-adolescentes-%E2%80%94-Foto_Pixabay.jpeg?fit=800%2C411&ssl=1","jetpack_sharing_enabled":true,"publishpress_future_workflow_manual_trigger":{"enabledWorkflows":[]},"_links":{"self":[{"href":"https:\/\/blogdoeloiltoncajuhy.com.br\/site\/wp-json\/wp\/v2\/posts\/85622","targetHints":{"allow":["GET"]}}],"collection":[{"href":"https:\/\/blogdoeloiltoncajuhy.com.br\/site\/wp-json\/wp\/v2\/posts"}],"about":[{"href":"https:\/\/blogdoeloiltoncajuhy.com.br\/site\/wp-json\/wp\/v2\/types\/post"}],"author":[{"embeddable":true,"href":"https:\/\/blogdoeloiltoncajuhy.com.br\/site\/wp-json\/wp\/v2\/users\/2"}],"replies":[{"embeddable":true,"href":"https:\/\/blogdoeloiltoncajuhy.com.br\/site\/wp-json\/wp\/v2\/comments?post=85622"}],"version-history":[{"count":2,"href":"https:\/\/blogdoeloiltoncajuhy.com.br\/site\/wp-json\/wp\/v2\/posts\/85622\/revisions"}],"predecessor-version":[{"id":85625,"href":"https:\/\/blogdoeloiltoncajuhy.com.br\/site\/wp-json\/wp\/v2\/posts\/85622\/revisions\/85625"}],"wp:featuredmedia":[{"embeddable":true,"href":"https:\/\/blogdoeloiltoncajuhy.com.br\/site\/wp-json\/wp\/v2\/media\/85623"}],"wp:attachment":[{"href":"https:\/\/blogdoeloiltoncajuhy.com.br\/site\/wp-json\/wp\/v2\/media?parent=85622"}],"wp:term":[{"taxonomy":"category","embeddable":true,"href":"https:\/\/blogdoeloiltoncajuhy.com.br\/site\/wp-json\/wp\/v2\/categories?post=85622"},{"taxonomy":"post_tag","embeddable":true,"href":"https:\/\/blogdoeloiltoncajuhy.com.br\/site\/wp-json\/wp\/v2\/tags?post=85622"}],"curies":[{"name":"wp","href":"https:\/\/api.w.org\/{rel}","templated":true}]}}