{"id":85583,"date":"2025-01-28T15:45:52","date_gmt":"2025-01-28T18:45:52","guid":{"rendered":"https:\/\/blogdoeloiltoncajuhy.com.br\/site\/?p=85583"},"modified":"2025-01-28T15:45:58","modified_gmt":"2025-01-28T18:45:58","slug":"sobe-para-oito-numero-de-vitimas-que-denunciam-medico-peruano-do-samu-de-salvador-por-violencias-fisicas","status":"publish","type":"post","link":"https:\/\/blogdoeloiltoncajuhy.com.br\/site\/sobe-para-oito-numero-de-vitimas-que-denunciam-medico-peruano-do-samu-de-salvador-por-violencias-fisicas\/","title":{"rendered":"Sobe para oito n\u00famero de v\u00edtimas que denunciam m\u00e9dico peruano do Samu de Salvador por viol\u00eancias f\u00edsicas"},"content":{"rendered":"\n<p class=\"has-medium-font-size\"><strong>Maioria das v\u00edtimas s\u00e3o m\u00e9dicas e enfermeiras que namoraram com suspeito nos \u00faltimos 10 anos. Profissional foi afastado por tr\u00eas meses pela Secretaria de Sa\u00fade (SMS)<\/strong><\/p>\n\n\n\n<p><strong>Por g1 BA e TV Bahia<\/strong><\/p>\n\n\n\n<figure class=\"wp-block-image aligncenter size-full is-resized\"><a href=\"https:\/\/i0.wp.com\/blogdoeloiltoncajuhy.com.br\/site\/wp-content\/uploads\/2025\/01\/Ex-companheiras-denunciam-medico-do-Samu-de-Salvador-%E2%80%94-Foto_Reproducao-TV-Bahia.png?ssl=1\"><img data-recalc-dims=\"1\" fetchpriority=\"high\" decoding=\"async\" width=\"342\" height=\"500\" src=\"https:\/\/i0.wp.com\/blogdoeloiltoncajuhy.com.br\/site\/wp-content\/uploads\/2025\/01\/Ex-companheiras-denunciam-medico-do-Samu-de-Salvador-%E2%80%94-Foto_Reproducao-TV-Bahia.png?resize=342%2C500&#038;ssl=1\" alt=\"\" class=\"wp-image-85584\" style=\"width:408px;height:auto\" srcset=\"https:\/\/i0.wp.com\/blogdoeloiltoncajuhy.com.br\/site\/wp-content\/uploads\/2025\/01\/Ex-companheiras-denunciam-medico-do-Samu-de-Salvador-%E2%80%94-Foto_Reproducao-TV-Bahia.png?w=342&amp;ssl=1 342w, https:\/\/i0.wp.com\/blogdoeloiltoncajuhy.com.br\/site\/wp-content\/uploads\/2025\/01\/Ex-companheiras-denunciam-medico-do-Samu-de-Salvador-%E2%80%94-Foto_Reproducao-TV-Bahia.png?resize=205%2C300&amp;ssl=1 205w\" sizes=\"(max-width: 342px) 100vw, 342px\" \/><\/a><figcaption class=\"wp-element-caption\"><sub>Seis ex-companheiras denunciam m\u00e9dico peruano do Samu de Salvador por viol\u00eancias f\u00edsicas \u2014 Foto: Reprodu\u00e7\u00e3o\/TV Bahia<\/sub><\/figcaption><\/figure>\n\n\n\n<p>Subiu para oito o n\u00famero de profissionais de sa\u00fade que denunciaram o m\u00e9dico peruano <strong><mark style=\"background-color:rgba(0, 0, 0, 0)\" class=\"has-inline-color has-black-color\">Lu\u00eds Gonzalo Velarde Acosta<\/mark><\/strong>, de 38 anos, pelas pr\u00e1ticas de viol\u00eancia f\u00edsica, psicol\u00f3gica, virtual e patrimonial, al\u00e9m de ass\u00e9dio. O suspeito atua no Servi\u00e7o de Atendimento M\u00e9dico de Urg\u00eancia (Samu) de Salvador desde 2018 e foi afastado das atividades por tr\u00eas meses, enquanto as den\u00fancias s\u00e3o investigadas.<\/p>\n\n\n\n<p>Todas as v\u00edtimas s\u00e3o profissionais de sa\u00fade (m\u00e9dicas ou enfermeiras). Sete delas tiveram relacionamentos afetivos com o homem nos \u00faltimos anos e uma o denunciou por ass\u00e9dio.<\/p>\n\n\n\n<p>A <strong>TV Bahia<\/strong> apurou que tr\u00eas denunciantes t\u00eam medidas protetivas contra Lu\u00eds Gonzalo, duas se afastaram do trabalho por medo de trabalhar com o m\u00e9dico, uma tenta o afastamento e outras duas continuam no servi\u00e7o.<\/p>\n\n\n\n<p>Ao ouvir as den\u00fancias de ex-companheiras no programa <strong>Bahia Meio Dia<\/strong>, na segunda-feira (27), uma outra m\u00e9dica resolveu falar sobre agress\u00f5es que sofreu enquanto teve um relacionamento com o profissional.<\/p>\n\n\n\n<p>No in\u00edcio do namoro, segundo a mulher, que preferiu n\u00e3o revelar a identidade, Lu\u00eds Gonzalo era amoroso e tratava bem os amigos e familiares dela. No entanto, depois, passou a ter um comportamento agressivo.<\/p>\n\n\n\n<figure class=\"wp-block-image aligncenter size-full\"><a href=\"https:\/\/i0.wp.com\/blogdoeloiltoncajuhy.com.br\/site\/wp-content\/uploads\/2025\/01\/Ex-companheiras-denunciam-medico-do-Samu-de-Salvador-2-%E2%80%94-Foto_Reproducao-TV-Bahia.png?ssl=1\"><img data-recalc-dims=\"1\" decoding=\"async\" width=\"547\" height=\"502\" src=\"https:\/\/i0.wp.com\/blogdoeloiltoncajuhy.com.br\/site\/wp-content\/uploads\/2025\/01\/Ex-companheiras-denunciam-medico-do-Samu-de-Salvador-2-%E2%80%94-Foto_Reproducao-TV-Bahia.png?resize=547%2C502&#038;ssl=1\" alt=\"\" class=\"wp-image-85585\" srcset=\"https:\/\/i0.wp.com\/blogdoeloiltoncajuhy.com.br\/site\/wp-content\/uploads\/2025\/01\/Ex-companheiras-denunciam-medico-do-Samu-de-Salvador-2-%E2%80%94-Foto_Reproducao-TV-Bahia.png?w=547&amp;ssl=1 547w, https:\/\/i0.wp.com\/blogdoeloiltoncajuhy.com.br\/site\/wp-content\/uploads\/2025\/01\/Ex-companheiras-denunciam-medico-do-Samu-de-Salvador-2-%E2%80%94-Foto_Reproducao-TV-Bahia.png?resize=300%2C275&amp;ssl=1 300w\" sizes=\"(max-width: 547px) 100vw, 547px\" \/><\/a><figcaption class=\"wp-element-caption\"><sub>Seis ex-companheiras denunciam m\u00e9dico peruano do Samu de Salvador por viol\u00eancias f\u00edsicas \u2014 Foto: Reprodu\u00e7\u00e3o\/TV Bahia<\/sub><\/figcaption><\/figure>\n\n\n\n<h2 class=\"wp-block-heading has-text-align-center\"><strong><mark style=\"background-color:rgba(0, 0, 0, 0)\" class=\"has-inline-color has-vivid-red-color\">____________<\/mark><\/strong><\/h2>\n\n\n\n<blockquote class=\"wp-block-quote is-layout-flow wp-block-quote-is-layout-flow\">\n<p class=\"has-medium-font-size\"><strong><mark style=\"background-color:rgba(0, 0, 0, 0)\" class=\"has-inline-color has-black-color\">&#8220;Ele come\u00e7ou a gritar e falar mais alto. Seguiu com empurr\u00f5es, pux\u00f5es de cabelo, mordidas, belisc\u00f5es, murros e asfixia. Por duas vezes, quase me matou&#8221;, relatou.<\/mark><\/strong><\/p>\n\n\n\n<h2 class=\"wp-block-heading has-text-align-center\"><strong>____________<\/strong><\/h2>\n<\/blockquote>\n\n\n\n<p>A m\u00e9dica disse ainda que o homem tamb\u00e9m praticava viol\u00eancia psicol\u00f3gica e deu preju\u00edzos financeiros que ficaram em torno de R$ 20 mil.<\/p>\n\n\n\n<p>&#8220;[Ele falava] &#8216;Voc\u00ea \u00e9 uma burra, sem cultura, rodada, inepta, retardada, vai matar seus pacientes&#8217;. Ele diminui voc\u00ea, sua fam\u00edlia, suas conquistas&#8221;, lembrou.<\/p>\n\n\n\n<ul class=\"wp-block-list\">\n<li><a href=\"https:\/\/whatsapp.com\/channel\/0029VaAT7tDLI8Yfj5y9Z50Z\"><strong><mark style=\"background-color:rgba(0, 0, 0, 0)\" class=\"has-inline-color has-vivid-red-color\">Siga nosso canal no WhatsApp e veja mais not\u00edcias<\/mark><\/strong><\/a><\/li>\n<\/ul>\n\n\n\n<p><\/p>\n\n\n\n<p>Uma outra m\u00e9dica tamb\u00e9m relatou ter emprestado dinheiro para o m\u00e9dico e n\u00e3o ter recebido os pagamentos.<\/p>\n\n\n\n<p>&#8220;Teve um epis\u00f3dio que me marcou, que foi quando eu estava dando plant\u00e3o em uma UPA, e ele estava dando plant\u00e3o em uma base do Samu anexa a essa UPA. Ele entrou no meu consult\u00f3rio, disse que precisava conversar comigo, que ficava at\u00e9 sem gra\u00e7a de pedir uma coisa dessas, mas que ele precisava de R$ 1 mil emprestado&#8221;, contou.<\/p>\n\n\n\n<p>Ap\u00f3s os pedidos de empr\u00e9stimos, a mulher conversou com outros colegas de trabalho, descobriu que ele j\u00e1 tinha pegado dinheiro emprestado com outros funcion\u00e1rios e n\u00e3o tinha feito os pagamentos. Com isso, resolveu se afastar.<\/p>\n\n\n\n<p>Em 5 de dezembro de 2024, Lu\u00eds Gonzalo foi afastado por tr\u00eas meses pela Secretaria Municipal de Sa\u00fade (SMS). As den\u00fancias foram encaminhadas para an\u00e1lises da Procuradoria Geral do Munic\u00edpio (PGM).<\/p>\n\n\n\n<p>Mais de um m\u00eas depois, a PGM sugeriu que caberia \u00e0 chefia m\u00e9dica do Samu o cumprimento das medidas protetivas no ambiente de trabalho e que ao inv\u00e9s da suspens\u00e3o total do contrato, fossem adotadas medidas que permitissem o exerc\u00edcio de trabalho de Lu\u00eds Gonzalo, evitando contato com as v\u00edtimas.<\/p>\n\n\n\n<p>Com isso, as denunciantes passaram a temer o retorno do m\u00e9dico aos trabalhos. No \u00faltimo final de semana, um manifesto foi encaminhado para a SMS.<\/p>\n\n\n\n<figure class=\"wp-block-image aligncenter size-full\"><a href=\"https:\/\/i0.wp.com\/blogdoeloiltoncajuhy.com.br\/site\/wp-content\/uploads\/2025\/01\/Ex-companheiras-denunciam-medico-do-Samu-de-Salvador-3-%E2%80%94-Foto_Reproducao-TV-Bahia.png?ssl=1\"><img data-recalc-dims=\"1\" decoding=\"async\" width=\"524\" height=\"487\" src=\"https:\/\/i0.wp.com\/blogdoeloiltoncajuhy.com.br\/site\/wp-content\/uploads\/2025\/01\/Ex-companheiras-denunciam-medico-do-Samu-de-Salvador-3-%E2%80%94-Foto_Reproducao-TV-Bahia.png?resize=524%2C487&#038;ssl=1\" alt=\"\" class=\"wp-image-85586\" srcset=\"https:\/\/i0.wp.com\/blogdoeloiltoncajuhy.com.br\/site\/wp-content\/uploads\/2025\/01\/Ex-companheiras-denunciam-medico-do-Samu-de-Salvador-3-%E2%80%94-Foto_Reproducao-TV-Bahia.png?w=524&amp;ssl=1 524w, https:\/\/i0.wp.com\/blogdoeloiltoncajuhy.com.br\/site\/wp-content\/uploads\/2025\/01\/Ex-companheiras-denunciam-medico-do-Samu-de-Salvador-3-%E2%80%94-Foto_Reproducao-TV-Bahia.png?resize=300%2C279&amp;ssl=1 300w\" sizes=\"(max-width: 524px) 100vw, 524px\" \/><\/a><figcaption class=\"wp-element-caption\"><sub>Seis ex-companheiras denunciam m\u00e9dico peruano do Samu de Salvador por viol\u00eancias f\u00edsicas \u2014 Foto: Reprodu\u00e7\u00e3o\/TV Bahia<\/sub><\/figcaption><\/figure>\n\n\n\n<h2 class=\"wp-block-heading has-text-align-center\"><strong><mark style=\"background-color:rgba(0, 0, 0, 0)\" class=\"has-inline-color has-vivid-red-color\">____________<\/mark><\/strong><\/h2>\n\n\n\n<blockquote class=\"wp-block-quote is-layout-flow wp-block-quote-is-layout-flow\">\n<p class=\"has-medium-font-size\"><strong><mark style=\"background-color:rgba(0, 0, 0, 0)\" class=\"has-inline-color has-black-color\">&#8220;Quando eu soube que ele poderia voltar, me senti agredida novamente e voltei a ter crises de ansiedade. Hoje, tenho medo de sair de casa e n\u00e3o voltar&#8221;, afirmou uma m\u00e9dica que denunciou agress\u00f5es e ainda trabalha no Samu.<\/mark><\/strong><\/p>\n\n\n\n<h2 class=\"wp-block-heading has-text-align-center\"><strong><mark style=\"background-color:rgba(0, 0, 0, 0)\" class=\"has-inline-color has-vivid-red-color\">____________<\/mark><\/strong><\/h2>\n<\/blockquote>\n\n\n\n<p>No documento, as profissionais do Samu pediram apura\u00e7\u00e3o das den\u00fancias e que sejam tomadas medidas cab\u00edveis para que elas possam desempenhar os trabalhos delas em ambiente seguro, respeito e sem riscos \u00e0 integridade f\u00edsica e psicol\u00f3gica.<\/p>\n\n\n\n<h2 class=\"wp-block-heading has-text-align-center\"><strong><mark style=\"background-color:rgba(0, 0, 0, 0)\" class=\"has-inline-color has-vivid-red-color\">____________<\/mark><\/strong><\/h2>\n\n\n\n<blockquote class=\"wp-block-quote is-layout-flow wp-block-quote-is-layout-flow\">\n<p class=\"has-medium-font-size\"><strong><mark style=\"background-color:rgba(0, 0, 0, 0)\" class=\"has-inline-color has-black-color\">&#8220;Solicitamos o afastamento do profissional, em conson\u00e2ncia \u00e0s medidas protetivas, de forma preventiva, at\u00e9 que se tenha processo em transitado e julgado&#8221;, diz ainda parte do documento.<\/mark><\/strong><\/p>\n<\/blockquote>\n\n\n\n<h2 class=\"wp-block-heading has-text-align-center\"><strong><mark style=\"background-color:rgba(0, 0, 0, 0)\" class=\"has-inline-color has-vivid-red-color\">____________<\/mark><\/strong><\/h2>\n\n\n\n<p>A defesa do m\u00e9dico disse \u00e0 <strong>TV Bahia<\/strong> que s\u00f3 tem conhecimento da den\u00fancia de uma ex-companheira do cliente. Afirmou ainda que as reclama\u00e7\u00f5es s\u00e3o mentirosas, feitas para manchar a imagem de Lu\u00eds Gonzalo.<\/p>\n\n\n\n<p>Em nota, a SMS reafirmou a decis\u00e3o de afastamento do profissional, disse que n\u00e3o foi acionada pela Justi\u00e7a para adotar medidas protetivas, mas ainda assim optou por afastar o m\u00e9dico ap\u00f3s receber as den\u00fancias.<\/p>\n\n\n\n<p>Questionada sobre a recomenda\u00e7\u00e3o do retorno do m\u00e9dico ao trabalho, o \u00f3rg\u00e3o afirmou que respeita o exerc\u00edcio da ampla defesa do contradit\u00f3rio, uma vez que ainda vai ocorrer o julgamento e a finaliza\u00e7\u00e3o da investiga\u00e7\u00e3o, mas destacou que o que segue v\u00e1lido \u00e9 o afastamento do profissional.<\/p>\n\n\n\n<p>A <strong>TV Bahia<\/strong> tamb\u00e9m procurou o Conselho Regional de Medicina do Estado da Bahia (Cremeb) para saber o hist\u00f3rico profissional do m\u00e9dico, mas n\u00e3o recebeu resposta at\u00e9 a \u00faltima atualiza\u00e7\u00e3o desta reportagem.<\/p>\n","protected":false},"excerpt":{"rendered":"<p>Maioria das v\u00edtimas s\u00e3o m\u00e9dicas e enfermeiras que namoraram com suspeito nos \u00faltimos 10 anos. Profissional foi afastado por tr\u00eas meses pela Secretaria de Sa\u00fade (SMS) Por g1 BA e TV Bahia Subiu para oito o n\u00famero de profissionais de sa\u00fade que denunciaram o m\u00e9dico peruano Lu\u00eds Gonzalo Velarde Acosta, de 38 anos, pelas pr\u00e1ticas [&hellip;]<\/p>\n","protected":false},"author":2,"featured_media":85585,"comment_status":"open","ping_status":"open","sticky":false,"template":"","format":"standard","meta":{"_acf_changed":false,"_monsterinsights_skip_tracking":false,"_monsterinsights_sitenote_active":false,"_monsterinsights_sitenote_note":"","_monsterinsights_sitenote_category":0,"_jetpack_memberships_contains_paid_content":false,"footnotes":"","jetpack_publicize_message":"","jetpack_publicize_feature_enabled":true,"jetpack_social_post_already_shared":true,"jetpack_social_options":{"image_generator_settings":{"template":"highway","default_image_id":0,"font":"","enabled":false},"version":2}},"categories":[15],"tags":[],"class_list":["post-85583","post","type-post","status-publish","format-standard","has-post-thumbnail","hentry","category-policia"],"acf":[],"jetpack_publicize_connections":[],"jetpack_featured_media_url":"https:\/\/i0.wp.com\/blogdoeloiltoncajuhy.com.br\/site\/wp-content\/uploads\/2025\/01\/Ex-companheiras-denunciam-medico-do-Samu-de-Salvador-2-%E2%80%94-Foto_Reproducao-TV-Bahia.png?fit=547%2C502&ssl=1","jetpack_sharing_enabled":true,"publishpress_future_workflow_manual_trigger":{"enabledWorkflows":[]},"_links":{"self":[{"href":"https:\/\/blogdoeloiltoncajuhy.com.br\/site\/wp-json\/wp\/v2\/posts\/85583","targetHints":{"allow":["GET"]}}],"collection":[{"href":"https:\/\/blogdoeloiltoncajuhy.com.br\/site\/wp-json\/wp\/v2\/posts"}],"about":[{"href":"https:\/\/blogdoeloiltoncajuhy.com.br\/site\/wp-json\/wp\/v2\/types\/post"}],"author":[{"embeddable":true,"href":"https:\/\/blogdoeloiltoncajuhy.com.br\/site\/wp-json\/wp\/v2\/users\/2"}],"replies":[{"embeddable":true,"href":"https:\/\/blogdoeloiltoncajuhy.com.br\/site\/wp-json\/wp\/v2\/comments?post=85583"}],"version-history":[{"count":1,"href":"https:\/\/blogdoeloiltoncajuhy.com.br\/site\/wp-json\/wp\/v2\/posts\/85583\/revisions"}],"predecessor-version":[{"id":85587,"href":"https:\/\/blogdoeloiltoncajuhy.com.br\/site\/wp-json\/wp\/v2\/posts\/85583\/revisions\/85587"}],"wp:featuredmedia":[{"embeddable":true,"href":"https:\/\/blogdoeloiltoncajuhy.com.br\/site\/wp-json\/wp\/v2\/media\/85585"}],"wp:attachment":[{"href":"https:\/\/blogdoeloiltoncajuhy.com.br\/site\/wp-json\/wp\/v2\/media?parent=85583"}],"wp:term":[{"taxonomy":"category","embeddable":true,"href":"https:\/\/blogdoeloiltoncajuhy.com.br\/site\/wp-json\/wp\/v2\/categories?post=85583"},{"taxonomy":"post_tag","embeddable":true,"href":"https:\/\/blogdoeloiltoncajuhy.com.br\/site\/wp-json\/wp\/v2\/tags?post=85583"}],"curies":[{"name":"wp","href":"https:\/\/api.w.org\/{rel}","templated":true}]}}