{"id":85580,"date":"2025-01-28T15:14:49","date_gmt":"2025-01-28T18:14:49","guid":{"rendered":"https:\/\/blogdoeloiltoncajuhy.com.br\/site\/?p=85580"},"modified":"2025-01-28T15:14:55","modified_gmt":"2025-01-28T18:14:55","slug":"ex-prefeito-de-bonfim-anuncia-construcao-de-188-cisternas-no-municipio","status":"publish","type":"post","link":"https:\/\/blogdoeloiltoncajuhy.com.br\/site\/ex-prefeito-de-bonfim-anuncia-construcao-de-188-cisternas-no-municipio\/","title":{"rendered":"Ex-prefeito de Bonfim anuncia constru\u00e7\u00e3o de 188 cisternas no munic\u00edpio"},"content":{"rendered":"\n<p><strong>Por Blog do Eloilton Cajuhy \u2013 BEC<\/strong><\/p>\n\n\n\n<figure class=\"wp-block-image aligncenter size-full\"><a href=\"https:\/\/i0.wp.com\/blogdoeloiltoncajuhy.com.br\/site\/wp-content\/uploads\/2025\/01\/Cisterna_28-1-2025.jpeg?ssl=1\"><img data-recalc-dims=\"1\" fetchpriority=\"high\" decoding=\"async\" width=\"585\" height=\"524\" src=\"https:\/\/i0.wp.com\/blogdoeloiltoncajuhy.com.br\/site\/wp-content\/uploads\/2025\/01\/Cisterna_28-1-2025.jpeg?resize=585%2C524&#038;ssl=1\" alt=\"\" class=\"wp-image-85581\" srcset=\"https:\/\/i0.wp.com\/blogdoeloiltoncajuhy.com.br\/site\/wp-content\/uploads\/2025\/01\/Cisterna_28-1-2025.jpeg?w=585&amp;ssl=1 585w, https:\/\/i0.wp.com\/blogdoeloiltoncajuhy.com.br\/site\/wp-content\/uploads\/2025\/01\/Cisterna_28-1-2025.jpeg?resize=300%2C269&amp;ssl=1 300w\" sizes=\"(max-width: 585px) 100vw, 585px\" \/><\/a><figcaption class=\"wp-element-caption\"><sub>Ex-prefeito de Bonfim anuncia constru\u00e7\u00e3o de 188 cisternas no munic\u00edpio<\/sub><\/figcaption><\/figure>\n\n\n\n<p>O ex-prefeito de Senhor do Bonfim, Carlos Brasileiro, anunciou nesta ter\u00e7a-feira (28) que, atendendo solicita\u00e7\u00e3o de v\u00e1rias lideran\u00e7as do munic\u00edpio, conseguiu junto \u00e0 Secretaria de Assist\u00eancia e Desenvolvimento Social (SEADES), a constru\u00e7\u00e3o de 150 cisternas de consumo, com capacidade de 16 mil litros e 38 cisternas escolares com capacidade de 52 mil litros.<\/p>\n\n\n\n<ul class=\"wp-block-list\">\n<li><a href=\"https:\/\/whatsapp.com\/channel\/0029VaAT7tDLI8Yfj5y9Z50Z\"><strong><mark style=\"background-color:rgba(0, 0, 0, 0)\" class=\"has-inline-color has-vivid-red-color\">Siga nosso canal no WhatsApp e veja mais not\u00edcias<\/mark><\/strong><\/a><\/li>\n<\/ul>\n\n\n\n<p><\/p>\n\n\n\n<p>De acordo com Brasileiro, essas obras ter\u00e3o um investimento aproximado de 2 milh\u00f5es de reais e beneficiar\u00e3o mais de 2 mil pessoas, uma vez que a cisterna de consumo, al\u00e9m de beneficiar a fam\u00edlia contemplada, ajuda fam\u00edlias vizinhas, e a cisterna escolar beneficia alunos e suas fam\u00edlias, possibilitando melhor sa\u00fade e qualidade de vida.<\/p>\n\n\n\n<p>Carlos Brasileiro aproveitou para agradecer ao governador Jer\u00f4nimo Rodrigues, \u00e0 secret\u00e1ria Fabya Reis e o deputado federal Valmir Assun\u00e7\u00e3o, por atenderem seu pedido.<\/p>\n","protected":false},"excerpt":{"rendered":"<p>Por Blog do Eloilton Cajuhy \u2013 BEC O ex-prefeito de Senhor do Bonfim, Carlos Brasileiro, anunciou nesta ter\u00e7a-feira (28) que, atendendo solicita\u00e7\u00e3o de v\u00e1rias lideran\u00e7as do munic\u00edpio, conseguiu junto \u00e0 Secretaria de Assist\u00eancia e Desenvolvimento Social (SEADES), a constru\u00e7\u00e3o de 150 cisternas de consumo, com capacidade de 16 mil litros e 38 cisternas escolares com [&hellip;]<\/p>\n","protected":false},"author":2,"featured_media":85581,"comment_status":"open","ping_status":"open","sticky":false,"template":"","format":"standard","meta":{"_acf_changed":false,"_monsterinsights_skip_tracking":false,"_monsterinsights_sitenote_active":false,"_monsterinsights_sitenote_note":"","_monsterinsights_sitenote_category":0,"_jetpack_memberships_contains_paid_content":false,"footnotes":"","jetpack_publicize_message":"","jetpack_publicize_feature_enabled":true,"jetpack_social_post_already_shared":true,"jetpack_social_options":{"image_generator_settings":{"template":"highway","default_image_id":0,"font":"","enabled":false},"version":2}},"categories":[3],"tags":[],"class_list":["post-85580","post","type-post","status-publish","format-standard","has-post-thumbnail","hentry","category-politica"],"acf":[],"jetpack_publicize_connections":[],"jetpack_featured_media_url":"https:\/\/i0.wp.com\/blogdoeloiltoncajuhy.com.br\/site\/wp-content\/uploads\/2025\/01\/Cisterna_28-1-2025.jpeg?fit=585%2C524&ssl=1","jetpack_sharing_enabled":true,"publishpress_future_workflow_manual_trigger":{"enabledWorkflows":[]},"_links":{"self":[{"href":"https:\/\/blogdoeloiltoncajuhy.com.br\/site\/wp-json\/wp\/v2\/posts\/85580","targetHints":{"allow":["GET"]}}],"collection":[{"href":"https:\/\/blogdoeloiltoncajuhy.com.br\/site\/wp-json\/wp\/v2\/posts"}],"about":[{"href":"https:\/\/blogdoeloiltoncajuhy.com.br\/site\/wp-json\/wp\/v2\/types\/post"}],"author":[{"embeddable":true,"href":"https:\/\/blogdoeloiltoncajuhy.com.br\/site\/wp-json\/wp\/v2\/users\/2"}],"replies":[{"embeddable":true,"href":"https:\/\/blogdoeloiltoncajuhy.com.br\/site\/wp-json\/wp\/v2\/comments?post=85580"}],"version-history":[{"count":1,"href":"https:\/\/blogdoeloiltoncajuhy.com.br\/site\/wp-json\/wp\/v2\/posts\/85580\/revisions"}],"predecessor-version":[{"id":85582,"href":"https:\/\/blogdoeloiltoncajuhy.com.br\/site\/wp-json\/wp\/v2\/posts\/85580\/revisions\/85582"}],"wp:featuredmedia":[{"embeddable":true,"href":"https:\/\/blogdoeloiltoncajuhy.com.br\/site\/wp-json\/wp\/v2\/media\/85581"}],"wp:attachment":[{"href":"https:\/\/blogdoeloiltoncajuhy.com.br\/site\/wp-json\/wp\/v2\/media?parent=85580"}],"wp:term":[{"taxonomy":"category","embeddable":true,"href":"https:\/\/blogdoeloiltoncajuhy.com.br\/site\/wp-json\/wp\/v2\/categories?post=85580"},{"taxonomy":"post_tag","embeddable":true,"href":"https:\/\/blogdoeloiltoncajuhy.com.br\/site\/wp-json\/wp\/v2\/tags?post=85580"}],"curies":[{"name":"wp","href":"https:\/\/api.w.org\/{rel}","templated":true}]}}