{"id":85570,"date":"2025-01-28T08:17:47","date_gmt":"2025-01-28T11:17:47","guid":{"rendered":"https:\/\/blogdoeloiltoncajuhy.com.br\/site\/?p=85570"},"modified":"2025-01-28T08:17:53","modified_gmt":"2025-01-28T11:17:53","slug":"guardas-municipais-prazo-para-municipios-responderem-pesquisa-termina-dia-31","status":"publish","type":"post","link":"https:\/\/blogdoeloiltoncajuhy.com.br\/site\/guardas-municipais-prazo-para-municipios-responderem-pesquisa-termina-dia-31\/","title":{"rendered":"Guardas Municipais: prazo para munic\u00edpios responderem pesquisa termina dia 31"},"content":{"rendered":"\n<p class=\"has-medium-font-size\"><strong>Os dados informados v\u00e3o orientar o desenvolvimento de pol\u00edticas p\u00fablicas destinadas \u00e0s corpora\u00e7\u00f5es e \u00e0 melhoria de a\u00e7\u00f5es preventivas contra viol\u00eancia e criminalidade<\/strong><\/p>\n\n\n\n<p><strong>Por Brasil 61<\/strong><\/p>\n\n\n\n<figure class=\"wp-block-image aligncenter size-large is-resized\"><a href=\"https:\/\/i0.wp.com\/blogdoeloiltoncajuhy.com.br\/site\/wp-content\/uploads\/2022\/11\/Guarda-Civil-Municipal-Senhor-do-Bonfim-21112022.jpg\"><img data-recalc-dims=\"1\" fetchpriority=\"high\" decoding=\"async\" width=\"800\" height=\"535\" src=\"https:\/\/i0.wp.com\/blogdoeloiltoncajuhy.com.br\/site\/wp-content\/uploads\/2022\/11\/Guarda-Civil-Municipal-Senhor-do-Bonfim-21112022.jpg?resize=800%2C535\" alt=\"\" class=\"wp-image-70295\" style=\"width:694px;height:auto\" srcset=\"https:\/\/i0.wp.com\/blogdoeloiltoncajuhy.com.br\/site\/wp-content\/uploads\/2022\/11\/Guarda-Civil-Municipal-Senhor-do-Bonfim-21112022.jpg?resize=1024%2C685&amp;ssl=1 1024w, https:\/\/i0.wp.com\/blogdoeloiltoncajuhy.com.br\/site\/wp-content\/uploads\/2022\/11\/Guarda-Civil-Municipal-Senhor-do-Bonfim-21112022.jpg?resize=300%2C201&amp;ssl=1 300w, https:\/\/i0.wp.com\/blogdoeloiltoncajuhy.com.br\/site\/wp-content\/uploads\/2022\/11\/Guarda-Civil-Municipal-Senhor-do-Bonfim-21112022.jpg?resize=768%2C513&amp;ssl=1 768w, https:\/\/i0.wp.com\/blogdoeloiltoncajuhy.com.br\/site\/wp-content\/uploads\/2022\/11\/Guarda-Civil-Municipal-Senhor-do-Bonfim-21112022.jpg?w=1080&amp;ssl=1 1080w\" sizes=\"(max-width: 800px) 100vw, 800px\" \/><\/a><figcaption class=\"wp-element-caption\"><sub>Guarda Civil Municipal\/Senhor do Bonfim &#8211; Foto: Reprodu\u00e7\u00e3o<\/sub><\/figcaption><\/figure>\n\n\n\n<ul class=\"wp-block-list\">\n<li><a href=\"https:\/\/whatsapp.com\/channel\/0029VaAT7tDLI8Yfj5y9Z50Z\"><strong><mark style=\"background-color:rgba(0, 0, 0, 0)\" class=\"has-inline-color has-vivid-red-color\">Siga nosso canal no WhatsApp e veja mais not\u00edcias<\/mark><\/strong><\/a><\/li>\n<\/ul>\n\n\n\n<p><\/p>\n\n\n\n<p>Os gestores t\u00eam at\u00e9 o dia 31 de janeiro para participar da Pesquisa Diagn\u00f3stico Nacional das Guardas Municipais. Segundo o Minist\u00e9rio da Justi\u00e7a e Seguran\u00e7a P\u00fablica (MJSP), as informa\u00e7\u00f5es coletadas subsidiar\u00e3o a realiza\u00e7\u00e3o de estudos, al\u00e9m de ter o potencial de dar suporte aos gestores p\u00fablicos.<\/p>\n\n\n\n<p>A pasta informou, em nota, que os resultados servir\u00e3o de base para planejar pol\u00edticas p\u00fablicas dedicadas \u00e0 estrutura\u00e7\u00e3o da corpora\u00e7\u00e3o, bem como para fortalecer estrat\u00e9gias de preven\u00e7\u00e3o \u00e0 viol\u00eancia e \u00e0 criminalidade.<\/p>\n\n\n\n<p>Dados da Pesquisa de Informa\u00e7\u00f5es B\u00e1sicas Municipais (Munic) de 2023, conduzida pelo Instituto Brasileiro de Geografia Estat\u00edstica (IBGE), apontam que dos 5.571 munic\u00edpios brasileiros, 1.322 disp\u00f5em da Guarda Municipal.<\/p>\n\n\n\n<h4 class=\"wp-block-heading\"><strong><mark style=\"background-color:rgba(0, 0, 0, 0)\" class=\"has-inline-color has-black-color\">Como responder \u00e0 pesquisa<\/mark><\/strong><\/h4>\n\n\n\n<p>O pr\u00e9-cadastro deve ser feito por representantes dos munic\u00edpios que possuem Guarda Municipal por meio de um <a href=\"https:\/\/docs.google.com\/forms\/d\/e\/1FAIpQLScwp-PDMgO7eKjtPHx_9N1JIjuWUuVHY5fVgEtF2BAlMalbJg\/viewform\"><strong><mark style=\"background-color:rgba(0, 0, 0, 0)\" class=\"has-inline-color has-vivid-cyan-blue-color\">formul\u00e1rio online que pode ser acessado aqui<\/mark><\/strong><\/a>.<\/p>\n\n\n\n<p>Posteriormente, um novo link e uma senha ser\u00e3o enviados para que os comandantes das corpora\u00e7\u00f5es possam participar da segunda fase do levantamento.<\/p>\n\n\n\n<p>O diagn\u00f3stico \u00e9 promovido pela Secretaria Nacional de Seguran\u00e7a P\u00fablica (Senasp), em parceria com o Programa das Na\u00e7\u00f5es Unidas para o Desenvolvimento (Pnud) e a Universidade Federal de Vi\u00e7osa (UFV).<\/p>\n\n\n\n<p>A diretora do Sistema \u00danico de Seguran\u00e7a P\u00fablica (Susp), da Senasp, Isabel Figueiredo, ressalta que a participa\u00e7\u00e3o ativa dos munic\u00edpios no levantamento \u00e9 importante para mapear problemas e planejar a\u00e7\u00f5es de melhorias.<\/p>\n\n\n\n<p>\u201cA ades\u00e3o dos gestores municipais \u00e9 fundamental para que possamos mapear os desafios enfrentados pelas Guardas Municipais e identificar as melhores solu\u00e7\u00f5es para aprimorar suas capacidades operacionais e administrativas\u201d, afirma Isabel.<\/p>\n\n\n\n<p>Conforme informa\u00e7\u00f5es do MJSP, a participa\u00e7\u00e3o de prefeitos e comandantes das Guardas Municipais \u00e9 fundamental para o sucesso do diagn\u00f3stico.<\/p>\n","protected":false},"excerpt":{"rendered":"<p>Os dados informados v\u00e3o orientar o desenvolvimento de pol\u00edticas p\u00fablicas destinadas \u00e0s corpora\u00e7\u00f5es e \u00e0 melhoria de a\u00e7\u00f5es preventivas contra viol\u00eancia e criminalidade Por Brasil 61 Os gestores t\u00eam at\u00e9 o dia 31 de janeiro para participar da Pesquisa Diagn\u00f3stico Nacional das Guardas Municipais. Segundo o Minist\u00e9rio da Justi\u00e7a e Seguran\u00e7a P\u00fablica (MJSP), as informa\u00e7\u00f5es [&hellip;]<\/p>\n","protected":false},"author":2,"featured_media":70295,"comment_status":"open","ping_status":"open","sticky":false,"template":"","format":"standard","meta":{"_acf_changed":false,"_monsterinsights_skip_tracking":false,"_monsterinsights_sitenote_active":false,"_monsterinsights_sitenote_note":"","_monsterinsights_sitenote_category":0,"_jetpack_memberships_contains_paid_content":false,"footnotes":"","jetpack_publicize_message":"","jetpack_publicize_feature_enabled":true,"jetpack_social_post_already_shared":true,"jetpack_social_options":{"image_generator_settings":{"template":"highway","default_image_id":0,"font":"","enabled":false},"version":2}},"categories":[1],"tags":[],"class_list":["post-85570","post","type-post","status-publish","format-standard","has-post-thumbnail","hentry","category-noticias"],"acf":[],"jetpack_publicize_connections":[],"jetpack_featured_media_url":"https:\/\/i0.wp.com\/blogdoeloiltoncajuhy.com.br\/site\/wp-content\/uploads\/2022\/11\/Guarda-Civil-Municipal-Senhor-do-Bonfim-21112022.jpg?fit=1080%2C722&ssl=1","jetpack_sharing_enabled":true,"publishpress_future_workflow_manual_trigger":{"enabledWorkflows":[]},"_links":{"self":[{"href":"https:\/\/blogdoeloiltoncajuhy.com.br\/site\/wp-json\/wp\/v2\/posts\/85570","targetHints":{"allow":["GET"]}}],"collection":[{"href":"https:\/\/blogdoeloiltoncajuhy.com.br\/site\/wp-json\/wp\/v2\/posts"}],"about":[{"href":"https:\/\/blogdoeloiltoncajuhy.com.br\/site\/wp-json\/wp\/v2\/types\/post"}],"author":[{"embeddable":true,"href":"https:\/\/blogdoeloiltoncajuhy.com.br\/site\/wp-json\/wp\/v2\/users\/2"}],"replies":[{"embeddable":true,"href":"https:\/\/blogdoeloiltoncajuhy.com.br\/site\/wp-json\/wp\/v2\/comments?post=85570"}],"version-history":[{"count":1,"href":"https:\/\/blogdoeloiltoncajuhy.com.br\/site\/wp-json\/wp\/v2\/posts\/85570\/revisions"}],"predecessor-version":[{"id":85571,"href":"https:\/\/blogdoeloiltoncajuhy.com.br\/site\/wp-json\/wp\/v2\/posts\/85570\/revisions\/85571"}],"wp:featuredmedia":[{"embeddable":true,"href":"https:\/\/blogdoeloiltoncajuhy.com.br\/site\/wp-json\/wp\/v2\/media\/70295"}],"wp:attachment":[{"href":"https:\/\/blogdoeloiltoncajuhy.com.br\/site\/wp-json\/wp\/v2\/media?parent=85570"}],"wp:term":[{"taxonomy":"category","embeddable":true,"href":"https:\/\/blogdoeloiltoncajuhy.com.br\/site\/wp-json\/wp\/v2\/categories?post=85570"},{"taxonomy":"post_tag","embeddable":true,"href":"https:\/\/blogdoeloiltoncajuhy.com.br\/site\/wp-json\/wp\/v2\/tags?post=85570"}],"curies":[{"name":"wp","href":"https:\/\/api.w.org\/{rel}","templated":true}]}}