{"id":85520,"date":"2025-01-24T15:39:02","date_gmt":"2025-01-24T18:39:02","guid":{"rendered":"https:\/\/blogdoeloiltoncajuhy.com.br\/site\/?p=85520"},"modified":"2025-01-24T15:39:08","modified_gmt":"2025-01-24T18:39:08","slug":"ibama-publica-edital-de-concurso-com-460-vagas-e-salario-de-ate-r-99-mil-veja-como-participar","status":"publish","type":"post","link":"https:\/\/blogdoeloiltoncajuhy.com.br\/site\/ibama-publica-edital-de-concurso-com-460-vagas-e-salario-de-ate-r-99-mil-veja-como-participar\/","title":{"rendered":"Ibama publica edital de concurso com 460 vagas e sal\u00e1rio de at\u00e9 R$ 9,9 mil; veja como participar"},"content":{"rendered":"\n<p class=\"has-medium-font-size\"><strong>Sele\u00e7\u00e3o vai preencher oportunidades para analista administrativo e analista ambiental. Em ambos os cargos, s\u00e3o aceitos diplomas de n\u00edvel superior em qualquer \u00e1rea de forma\u00e7\u00e3o<\/strong><\/p>\n\n\n\n<p><strong>Por g1<\/strong> \u2014 S\u00e3o Paulo<\/p>\n\n\n\n<figure class=\"wp-block-image aligncenter size-full\"><a href=\"https:\/\/i0.wp.com\/blogdoeloiltoncajuhy.com.br\/site\/wp-content\/uploads\/2024\/07\/Ibama-ministerio-da-justica-foto-Divulgacao-Ministerio-da-Justica.jpg\"><img data-recalc-dims=\"1\" fetchpriority=\"high\" decoding=\"async\" width=\"780\" height=\"464\" src=\"https:\/\/i0.wp.com\/blogdoeloiltoncajuhy.com.br\/site\/wp-content\/uploads\/2024\/07\/Ibama-ministerio-da-justica-foto-Divulgacao-Ministerio-da-Justica.jpg?resize=780%2C464\" alt=\"\" class=\"wp-image-81667\" srcset=\"https:\/\/i0.wp.com\/blogdoeloiltoncajuhy.com.br\/site\/wp-content\/uploads\/2024\/07\/Ibama-ministerio-da-justica-foto-Divulgacao-Ministerio-da-Justica.jpg?w=780&amp;ssl=1 780w, https:\/\/i0.wp.com\/blogdoeloiltoncajuhy.com.br\/site\/wp-content\/uploads\/2024\/07\/Ibama-ministerio-da-justica-foto-Divulgacao-Ministerio-da-Justica.jpg?resize=300%2C178&amp;ssl=1 300w, https:\/\/i0.wp.com\/blogdoeloiltoncajuhy.com.br\/site\/wp-content\/uploads\/2024\/07\/Ibama-ministerio-da-justica-foto-Divulgacao-Ministerio-da-Justica.jpg?resize=768%2C457&amp;ssl=1 768w\" sizes=\"(max-width: 780px) 100vw, 780px\" \/><\/a><figcaption class=\"wp-element-caption\"><sub>Foto: Vin\u00edcius Mendon\u00e7a\/Ibama<\/sub><\/figcaption><\/figure>\n\n\n\n<p>O Instituto Brasileiro do Meio Ambiente e dos Recursos Naturais Renov\u00e1veis (Ibama) publicou, nesta sexta-feira (24), o edital com as regras para o novo concurso p\u00fablico. Est\u00e3o sendo ofertadas 460 vagas de n\u00edvel superior, com remunera\u00e7\u00e3o inicial de at\u00e9 R$ 9,9 mil.<\/p>\n\n\n\n<ul class=\"wp-block-list\">\n<li><a href=\"https:\/\/whatsapp.com\/channel\/0029VaAT7tDLI8Yfj5y9Z50Z\"><strong><mark style=\"background-color:rgba(0, 0, 0, 0)\" class=\"has-inline-color has-vivid-red-color\">Siga nosso canal no WhatsApp e veja mais not\u00edcias<\/mark><\/strong><\/a><\/li>\n<\/ul>\n\n\n\n<p><\/p>\n\n\n\n<p>As oportunidades s\u00e3o para os cargos de analista administrativo e de analista ambiental. O processo seletivo est\u00e1 sendo organizado pelo <a href=\"https:\/\/g1.globo.com\/tudo-sobre\/cebraspe\/\"><strong><mark style=\"background-color:rgba(0, 0, 0, 0)\" class=\"has-inline-color has-vivid-cyan-blue-color\">Centro Brasileiro de Pesquisa em Avalia\u00e7\u00e3o e Sele\u00e7\u00e3o e de Promo\u00e7\u00e3o de Eventos (Cebraspe)<\/mark><\/strong><\/a>.<\/p>\n\n\n\n<p><a class=\"\" href=\"https:\/\/cdn.cebraspe.org.br\/concursos\/IBAMA_25\/arquivos\/ED_1_IBAMA_24_ABERTURA.PDF\" target=\"_blank\" rel=\"noreferrer noopener\"><strong><mark style=\"background-color:rgba(0, 0, 0, 0)\" class=\"has-inline-color has-vivid-cyan-blue-color\">VEJA O EDITAL COMPLETO<\/mark><\/strong><\/a><\/p>\n\n\n\n<p>A realiza\u00e7\u00e3o do concurso j\u00e1 havia sido autorizada pelo Minist\u00e9rio da Gest\u00e3o em agosto. O ultimo concurso do Ibama aconteceu em 2021, quando foram preenchidas 568 vagas em cargos de n\u00edvel m\u00e9dio e superior.<\/p>\n\n\n\n<p>Dessa vez, as oportunidades do Ibama est\u00e3o dividas da seguinte forma: 130 vagas para o cargo de analista administrativo e 330 vagas para o cargo de analista ambiental, distribu\u00eddas por v\u00e1rias regi\u00f5es do pa\u00eds.<\/p>\n\n\n\n<p>De acordo com o edital, os candidatos aprovados ser\u00e3o alocados nas unidades descentralizadas (Superintend\u00eancias e Centros Especializados) e na Administra\u00e7\u00e3o Central do Ibama.<\/p>\n\n\n\n<p>Al\u00e9m disso, os aprovados ter\u00e3o lota\u00e7\u00f5es e exerc\u00edcio definidos pelo Ibama, seguindo crit\u00e9rios exclusivos da administra\u00e7\u00e3o.<\/p>\n\n\n\n<p>Os participantes n\u00e3o poder\u00e3o ser removidos ou redistribu\u00eddos nos primeiros 36 meses ap\u00f3s o in\u00edcio do exerc\u00edcio. O <a href=\"https:\/\/s3.glbimg.com\/v1\/AUTH_8b29beb0cbe247a296f902be2fe084b6\/2025\/link-externo\/ED_1_IBAMA_24_ABERTURA.pdf?_gl=1*fq452r*_ga*NWMxNzZjNjUtM2NhNS1jZWIxLWIyMDctYTk4ZWU5MTBjNTVj*_ga_5401XJ0K8J*MTczNzcxOTk0NC44MDAuMC4xNzM3NzE5OTQ0LjYwLjAuMA..\"><strong><mark style=\"background-color:rgba(0, 0, 0, 0)\" class=\"has-inline-color has-vivid-cyan-blue-color\">anexo II do edital<\/mark><\/strong><\/a> ainda define o limite de aprovados por localidade das vagas.<\/p>\n\n\n\n<p>Em ambos os cargos, a remunera\u00e7\u00e3o inicial \u00e9 de R$ 9.994,60. S\u00e3o aceitos diplomas de n\u00edvel superior em qualquer \u00e1rea de forma\u00e7\u00e3o. A jornada de trabalho dos aprovados \u00e9 de 40 horas semanais.<\/p>\n\n\n\n<p>Do total de vagas a serem preenchidas, 20% s\u00e3o reservadas para negros (pretos e pardos) e ind\u00edgenas, e 5% para pessoas com defici\u00eancia.<\/p>\n\n\n\n<p><strong><mark style=\"background-color:rgba(0, 0, 0, 0)\" class=\"has-inline-color has-black-color\">Conforme o edital, o processo seletivo ter\u00e1 as seguintes etapas:<\/mark><\/strong><\/p>\n\n\n\n<p>1.Provas objetivas, de car\u00e1ter eliminat\u00f3rio e classificat\u00f3rio;<br><\/p>\n\n\n\n<p>2.Prova discursiva, de car\u00e1ter eliminat\u00f3rio e classificat\u00f3rio;<br><\/p>\n\n\n\n<p>3.Avalia\u00e7\u00e3o de t\u00edtulos, de car\u00e1ter classificat\u00f3rio.<\/p>\n\n\n\n<p>As inscri\u00e7\u00f5es dever\u00e3o ser feitas via internet. O prazo para inscri\u00e7\u00e3o come\u00e7a \u00e0s 10h do dia 30 de janeiro e vai at\u00e9 as 18h do dia 18 de fevereiro.<\/p>\n\n\n\n<p>Os interessados devem acessar o <a href=\"https:\/\/g1.globo.com\/tudo-sobre\/cebraspe\/\"><strong><mark style=\"background-color:rgba(0, 0, 0, 0)\" class=\"has-inline-color has-vivid-cyan-blue-color\">site<\/mark><\/strong><\/a> do Centro Brasileiro de Pesquisa em Avalia\u00e7\u00e3o e Sele\u00e7\u00e3o e de Promo\u00e7\u00e3o de Eventos (Cebraspe). A taxa de inscri\u00e7\u00e3o \u00e9 de R$ 95,00 para ambos os cargos.<\/p>\n\n\n\n<p>Candidatos doadores de medula \u00f3ssea em entidades reconhecidas pelo Minist\u00e9rio da Sa\u00fade e inscritos no Cad\u00danico podem solicitar isen\u00e7\u00e3o da taxa (<strong><em>veja o cronograma completo abaixo<\/em><\/strong>).<\/p>\n\n\n\n<p>No momento da inscri\u00e7\u00e3o, o candidato deve escolher o cargo (Analista Administrativo ou Analista Ambiental), o tema (no caso de Analista Ambiental) e a localidade de vaga desejada.<\/p>\n\n\n\n<p>As provas objetivas e discursivas est\u00e3o previstas para 6 de abril em todas as capitais do pa\u00eds e no Distrito Federal.<\/p>\n\n\n\n<p>As avalia\u00e7\u00f5es ter\u00e3o dura\u00e7\u00e3o de 4 horas e 30 minutos e ser\u00e3o realizadas no turno da tarde, impedindo que os candidatos possam concorrer aos dois cargos.<\/p>\n\n\n\n<h4 class=\"wp-block-heading\"><strong><mark style=\"background-color:rgba(0, 0, 0, 0)\" class=\"has-inline-color has-black-color\">Cronograma do concurso<\/mark><\/strong><\/h4>\n\n\n\n<ul class=\"wp-block-list\">\n<li><strong><mark style=\"background-color:rgba(0, 0, 0, 0)\" class=\"has-inline-color has-black-color\">Inscri\u00e7\u00f5es:<\/mark><\/strong> 30\/1 a 18\/2\/2025<br><\/li>\n<\/ul>\n\n\n\n<ul class=\"wp-block-list\">\n<li><strong><mark style=\"background-color:rgba(0, 0, 0, 0)\" class=\"has-inline-color has-black-color\">Solicita\u00e7\u00e3o de isen\u00e7\u00e3o da taxa de inscri\u00e7\u00e3o:<\/mark><\/strong> 30\/1 a 5\/2\/2025<br><\/li>\n<\/ul>\n\n\n\n<ul class=\"wp-block-list\">\n<li><strong><mark style=\"background-color:rgba(0, 0, 0, 0)\" class=\"has-inline-color has-black-color\">Data limite de pagamento das inscri\u00e7\u00f5es:<\/mark><\/strong> 20\/2\/2025<br><\/li>\n<\/ul>\n\n\n\n<ul class=\"wp-block-list\">\n<li><strong><mark style=\"background-color:rgba(0, 0, 0, 0)\" class=\"has-inline-color has-black-color\">Divulga\u00e7\u00e3o dos locais de provas:<\/mark><\/strong> 21\/3\/2025<br><\/li>\n<\/ul>\n\n\n\n<ul class=\"wp-block-list\">\n<li><strong><mark style=\"background-color:rgba(0, 0, 0, 0)\" class=\"has-inline-color has-black-color\">Aplica\u00e7\u00e3o das provas:<\/mark><\/strong> 6\/4\/2025<br><\/li>\n<\/ul>\n\n\n\n<ul class=\"wp-block-list\">\n<li><strong><mark style=\"background-color:rgba(0, 0, 0, 0)\" class=\"has-inline-color has-black-color\">Consulta individual aos gabaritos:<\/mark><\/strong> 8 a 10\/4\/2025<br><\/li>\n<\/ul>\n\n\n\n<ul class=\"wp-block-list\">\n<li><strong><mark style=\"background-color:rgba(0, 0, 0, 0)\" class=\"has-inline-color has-black-color\">Divulga\u00e7\u00e3o preliminar da prova discursiva:<\/mark><\/strong> 8\/4\/2025<br><\/li>\n<\/ul>\n\n\n\n<ul class=\"wp-block-list\">\n<li><strong><mark style=\"background-color:rgba(0, 0, 0, 0)\" class=\"has-inline-color has-black-color\">Divulga\u00e7\u00e3o dos gabaritos das provas objetivas:<\/mark><\/strong> 11\/4\/2025<br><\/li>\n<\/ul>\n\n\n\n<ul class=\"wp-block-list\">\n<li><strong><mark style=\"background-color:rgba(0, 0, 0, 0)\" class=\"has-inline-color has-black-color\">Resultado final das provas objetivas e provis\u00f3rio da prova discursiva:<\/mark><\/strong> 7\/5\/2025<\/li>\n<\/ul>\n","protected":false},"excerpt":{"rendered":"<p>Sele\u00e7\u00e3o vai preencher oportunidades para analista administrativo e analista ambiental. Em ambos os cargos, s\u00e3o aceitos diplomas de n\u00edvel superior em qualquer \u00e1rea de forma\u00e7\u00e3o Por g1 \u2014 S\u00e3o Paulo O Instituto Brasileiro do Meio Ambiente e dos Recursos Naturais Renov\u00e1veis (Ibama) publicou, nesta sexta-feira (24), o edital com as regras para o novo concurso [&hellip;]<\/p>\n","protected":false},"author":2,"featured_media":81667,"comment_status":"open","ping_status":"open","sticky":false,"template":"","format":"standard","meta":{"_acf_changed":false,"_monsterinsights_skip_tracking":false,"_monsterinsights_sitenote_active":false,"_monsterinsights_sitenote_note":"","_monsterinsights_sitenote_category":0,"_jetpack_memberships_contains_paid_content":false,"footnotes":"","jetpack_publicize_message":"","jetpack_publicize_feature_enabled":true,"jetpack_social_post_already_shared":true,"jetpack_social_options":{"image_generator_settings":{"template":"highway","default_image_id":0,"font":"","enabled":false},"version":2}},"categories":[32],"tags":[],"class_list":["post-85520","post","type-post","status-publish","format-standard","has-post-thumbnail","hentry","category-emprego"],"acf":[],"jetpack_publicize_connections":[],"jetpack_featured_media_url":"https:\/\/i0.wp.com\/blogdoeloiltoncajuhy.com.br\/site\/wp-content\/uploads\/2024\/07\/Ibama-ministerio-da-justica-foto-Divulgacao-Ministerio-da-Justica.jpg?fit=780%2C464&ssl=1","jetpack_sharing_enabled":true,"publishpress_future_workflow_manual_trigger":{"enabledWorkflows":[]},"_links":{"self":[{"href":"https:\/\/blogdoeloiltoncajuhy.com.br\/site\/wp-json\/wp\/v2\/posts\/85520","targetHints":{"allow":["GET"]}}],"collection":[{"href":"https:\/\/blogdoeloiltoncajuhy.com.br\/site\/wp-json\/wp\/v2\/posts"}],"about":[{"href":"https:\/\/blogdoeloiltoncajuhy.com.br\/site\/wp-json\/wp\/v2\/types\/post"}],"author":[{"embeddable":true,"href":"https:\/\/blogdoeloiltoncajuhy.com.br\/site\/wp-json\/wp\/v2\/users\/2"}],"replies":[{"embeddable":true,"href":"https:\/\/blogdoeloiltoncajuhy.com.br\/site\/wp-json\/wp\/v2\/comments?post=85520"}],"version-history":[{"count":1,"href":"https:\/\/blogdoeloiltoncajuhy.com.br\/site\/wp-json\/wp\/v2\/posts\/85520\/revisions"}],"predecessor-version":[{"id":85521,"href":"https:\/\/blogdoeloiltoncajuhy.com.br\/site\/wp-json\/wp\/v2\/posts\/85520\/revisions\/85521"}],"wp:featuredmedia":[{"embeddable":true,"href":"https:\/\/blogdoeloiltoncajuhy.com.br\/site\/wp-json\/wp\/v2\/media\/81667"}],"wp:attachment":[{"href":"https:\/\/blogdoeloiltoncajuhy.com.br\/site\/wp-json\/wp\/v2\/media?parent=85520"}],"wp:term":[{"taxonomy":"category","embeddable":true,"href":"https:\/\/blogdoeloiltoncajuhy.com.br\/site\/wp-json\/wp\/v2\/categories?post=85520"},{"taxonomy":"post_tag","embeddable":true,"href":"https:\/\/blogdoeloiltoncajuhy.com.br\/site\/wp-json\/wp\/v2\/tags?post=85520"}],"curies":[{"name":"wp","href":"https:\/\/api.w.org\/{rel}","templated":true}]}}