{"id":85516,"date":"2025-01-24T08:39:56","date_gmt":"2025-01-24T11:39:56","guid":{"rendered":"https:\/\/blogdoeloiltoncajuhy.com.br\/site\/?p=85516"},"modified":"2025-01-24T08:41:35","modified_gmt":"2025-01-24T11:41:35","slug":"dengue-ressurgimento-do-sorotipo-3-pode-agravar-surtos-da-doenca-no-pais","status":"publish","type":"post","link":"https:\/\/blogdoeloiltoncajuhy.com.br\/site\/dengue-ressurgimento-do-sorotipo-3-pode-agravar-surtos-da-doenca-no-pais\/","title":{"rendered":"Dengue: ressurgimento do sorotipo 3 pode agravar surtos da doen\u00e7a no pa\u00eds"},"content":{"rendered":"\n<p class=\"has-medium-font-size\"><strong>Alerta \u00e9 de pesquisadores da Faculdade de Medicina de S\u00e3o Jos\u00e9 do Rio Preto (Famerp) em artigo publicado no Journal of Clinical Virology<\/strong><\/p>\n\n\n\n<p><strong>Por Brasil 61<\/strong><\/p>\n\n\n\n<figure class=\"wp-block-image aligncenter size-full\"><a href=\"https:\/\/i0.wp.com\/blogdoeloiltoncajuhy.com.br\/site\/wp-content\/uploads\/2024\/02\/Dengue-aedes-foto-Getty-Images.jpg\"><img data-recalc-dims=\"1\" fetchpriority=\"high\" decoding=\"async\" width=\"726\" height=\"409\" src=\"https:\/\/i0.wp.com\/blogdoeloiltoncajuhy.com.br\/site\/wp-content\/uploads\/2024\/02\/Dengue-aedes-foto-Getty-Images.jpg?resize=726%2C409\" alt=\"\" class=\"wp-image-79489\" srcset=\"https:\/\/i0.wp.com\/blogdoeloiltoncajuhy.com.br\/site\/wp-content\/uploads\/2024\/02\/Dengue-aedes-foto-Getty-Images.jpg?w=726&amp;ssl=1 726w, https:\/\/i0.wp.com\/blogdoeloiltoncajuhy.com.br\/site\/wp-content\/uploads\/2024\/02\/Dengue-aedes-foto-Getty-Images.jpg?resize=300%2C169&amp;ssl=1 300w\" sizes=\"(max-width: 726px) 100vw, 726px\" \/><\/a><figcaption class=\"wp-element-caption\"><sub>Foto: Getty Images<\/sub><\/figcaption><\/figure>\n\n\n\n<p>O sorotipo 3 (DENV-3) da dengue n\u00e3o tem incid\u00eancia relevante no Brasil desde 2008, por isso o ressurgimento desse tipo da doen\u00e7a pode agravar surtos da doen\u00e7a no Brasil. \u00c9 o que alerta pesquisadores da Faculdade de Medicina de S\u00e3o Jos\u00e9 do Rio Preto (Famerp) em artigo publicado no Journal of Clinical Virology. O agravamento pode ocorrer devido \u00e0 popula\u00e7\u00e3o n\u00e3o estar imunizada contra essa linhagem e, ainda, os sorotipos 1 e 2 (DENV-1 e &nbsp;DENV-2) seguem em circula\u00e7\u00e3o.<\/p>\n\n\n\n<p>O professor da Famerp e um dos autores do estudo, Maur\u00edcio Lacerda Nogueira, disse \u00e0 Ag\u00eancia Fapesp que em meados de 2024 os casos de DENV-3 come\u00e7aram a subir e que hoje \u00e9 o principal agente detectado no munic\u00edpio de S\u00e3o Jos\u00e9 do Rio Preto.<\/p>\n\n\n\n<p>\u201cA \u00faltima epidemia significativa de DENV-3 no Brasil e, mais especificamente, em S\u00e3o Jos\u00e9 do Rio Preto, ocorreu h\u00e1 mais de 15 anos [em 2007]. J\u00e1 os sorotipos DENV-1 e DENV-2 continuam circulando continuamente pelo pa\u00eds. Se o sorotipo 3 se estabelecer novamente e prevalecer esse quadro [de cocircula\u00e7\u00e3o de variantes], isso pode levar a formas severas de uma epidemia de dengue. \u00c9 exatamente essa situa\u00e7\u00e3o que estamos vivendo neste momento em S\u00e3o Jos\u00e9 do Rio Preto\u201d, afirmou.<\/p>\n\n\n\n<ul class=\"wp-block-list\">\n<li><a href=\"https:\/\/whatsapp.com\/channel\/0029VaAT7tDLI8Yfj5y9Z50Z\"><strong><mark style=\"background-color:rgba(0, 0, 0, 0)\" class=\"has-inline-color has-vivid-red-color\">Siga nosso canal no WhatsApp e veja mais not\u00edcias<\/mark><\/strong><\/a><\/li>\n<\/ul>\n\n\n\n<p><\/p>\n\n\n\n<p>O professor Nogueira elucidou que uma epidemia pode acontecer quando surge um sorotipo diferente, j\u00e1 que ocorre o escape da imunidade anterior das pessoas.&nbsp;<\/p>\n\n\n\n<p>\u201cEstamos estudando dengue no Brasil desde 2010 e o padr\u00e3o epidemiol\u00f3gico \u00e9 semelhante ao que aconteceu com o SARS-CoV-2 durante a pandemia de COVID-19. Quando aparece um sorotipo diferente ocorre o escape da imunidade pregressa da popula\u00e7\u00e3o e acontece uma epidemia logo em seguida. Estamos vendo isso agora com a DENV-3\u201d, disse&nbsp;Nogueira.<\/p>\n\n\n\n<h4 class=\"wp-block-heading\"><strong><mark style=\"background-color:rgba(0, 0, 0, 0)\" class=\"has-inline-color has-black-color\">Sorotipo 3 da dengue<\/mark><\/strong><\/h4>\n\n\n\n<p>A dengue possui 4 sorotipos diferentes e a infec\u00e7\u00e3o por um sorotipo gera imunidade somente \u00e0 variante, mas n\u00e3o impede uma nova infec\u00e7\u00e3o por um sorotipo diferente.&nbsp;<\/p>\n\n\n\n<p>O infectologista coordenador do Servi\u00e7o de Controle de Infec\u00e7\u00e3o Hospitalar do Hospital Anchieta, Henrique Lacerda, afirma que a diferen\u00e7a entre todos esses sorotipos basicamente \u00e9 gen\u00e9tica. Ou seja, todos os tipos causam os mesmos tipos de sintomas, mas o diferencial \u00e9 que o DENV-3 tem maior potencial para causar surtos, al\u00e9m de estar relacionado aos casos mais graves da doen\u00e7a.<\/p>\n\n\n\n<p>O especialista Henrique Lacerda ressaltou&nbsp;que a circula\u00e7\u00e3o do DENV-3 no pa\u00eds \u00e9 preocupante, tendo em vista que as pessoas n\u00e3o t\u00eam imunidade contra essa linhagem,<\/p>\n\n\n\n<p>\u201cConsequentemente, as pessoas que j\u00e1 tiveram alguma dengue por um outro sorotipo, um ou dois, por exemplo, podem evoluir para formas mais graves por causa da resposta imunol\u00f3gica mais forte, mais exacerbada e isso pode levar a um aumento do n\u00famero de casos e acabar sobrecarregando o servi\u00e7o de sa\u00fade, com mais interna\u00e7\u00f5es, pacientes mais graves e at\u00e9 \u00f3bito\u201d, mencionou&nbsp;o infectologista.<\/p>\n\n\n\n<p class=\"has-black-color has-text-color has-link-color wp-elements-1a08ac35b99acb4919b7ee0ddf5ae9f4\"><strong>Sinais de alerta que a popula\u00e7\u00e3o deve ficar atenta:<\/strong><\/p>\n\n\n\n<ul class=\"wp-block-list\">\n<li>Dor abdominal;<\/li>\n\n\n\n<li>v\u00f4mitos que n\u00e3o cessam;&nbsp;<\/li>\n\n\n\n<li>tontura;&nbsp;<\/li>\n\n\n\n<li>sangramentos;&nbsp;<\/li>\n\n\n\n<li>confus\u00e3o mental.<\/li>\n<\/ul>\n\n\n\n<p><\/p>\n\n\n\n<p>Caso apresente esses sintomas, o paciente deve procurar atendimento m\u00e9dico para ser orientado e receber o tratamento correto.<\/p>\n\n\n\n<h4 class=\"wp-block-heading\"><strong><mark style=\"background-color:rgba(0, 0, 0, 0)\" class=\"has-inline-color has-black-color\">Minist\u00e9rio da Sa\u00fade<\/mark><\/strong><\/h4>\n\n\n\n<p>No \u00faltimo dia 22, a ministra da Sa\u00fade, N\u00edsia Trindade, realizou uma reuni\u00e3o com representantes de conselhos, da sociedade civil, sindicatos, federa\u00e7\u00f5es e outras institui\u00e7\u00f5es para discutir a\u00e7\u00f5es estrat\u00e9gicas e monitoramento do cen\u00e1rio epidemiol\u00f3gico da dengue em todo o pa\u00eds.&nbsp;<\/p>\n\n\n\n<p>A reuni\u00e3o foi realizada na sede do Centro de Opera\u00e7\u00f5es de Emerg\u00eancia (COE) para Dengue e outras Arboviroses, em Bras\u00edlia. A ministra manifestou sua preocupa\u00e7\u00e3o de o COE estar pr\u00f3ximo \u00e0s prefeituras. Al\u00e9m disso, destacou que os agentes ali reunidos deveriam compartilhar o que foi debatido com vistas a combater desinforma\u00e7\u00f5es sobre a doen\u00e7a. E que o enfrentamento \u00e0 dengue deve ser feito de forma conjunta pelos gestores, sociedade e pelos l\u00edderes do governo.<\/p>\n\n\n\n<p>\u201cCada um de n\u00f3s precisa ser um comunicador daquilo que n\u00f3s discutimos e chegarmos \u00e0 conclus\u00e3o nessas reuni\u00f5es aqui do Centro de Opera\u00e7\u00f5es. Isso porque h\u00e1 muita desinforma\u00e7\u00e3o e muitos mitos sobre a dengue\u201d, afirmou a ministra.<\/p>\n\n\n\n<p>Os riscos e a vigil\u00e2ncia sobre o sorotipo 3 da dengue tamb\u00e9m foram focos na reuni\u00e3o, tendo em vista o potencial dessa linhagem causar formas graves da doen\u00e7a. Os participantes refor\u00e7aram que, com a circula\u00e7\u00e3o dos quatro sorotipos no pa\u00eds, \u00e9 importante intensificar as medidas de preven\u00e7\u00e3o, especialmente no controle ao mosquito transmissor com algumas a\u00e7\u00f5es, como:<\/p>\n\n\n\n<ul class=\"wp-block-list\">\n<li>Eliminar focos de \u00e1gua parada;<\/li>\n\n\n\n<li>Utilizar repelentes;<\/li>\n\n\n\n<li>Instalar telas de prote\u00e7\u00e3o em janelas e portas.<\/li>\n<\/ul>\n\n\n\n<p><\/p>\n\n\n\n<p>N\u00edsia Trindade tamb\u00e9m anunciou a integra\u00e7\u00e3o entre os Minist\u00e9rios da Sa\u00fade e da Educa\u00e7\u00e3o nas a\u00e7\u00f5es de controle das arboviroses, por meio do Programa Sa\u00fade na Escola. \u201cQueremos ter a escola como espa\u00e7o livre de dengue e conscientiza\u00e7\u00e3o\u201d, ressaltou em entrevista a jornalistas no final do evento.&nbsp;<\/p>\n\n\n\n<p><strong><em>Com informa\u00e7\u00f5es da Ag\u00eancia Fapesp<\/em><\/strong><\/p>\n","protected":false},"excerpt":{"rendered":"<p>Alerta \u00e9 de pesquisadores da Faculdade de Medicina de S\u00e3o Jos\u00e9 do Rio Preto (Famerp) em artigo publicado no Journal of Clinical Virology Por Brasil 61 O sorotipo 3 (DENV-3) da dengue n\u00e3o tem incid\u00eancia relevante no Brasil desde 2008, por isso o ressurgimento desse tipo da doen\u00e7a pode agravar surtos da doen\u00e7a no Brasil. [&hellip;]<\/p>\n","protected":false},"author":2,"featured_media":10795,"comment_status":"open","ping_status":"open","sticky":false,"template":"","format":"standard","meta":{"_acf_changed":false,"_monsterinsights_skip_tracking":false,"_monsterinsights_sitenote_active":false,"_monsterinsights_sitenote_note":"","_monsterinsights_sitenote_category":0,"_jetpack_memberships_contains_paid_content":false,"footnotes":"","jetpack_publicize_message":"","jetpack_publicize_feature_enabled":true,"jetpack_social_post_already_shared":true,"jetpack_social_options":{"image_generator_settings":{"template":"highway","default_image_id":0,"font":"","enabled":false},"version":2}},"categories":[7],"tags":[],"class_list":["post-85516","post","type-post","status-publish","format-standard","has-post-thumbnail","hentry","category-saude"],"acf":[],"jetpack_publicize_connections":[],"jetpack_featured_media_url":"https:\/\/i0.wp.com\/blogdoeloiltoncajuhy.com.br\/site\/wp-content\/uploads\/2016\/07\/aedes_dengue_zika1.jpg?fit=500%2C300&ssl=1","jetpack_sharing_enabled":true,"publishpress_future_workflow_manual_trigger":{"enabledWorkflows":[]},"_links":{"self":[{"href":"https:\/\/blogdoeloiltoncajuhy.com.br\/site\/wp-json\/wp\/v2\/posts\/85516","targetHints":{"allow":["GET"]}}],"collection":[{"href":"https:\/\/blogdoeloiltoncajuhy.com.br\/site\/wp-json\/wp\/v2\/posts"}],"about":[{"href":"https:\/\/blogdoeloiltoncajuhy.com.br\/site\/wp-json\/wp\/v2\/types\/post"}],"author":[{"embeddable":true,"href":"https:\/\/blogdoeloiltoncajuhy.com.br\/site\/wp-json\/wp\/v2\/users\/2"}],"replies":[{"embeddable":true,"href":"https:\/\/blogdoeloiltoncajuhy.com.br\/site\/wp-json\/wp\/v2\/comments?post=85516"}],"version-history":[{"count":2,"href":"https:\/\/blogdoeloiltoncajuhy.com.br\/site\/wp-json\/wp\/v2\/posts\/85516\/revisions"}],"predecessor-version":[{"id":85518,"href":"https:\/\/blogdoeloiltoncajuhy.com.br\/site\/wp-json\/wp\/v2\/posts\/85516\/revisions\/85518"}],"wp:featuredmedia":[{"embeddable":true,"href":"https:\/\/blogdoeloiltoncajuhy.com.br\/site\/wp-json\/wp\/v2\/media\/10795"}],"wp:attachment":[{"href":"https:\/\/blogdoeloiltoncajuhy.com.br\/site\/wp-json\/wp\/v2\/media?parent=85516"}],"wp:term":[{"taxonomy":"category","embeddable":true,"href":"https:\/\/blogdoeloiltoncajuhy.com.br\/site\/wp-json\/wp\/v2\/categories?post=85516"},{"taxonomy":"post_tag","embeddable":true,"href":"https:\/\/blogdoeloiltoncajuhy.com.br\/site\/wp-json\/wp\/v2\/tags?post=85516"}],"curies":[{"name":"wp","href":"https:\/\/api.w.org\/{rel}","templated":true}]}}