{"id":85494,"date":"2025-01-23T16:25:33","date_gmt":"2025-01-23T19:25:33","guid":{"rendered":"https:\/\/blogdoeloiltoncajuhy.com.br\/site\/?p=85494"},"modified":"2025-01-23T16:26:36","modified_gmt":"2025-01-23T19:26:36","slug":"bonfim-exposicao-no-museu-pedagogico-irmas-militao-faz-homenagem-a-otacilio-neves","status":"publish","type":"post","link":"https:\/\/blogdoeloiltoncajuhy.com.br\/site\/bonfim-exposicao-no-museu-pedagogico-irmas-militao-faz-homenagem-a-otacilio-neves\/","title":{"rendered":"Bonfim: Exposi\u00e7\u00e3o no Museu Pedag\u00f3gico Irm\u00e3s Milit\u00e3o faz homenagem a Otac\u00edlio Neves"},"content":{"rendered":"\n<p class=\"has-medium-font-size\"><strong>Otac\u00edlio Neves foi ferrovi\u00e1rio e gestor do Est\u00e1dio Pedro Amorim.<\/strong><\/p>\n\n\n\n<p><strong>Por Blog do Eloilton Cajuhy<\/strong><\/p>\n\n\n\n<figure class=\"wp-block-image aligncenter size-full\"><a href=\"https:\/\/i0.wp.com\/blogdoeloiltoncajuhy.com.br\/site\/wp-content\/uploads\/2018\/03\/otacilio-neves.jpg\"><img data-recalc-dims=\"1\" fetchpriority=\"high\" decoding=\"async\" width=\"398\" height=\"560\" src=\"https:\/\/i0.wp.com\/blogdoeloiltoncajuhy.com.br\/site\/wp-content\/uploads\/2018\/03\/otacilio-neves.jpg?resize=398%2C560\" alt=\"\" class=\"wp-image-23829\" srcset=\"https:\/\/i0.wp.com\/blogdoeloiltoncajuhy.com.br\/site\/wp-content\/uploads\/2018\/03\/otacilio-neves.jpg?w=398&amp;ssl=1 398w, https:\/\/i0.wp.com\/blogdoeloiltoncajuhy.com.br\/site\/wp-content\/uploads\/2018\/03\/otacilio-neves.jpg?resize=213%2C300&amp;ssl=1 213w, https:\/\/i0.wp.com\/blogdoeloiltoncajuhy.com.br\/site\/wp-content\/uploads\/2018\/03\/otacilio-neves.jpg?resize=178%2C250&amp;ssl=1 178w\" sizes=\"(max-width: 398px) 100vw, 398px\" \/><\/a><figcaption class=\"wp-element-caption\"><sub>Exposi\u00e7\u00e3o no Museu Pedag\u00f3gico Irm\u00e3s Milit\u00e3o faz homenagem a Otac\u00edlio Neves<\/sub><\/figcaption><\/figure>\n\n\n\n<p>Nesta quinta-feira (23), \u00e0s 19h, o Museu Pedag\u00f3gico Irm\u00e3s Milit\u00e3o ser\u00e1 palco de uma homenagem especial: o lan\u00e7amento da exposi\u00e7\u00e3o sobre Otac\u00edlio Neves, um dos grandes personagens da hist\u00f3ria de Senhor do Bonfim.<\/p>\n\n\n\n<p>Otac\u00edlio Neves dedicou sua vida \u00e0 cidade como ferrovi\u00e1rio da Leste Brasileiro, gestor do Est\u00e1dio Municipal e respons\u00e1vel pela constru\u00e7\u00e3o da sede da Liga Desportiva de Bonfim.<\/p>\n\n\n\n<p>Amante da m\u00fasica, integrou a Orquestra da Saudade e fundou a Filarm\u00f4nica Uni\u00e3o dos Ferrovi\u00e1rios Bonfinenses. Al\u00e9m disso, foi vereador e um dos fundadores da Loja Ma\u00e7\u00f4nica Luz e Reden\u00e7\u00e3o.<\/p>\n\n\n\n<p>O Museu Pedag\u00f3gico Irm\u00e3s Milit\u00e3o est\u00e1 localizado na Rua Floriano Peixoto, anexo ao Col\u00e9gio Estadual Senhor do Bonfim.<\/p>\n\n\n\n<ul class=\"wp-block-list\">\n<li><a href=\"https:\/\/whatsapp.com\/channel\/0029VaAT7tDLI8Yfj5y9Z50Z\"><strong><mark style=\"background-color:rgba(0, 0, 0, 0)\" class=\"has-inline-color has-vivid-red-color\">Siga nosso canal no WhatsApp e veja mais not\u00edcias<\/mark><\/strong><\/a><\/li>\n<\/ul>\n","protected":false},"excerpt":{"rendered":"<p>Otac\u00edlio Neves foi ferrovi\u00e1rio e gestor do Est\u00e1dio Pedro Amorim. Por Blog do Eloilton Cajuhy Nesta quinta-feira (23), \u00e0s 19h, o Museu Pedag\u00f3gico Irm\u00e3s Milit\u00e3o ser\u00e1 palco de uma homenagem especial: o lan\u00e7amento da exposi\u00e7\u00e3o sobre Otac\u00edlio Neves, um dos grandes personagens da hist\u00f3ria de Senhor do Bonfim. Otac\u00edlio Neves dedicou sua vida \u00e0 cidade [&hellip;]<\/p>\n","protected":false},"author":2,"featured_media":23829,"comment_status":"open","ping_status":"open","sticky":false,"template":"","format":"standard","meta":{"_acf_changed":false,"_monsterinsights_skip_tracking":false,"_monsterinsights_sitenote_active":false,"_monsterinsights_sitenote_note":"","_monsterinsights_sitenote_category":0,"_jetpack_memberships_contains_paid_content":false,"footnotes":"","jetpack_publicize_message":"","jetpack_publicize_feature_enabled":true,"jetpack_social_post_already_shared":true,"jetpack_social_options":{"image_generator_settings":{"template":"highway","enabled":false},"version":2}},"categories":[4],"tags":[],"class_list":["post-85494","post","type-post","status-publish","format-standard","has-post-thumbnail","hentry","category-local"],"acf":[],"jetpack_publicize_connections":[],"jetpack_featured_media_url":"https:\/\/i0.wp.com\/blogdoeloiltoncajuhy.com.br\/site\/wp-content\/uploads\/2018\/03\/otacilio-neves.jpg?fit=398%2C560&ssl=1","jetpack_sharing_enabled":true,"publishpress_future_workflow_manual_trigger":{"enabledWorkflows":[]},"_links":{"self":[{"href":"https:\/\/blogdoeloiltoncajuhy.com.br\/site\/wp-json\/wp\/v2\/posts\/85494","targetHints":{"allow":["GET"]}}],"collection":[{"href":"https:\/\/blogdoeloiltoncajuhy.com.br\/site\/wp-json\/wp\/v2\/posts"}],"about":[{"href":"https:\/\/blogdoeloiltoncajuhy.com.br\/site\/wp-json\/wp\/v2\/types\/post"}],"author":[{"embeddable":true,"href":"https:\/\/blogdoeloiltoncajuhy.com.br\/site\/wp-json\/wp\/v2\/users\/2"}],"replies":[{"embeddable":true,"href":"https:\/\/blogdoeloiltoncajuhy.com.br\/site\/wp-json\/wp\/v2\/comments?post=85494"}],"version-history":[{"count":2,"href":"https:\/\/blogdoeloiltoncajuhy.com.br\/site\/wp-json\/wp\/v2\/posts\/85494\/revisions"}],"predecessor-version":[{"id":85496,"href":"https:\/\/blogdoeloiltoncajuhy.com.br\/site\/wp-json\/wp\/v2\/posts\/85494\/revisions\/85496"}],"wp:featuredmedia":[{"embeddable":true,"href":"https:\/\/blogdoeloiltoncajuhy.com.br\/site\/wp-json\/wp\/v2\/media\/23829"}],"wp:attachment":[{"href":"https:\/\/blogdoeloiltoncajuhy.com.br\/site\/wp-json\/wp\/v2\/media?parent=85494"}],"wp:term":[{"taxonomy":"category","embeddable":true,"href":"https:\/\/blogdoeloiltoncajuhy.com.br\/site\/wp-json\/wp\/v2\/categories?post=85494"},{"taxonomy":"post_tag","embeddable":true,"href":"https:\/\/blogdoeloiltoncajuhy.com.br\/site\/wp-json\/wp\/v2\/tags?post=85494"}],"curies":[{"name":"wp","href":"https:\/\/api.w.org\/{rel}","templated":true}]}}