{"id":85491,"date":"2025-01-23T08:04:26","date_gmt":"2025-01-23T11:04:26","guid":{"rendered":"https:\/\/blogdoeloiltoncajuhy.com.br\/site\/?p=85491"},"modified":"2025-01-23T08:04:32","modified_gmt":"2025-01-23T11:04:32","slug":"governo-da-bahia-autoriza-concursos-publicos-e-cria-mais-de-23-mil-cargos-na-policia-civil","status":"publish","type":"post","link":"https:\/\/blogdoeloiltoncajuhy.com.br\/site\/governo-da-bahia-autoriza-concursos-publicos-e-cria-mais-de-23-mil-cargos-na-policia-civil\/","title":{"rendered":"Governo da Bahia autoriza concursos p\u00fablicos e cria mais de 2,3 mil cargos na Pol\u00edcia Civil"},"content":{"rendered":"\n<p class=\"has-medium-font-size\"><strong>Gest\u00e3o afirma que objetivo das a\u00e7\u00f5es \u00e9 fortalecer a seguran\u00e7a p\u00fablica e aprimorar a capacidade de investiga\u00e7\u00e3o criminal<\/strong><\/p>\n\n\n\n<p><strong>Por g1 BA e TV Bahia<\/strong><\/p>\n\n\n\n<figure class=\"wp-block-image aligncenter size-full\"><a href=\"https:\/\/i0.wp.com\/blogdoeloiltoncajuhy.com.br\/site\/wp-content\/uploads\/2025\/01\/GOVBA_Concursos-para-PM-e-bombeiros-%E2%80%94-Foto_Thuane-Maria-GOVBA.png?ssl=1\"><img data-recalc-dims=\"1\" fetchpriority=\"high\" decoding=\"async\" width=\"700\" height=\"471\" src=\"https:\/\/i0.wp.com\/blogdoeloiltoncajuhy.com.br\/site\/wp-content\/uploads\/2025\/01\/GOVBA_Concursos-para-PM-e-bombeiros-%E2%80%94-Foto_Thuane-Maria-GOVBA.png?resize=700%2C471&#038;ssl=1\" alt=\"\" class=\"wp-image-85492\" srcset=\"https:\/\/i0.wp.com\/blogdoeloiltoncajuhy.com.br\/site\/wp-content\/uploads\/2025\/01\/GOVBA_Concursos-para-PM-e-bombeiros-%E2%80%94-Foto_Thuane-Maria-GOVBA.png?w=700&amp;ssl=1 700w, https:\/\/i0.wp.com\/blogdoeloiltoncajuhy.com.br\/site\/wp-content\/uploads\/2025\/01\/GOVBA_Concursos-para-PM-e-bombeiros-%E2%80%94-Foto_Thuane-Maria-GOVBA.png?resize=300%2C202&amp;ssl=1 300w\" sizes=\"(max-width: 700px) 100vw, 700px\" \/><\/a><figcaption class=\"wp-element-caption\"><sub>Governo da Bahia autoriza concursos para PM e bombeiros e cria novos cargos para a Pol\u00edcia Civil \u2014 Foto: Thuane Maria\/GOVBA<\/sub><\/figcaption><\/figure>\n\n\n\n<p>O governo da Bahia criou 2.397 novos cargos para a Pol\u00edcia Civil e autorizou a realiza\u00e7\u00e3o de concursos p\u00fablicos voltados aos quadros de sa\u00fade da Pol\u00edcia Militar e do Corpo de Bombeiros. As a\u00e7\u00f5es t\u00eam o intuito de fortalecer a seguran\u00e7a p\u00fablica e aprimorar a capacidade de investiga\u00e7\u00e3o criminal.<\/p>\n\n\n\n<p>O an\u00fancio foi feito nesta quarta-feira (22) pelo governador Jer\u00f4nimo Rodrigues (PT) em cerim\u00f4nia no Centro de Opera\u00e7\u00f5es e Intelig\u00eancia da Secretaria de Seguran\u00e7a P\u00fablica (SSP-BA), situado no Centro Administrativo da Bahia (CAB), em Salvador. Os secret\u00e1rios de Seguran\u00e7a e Administra\u00e7\u00e3o, Marcelo Werner e Edelvino G\u00f3es, participaram do evento.<\/p>\n\n\n\n<ul class=\"wp-block-list\">\n<li><a href=\"https:\/\/whatsapp.com\/channel\/0029VaAT7tDLI8Yfj5y9Z50Z\"><strong><mark style=\"background-color:rgba(0, 0, 0, 0)\" class=\"has-inline-color has-vivid-red-color\">Siga nosso canal no WhatsApp e veja mais not\u00edcias<\/mark><\/strong><\/a><\/li>\n<\/ul>\n\n\n\n<p><\/p>\n\n\n\n<p class=\"has-black-color has-text-color has-link-color wp-elements-a5a16631dc7e7764e65e0b070b550cab\"><strong>Entre os novos cargos da Pol\u00edcia Civil, foram criadas:<\/strong><\/p>\n\n\n\n<ul class=\"wp-block-list\">\n<li>500 vagas para delegados;<\/li>\n\n\n\n<li>437 para escriv\u00e3es;<\/li>\n\n\n\n<li>1.460 para investigadores.<\/li>\n<\/ul>\n\n\n\n<p><\/p>\n\n\n\n<p>Al\u00e9m disso, o governador assinou decretos para convocar 512 policiais militares e 23 bombeiros militares da reserva remunerada, aumentando a capacidade operacional das for\u00e7as de seguran\u00e7a.<\/p>\n\n\n\n<p>&#8220;Essas medidas s\u00e3o estrat\u00e9gicas para garantir mais seguran\u00e7a e efetividade nas a\u00e7\u00f5es de combate \u00e0 criminalidade. Com o aumento no efetivo, asseguramos uma presen\u00e7a mais forte do estado onde mais se precisa&#8221;, defendeu o governador.<\/p>\n\n\n\n<p>De acordo com a delegada-geral da Pol\u00edcia Civil, Helo\u00edsa Brito, a cria\u00e7\u00e3o desses cargos amplia a capacidade de investiga\u00e7\u00e3o e resposta \u00e0s demandas da popula\u00e7\u00e3o. &#8220;Essa iniciativa nos fortalece e nos permite atuar de forma mais eficiente no combate \u00e0 criminalidade, promovendo justi\u00e7a e seguran\u00e7a em todas as regi\u00f5es do estado&#8221;, acrescentou a chefe da institui\u00e7\u00e3o.<\/p>\n\n\n\n<p class=\"has-black-color has-text-color has-link-color wp-elements-1387e9a78ce1da0bf30bbfcdc3cded09\"><strong>Quanto \u00e0 autoriza\u00e7\u00e3o para a realiza\u00e7\u00e3o de concursos p\u00fablicos, ser\u00e3o ofertadas:<\/strong><\/p>\n\n\n\n<ul class=\"wp-block-list\">\n<li>24 vagas no Quadro de Oficiais de Sa\u00fade dos Bombeiros, sendo 16 para m\u00e9dicos e quatro para odont\u00f3logos;<\/li>\n\n\n\n<li>16 vagas no Quadro de Sa\u00fade da PM, com 12 postos para m\u00e9dicos e quatro para odont\u00f3logos.<\/li>\n<\/ul>\n\n\n\n<p><\/p>\n\n\n\n<p>Ainda n\u00e3o h\u00e1 previs\u00e3o para a realiza\u00e7\u00e3o dos certames.<\/p>\n\n\n\n<p class=\"has-black-color has-text-color has-link-color wp-elements-bd56a0245e185a39fd1acd276d0a0e3e\"><strong>Panorama da viol\u00eancia na Bahia<\/strong><\/p>\n\n\n\n<p>Segundo a SSP-BA, o ano de 2024 encerrou com redu\u00e7\u00e3o de 8,7% nos crimes violentos em compara\u00e7\u00e3o com 2023. Em n\u00fameros absolutos, foram 4.400 mortes registradas.<\/p>\n\n\n\n<p>Desse total, 1.557 foram v\u00edtimas de confrontos. Outros 106 casos foram registrados como feminic\u00eddio.<\/p>\n","protected":false},"excerpt":{"rendered":"<p>Gest\u00e3o afirma que objetivo das a\u00e7\u00f5es \u00e9 fortalecer a seguran\u00e7a p\u00fablica e aprimorar a capacidade de investiga\u00e7\u00e3o criminal Por g1 BA e TV Bahia O governo da Bahia criou 2.397 novos cargos para a Pol\u00edcia Civil e autorizou a realiza\u00e7\u00e3o de concursos p\u00fablicos voltados aos quadros de sa\u00fade da Pol\u00edcia Militar e do Corpo de [&hellip;]<\/p>\n","protected":false},"author":2,"featured_media":85492,"comment_status":"open","ping_status":"open","sticky":false,"template":"","format":"standard","meta":{"_acf_changed":false,"_monsterinsights_skip_tracking":false,"_monsterinsights_sitenote_active":false,"_monsterinsights_sitenote_note":"","_monsterinsights_sitenote_category":0,"_jetpack_memberships_contains_paid_content":false,"footnotes":"","jetpack_publicize_message":"","jetpack_publicize_feature_enabled":true,"jetpack_social_post_already_shared":true,"jetpack_social_options":{"image_generator_settings":{"template":"highway","default_image_id":0,"font":"","enabled":false},"version":2}},"categories":[32],"tags":[],"class_list":["post-85491","post","type-post","status-publish","format-standard","has-post-thumbnail","hentry","category-emprego"],"acf":[],"jetpack_publicize_connections":[],"jetpack_featured_media_url":"https:\/\/i0.wp.com\/blogdoeloiltoncajuhy.com.br\/site\/wp-content\/uploads\/2025\/01\/GOVBA_Concursos-para-PM-e-bombeiros-%E2%80%94-Foto_Thuane-Maria-GOVBA.png?fit=700%2C471&ssl=1","jetpack_sharing_enabled":true,"publishpress_future_workflow_manual_trigger":{"enabledWorkflows":[]},"_links":{"self":[{"href":"https:\/\/blogdoeloiltoncajuhy.com.br\/site\/wp-json\/wp\/v2\/posts\/85491","targetHints":{"allow":["GET"]}}],"collection":[{"href":"https:\/\/blogdoeloiltoncajuhy.com.br\/site\/wp-json\/wp\/v2\/posts"}],"about":[{"href":"https:\/\/blogdoeloiltoncajuhy.com.br\/site\/wp-json\/wp\/v2\/types\/post"}],"author":[{"embeddable":true,"href":"https:\/\/blogdoeloiltoncajuhy.com.br\/site\/wp-json\/wp\/v2\/users\/2"}],"replies":[{"embeddable":true,"href":"https:\/\/blogdoeloiltoncajuhy.com.br\/site\/wp-json\/wp\/v2\/comments?post=85491"}],"version-history":[{"count":1,"href":"https:\/\/blogdoeloiltoncajuhy.com.br\/site\/wp-json\/wp\/v2\/posts\/85491\/revisions"}],"predecessor-version":[{"id":85493,"href":"https:\/\/blogdoeloiltoncajuhy.com.br\/site\/wp-json\/wp\/v2\/posts\/85491\/revisions\/85493"}],"wp:featuredmedia":[{"embeddable":true,"href":"https:\/\/blogdoeloiltoncajuhy.com.br\/site\/wp-json\/wp\/v2\/media\/85492"}],"wp:attachment":[{"href":"https:\/\/blogdoeloiltoncajuhy.com.br\/site\/wp-json\/wp\/v2\/media?parent=85491"}],"wp:term":[{"taxonomy":"category","embeddable":true,"href":"https:\/\/blogdoeloiltoncajuhy.com.br\/site\/wp-json\/wp\/v2\/categories?post=85491"},{"taxonomy":"post_tag","embeddable":true,"href":"https:\/\/blogdoeloiltoncajuhy.com.br\/site\/wp-json\/wp\/v2\/tags?post=85491"}],"curies":[{"name":"wp","href":"https:\/\/api.w.org\/{rel}","templated":true}]}}