{"id":85463,"date":"2025-01-21T17:30:43","date_gmt":"2025-01-21T20:30:43","guid":{"rendered":"https:\/\/blogdoeloiltoncajuhy.com.br\/site\/?p=85463"},"modified":"2025-01-21T17:30:49","modified_gmt":"2025-01-21T20:30:49","slug":"bahia-inaugura-primeira-delegacia-de-combate-ao-racismo-e-a-intolerancia-religiosa","status":"publish","type":"post","link":"https:\/\/blogdoeloiltoncajuhy.com.br\/site\/bahia-inaugura-primeira-delegacia-de-combate-ao-racismo-e-a-intolerancia-religiosa\/","title":{"rendered":"Bahia inaugura primeira delegacia de combate ao racismo e \u00e0 intoler\u00e2ncia religiosa"},"content":{"rendered":"\n<p class=\"has-medium-font-size\"><strong>A delegacia funcionar\u00e1 24h, todos os dias da semana, com servi\u00e7o de investiga\u00e7\u00e3o, assist\u00eancia social e psicologia<\/strong><\/p>\n\n\n\n<p><strong>Blog do Eloilton Cajuhy \u2013 BEC<\/strong><\/p>\n\n\n\n<figure class=\"wp-block-image aligncenter size-full\"><a href=\"https:\/\/i0.wp.com\/blogdoeloiltoncajuhy.com.br\/site\/wp-content\/uploads\/2025\/01\/GOVBA_Inauguracao-Decrin-2_Foto_Thuane-Maria-GOVBA.jpeg\"><img data-recalc-dims=\"1\" fetchpriority=\"high\" decoding=\"async\" width=\"680\" height=\"453\" src=\"https:\/\/i0.wp.com\/blogdoeloiltoncajuhy.com.br\/site\/wp-content\/uploads\/2025\/01\/GOVBA_Inauguracao-Decrin-2_Foto_Thuane-Maria-GOVBA.jpeg?resize=680%2C453\" alt=\"\" class=\"wp-image-85467\" srcset=\"https:\/\/i0.wp.com\/blogdoeloiltoncajuhy.com.br\/site\/wp-content\/uploads\/2025\/01\/GOVBA_Inauguracao-Decrin-2_Foto_Thuane-Maria-GOVBA.jpeg?w=680&amp;ssl=1 680w, https:\/\/i0.wp.com\/blogdoeloiltoncajuhy.com.br\/site\/wp-content\/uploads\/2025\/01\/GOVBA_Inauguracao-Decrin-2_Foto_Thuane-Maria-GOVBA.jpeg?resize=300%2C200&amp;ssl=1 300w\" sizes=\"(max-width: 680px) 100vw, 680px\" \/><\/a><figcaption class=\"wp-element-caption\"><sub>Foto: Thuane Maria\/GOVBA<\/sub><\/figcaption><\/figure>\n\n\n\n<p>A primeira Delegacia Especializada de Combate ao Racismo e Intoler\u00e2ncia Religiosa (Decrin) da Bahia foi inaugurada nesta ter\u00e7a-feira (21), em Salvador, e come\u00e7a ap\u00f3s san\u00e7\u00e3o assinada pelo governador Jer\u00f4nimo Rodrigues, durante entrega da unidade, no Engenho Velho de Brotas, onde antes funcionava a Delegacia Especializada de Atendimento \u00e0 Mulher (Deam). A unidade funcionar\u00e1 dentro do Centro Policial de Cidadania e Diversidade (CPCD), investigando e reprimindo crimes de racismo e intoler\u00e2ncia religiosa de forma complexa, atendendo especificidades como LGBTfobia e viol\u00eancias direcionadas a pessoas idosas.<\/p>\n\n\n\n<p>\u201cAqui tem seguran\u00e7a p\u00fablica, mas tem assist\u00eancia social, tem direitos humanos, com uma miss\u00e3o, muito forte, de garantir o direito de quem queira fazer uma den\u00fancia. Para aqueles que n\u00e3o tiverem coragem, n\u00f3s vamos preparar, cada vez mais, a sociedade baiana. Agora temos mais um instrumento, inicialmente, aqui, em Salvador, mas nos pr\u00f3ximos 10 anos vamos garantir que a intoler\u00e2ncia religiosa seja banida do nosso estado. Preparamos nossas for\u00e7as, tem muita compet\u00eancia nesse servi\u00e7o. A gente vai trabalhar para zerar isso\u201d, frisou o governador Jer\u00f4nimo Rodrigues, sobre a pol\u00edtica baiana de combate aos crimes de racismo.<\/p>\n\n\n\n<ul class=\"wp-block-list\">\n<li><a href=\"https:\/\/whatsapp.com\/channel\/0029VaAT7tDLI8Yfj5y9Z50Z\"><strong><mark style=\"background-color:rgba(0, 0, 0, 0)\" class=\"has-inline-color has-vivid-red-color\">Siga nosso canal no WhatsApp e veja mais not\u00edcias<\/mark><\/strong><\/a><\/li>\n<\/ul>\n\n\n\n<p><\/p>\n\n\n\n<p>A delegacia funcionar\u00e1 24h, todos os dias da semana, com servi\u00e7o de investiga\u00e7\u00e3o, assist\u00eancia social e psicologia, cart\u00f3rio, sala de reconhecimento e apoio integrado dos N\u00facleos Especializado de Atendimento \u00e0 Mulher (Neam), de Combate aos Crimes Cibern\u00e9ticos (Cyber), de Diversidade e da Delegacia Especial de Atendimento ao Idoso (Deati), que tamb\u00e9m atender\u00e3o na estrutura de seguran\u00e7a. No local tamb\u00e9m ter\u00e1 um posto SAC, com oferta de servi\u00e7os de cidadania.<\/p>\n\n\n\n<p>\u201cNesse Centro vamos aglutinar diversos servi\u00e7os para prote\u00e7\u00e3o dos grupos vulnerabilizados. Mais uma vez, a Bahia sai na dianteira, refor\u00e7ando o seu compromisso com a defesa da nossa liberdade de express\u00e3o, da liberdade religiosa, onde todas as pessoas possam ter seus direitos devidamente garantidos. Entendemos que a gente consegue vencer o preconceito atrav\u00e9s da difus\u00e3o do conhecimento e do respeito \u00e0s pessoas. E \u00e9 que vamos fazer\u201d, refor\u00e7ou Helo\u00edsa Brito, delegada-geral da Pol\u00edcia Civil da Bahia (PC-BA).<\/p>\n\n\n\n<p>Lideran\u00e7a religiosa e diretor da Associa\u00e7\u00e3o Mesa de Og\u00e3s de Cama\u00e7ari, Ant\u00f4nio Passos entende a delegacia como um instrumento de repara\u00e7\u00e3o, que ultrapassa o combate ao racismo e \u00e0 intoler\u00e2ncia religiosa.<\/p>\n\n\n\n<p>\u201cMuita gente j\u00e1 sofreu muito! Muitos terreiros j\u00e1 foram atacados, muitas pessoas morreram, por conta do racismo religioso. Eu vejo a delegacia como um start, como um novo momento pol\u00edtico e social para a Bahia, sendo refer\u00eancia tamb\u00e9m para outros estados. Infelizmente, \u00e9 uma realidade presente em todo o Brasil. Mesmo em Salvador, na cidade mais preta fora de \u00c1frica, ainda vivenciamos isso. Espero que essa e outras pol\u00edticas continuem sendo fomentadas para que n\u00f3s possamos defender a nossa ancestralidade, ter o direito de professar a nossa f\u00e9 e viver bem em comunidade\u201d, compartilhou.<\/p>\n\n\n\n<p>De acordo com dados da Secretaria de Promo\u00e7\u00e3o da Igualdade Racial (Sepromi), s\u00f3 em 2024 foram registrados 500 casos de racismo e 350 de intoler\u00e2ncia religiosa na Bahia. Os n\u00fameros representam um aumento de 11% e 9%, respectivamente, na viol\u00eancia direcionada a pessoas negras ou de religi\u00f5es de matrizes africanas e n\u00e3o crist\u00e3s.<\/p>\n\n\n\n<p>\u201c\u00c9 um dado que, com certeza, justifica muito a exist\u00eancia da cria\u00e7\u00e3o dessa delegacia. Por isso, \u00e9 um instrumento para que a gente, por meio de a\u00e7\u00f5es preventivas e tamb\u00e9m repressivas, contribua para que o Estado fortale\u00e7a sua miss\u00e3o de ser um Estado laico, onde todas as pessoas s\u00e3o respeitadas em sua dignidade, independente da cor da sua pele e da sua condi\u00e7\u00e3o religiosa\u201d, pontuou a secret\u00e1ria \u00c2ngela Guimar\u00e3es, \u00e0 frente da Sepromi.<\/p>\n\n\n\n<p>Ela ainda destaca que a delegacia funcionar\u00e1 junto a uma rede de assist\u00eancia e combate a esses crimes, que atua h\u00e1 mais de dez anos na Bahia, atrav\u00e9s da administra\u00e7\u00e3o estadual.<\/p>\n\n\n\n<figure class=\"wp-block-image aligncenter size-full\"><a href=\"https:\/\/i0.wp.com\/blogdoeloiltoncajuhy.com.br\/site\/wp-content\/uploads\/2025\/01\/GOVBA_Inauguracao-Decrin_Foto_Thuane-Maria-GOVBA.jpeg?ssl=1\"><img data-recalc-dims=\"1\" decoding=\"async\" width=\"680\" height=\"453\" src=\"https:\/\/i0.wp.com\/blogdoeloiltoncajuhy.com.br\/site\/wp-content\/uploads\/2025\/01\/GOVBA_Inauguracao-Decrin_Foto_Thuane-Maria-GOVBA.jpeg?resize=680%2C453&#038;ssl=1\" alt=\"\" class=\"wp-image-85464\" srcset=\"https:\/\/i0.wp.com\/blogdoeloiltoncajuhy.com.br\/site\/wp-content\/uploads\/2025\/01\/GOVBA_Inauguracao-Decrin_Foto_Thuane-Maria-GOVBA.jpeg?w=680&amp;ssl=1 680w, https:\/\/i0.wp.com\/blogdoeloiltoncajuhy.com.br\/site\/wp-content\/uploads\/2025\/01\/GOVBA_Inauguracao-Decrin_Foto_Thuane-Maria-GOVBA.jpeg?resize=300%2C200&amp;ssl=1 300w\" sizes=\"(max-width: 680px) 100vw, 680px\" \/><\/a><figcaption class=\"wp-element-caption\"><sub>Foto: Thuane Maria\/GOVBA<\/sub><\/figcaption><\/figure>\n","protected":false},"excerpt":{"rendered":"<p>A delegacia funcionar\u00e1 24h, todos os dias da semana, com servi\u00e7o de investiga\u00e7\u00e3o, assist\u00eancia social e psicologia Blog do Eloilton Cajuhy \u2013 BEC A primeira Delegacia Especializada de Combate ao Racismo e Intoler\u00e2ncia Religiosa (Decrin) da Bahia foi inaugurada nesta ter\u00e7a-feira (21), em Salvador, e come\u00e7a ap\u00f3s san\u00e7\u00e3o assinada pelo governador Jer\u00f4nimo Rodrigues, durante entrega [&hellip;]<\/p>\n","protected":false},"author":2,"featured_media":85464,"comment_status":"open","ping_status":"open","sticky":false,"template":"","format":"standard","meta":{"_acf_changed":false,"_monsterinsights_skip_tracking":false,"_monsterinsights_sitenote_active":false,"_monsterinsights_sitenote_note":"","_monsterinsights_sitenote_category":0,"_jetpack_memberships_contains_paid_content":false,"footnotes":"","jetpack_publicize_message":"","jetpack_publicize_feature_enabled":true,"jetpack_social_post_already_shared":true,"jetpack_social_options":{"image_generator_settings":{"template":"highway","enabled":false},"version":2}},"categories":[3],"tags":[],"class_list":["post-85463","post","type-post","status-publish","format-standard","has-post-thumbnail","hentry","category-politica"],"acf":[],"jetpack_publicize_connections":[],"jetpack_featured_media_url":"https:\/\/i0.wp.com\/blogdoeloiltoncajuhy.com.br\/site\/wp-content\/uploads\/2025\/01\/GOVBA_Inauguracao-Decrin_Foto_Thuane-Maria-GOVBA.jpeg?fit=680%2C453&ssl=1","jetpack_sharing_enabled":true,"publishpress_future_workflow_manual_trigger":{"enabledWorkflows":[]},"_links":{"self":[{"href":"https:\/\/blogdoeloiltoncajuhy.com.br\/site\/wp-json\/wp\/v2\/posts\/85463","targetHints":{"allow":["GET"]}}],"collection":[{"href":"https:\/\/blogdoeloiltoncajuhy.com.br\/site\/wp-json\/wp\/v2\/posts"}],"about":[{"href":"https:\/\/blogdoeloiltoncajuhy.com.br\/site\/wp-json\/wp\/v2\/types\/post"}],"author":[{"embeddable":true,"href":"https:\/\/blogdoeloiltoncajuhy.com.br\/site\/wp-json\/wp\/v2\/users\/2"}],"replies":[{"embeddable":true,"href":"https:\/\/blogdoeloiltoncajuhy.com.br\/site\/wp-json\/wp\/v2\/comments?post=85463"}],"version-history":[{"count":2,"href":"https:\/\/blogdoeloiltoncajuhy.com.br\/site\/wp-json\/wp\/v2\/posts\/85463\/revisions"}],"predecessor-version":[{"id":85468,"href":"https:\/\/blogdoeloiltoncajuhy.com.br\/site\/wp-json\/wp\/v2\/posts\/85463\/revisions\/85468"}],"wp:featuredmedia":[{"embeddable":true,"href":"https:\/\/blogdoeloiltoncajuhy.com.br\/site\/wp-json\/wp\/v2\/media\/85464"}],"wp:attachment":[{"href":"https:\/\/blogdoeloiltoncajuhy.com.br\/site\/wp-json\/wp\/v2\/media?parent=85463"}],"wp:term":[{"taxonomy":"category","embeddable":true,"href":"https:\/\/blogdoeloiltoncajuhy.com.br\/site\/wp-json\/wp\/v2\/categories?post=85463"},{"taxonomy":"post_tag","embeddable":true,"href":"https:\/\/blogdoeloiltoncajuhy.com.br\/site\/wp-json\/wp\/v2\/tags?post=85463"}],"curies":[{"name":"wp","href":"https:\/\/api.w.org\/{rel}","templated":true}]}}