{"id":85457,"date":"2025-01-21T16:42:25","date_gmt":"2025-01-21T19:42:25","guid":{"rendered":"https:\/\/blogdoeloiltoncajuhy.com.br\/site\/?p=85457"},"modified":"2025-01-21T16:42:31","modified_gmt":"2025-01-21T19:42:31","slug":"motorista-de-carreta-envolvido-em-acidente-com-39-mortes-em-mg-usou-cocaina-e-ecstasy-conclui-exame","status":"publish","type":"post","link":"https:\/\/blogdoeloiltoncajuhy.com.br\/site\/motorista-de-carreta-envolvido-em-acidente-com-39-mortes-em-mg-usou-cocaina-e-ecstasy-conclui-exame\/","title":{"rendered":"Motorista de carreta envolvido em acidente com 39 mortes em MG usou coca\u00edna e ecstasy, conclui exame"},"content":{"rendered":"\n<p class=\"has-medium-font-size\"><strong>Exame toxicol\u00f3gico foi realizado em 23 de dezembro, dois dias depois da batida. Arilton Bastos Alves foi preso no Esp\u00edrito Santo, na manh\u00e3 desta ter\u00e7a-feira (21)<\/strong><\/p>\n\n\n\n<p><strong>Por Rafaela Mansur, g1 Minas<\/strong> \u2014 Belo Horizonte<\/p>\n\n\n\n<figure class=\"wp-block-image aligncenter size-full\"><a href=\"https:\/\/i0.wp.com\/blogdoeloiltoncajuhy.com.br\/site\/wp-content\/uploads\/2025\/01\/MG_Acidente-com-39-mortos-%E2%80%94-Foto_Corpo-de-Bombeiros-MG-Divulgacao.png\"><img data-recalc-dims=\"1\" fetchpriority=\"high\" decoding=\"async\" width=\"700\" height=\"532\" src=\"https:\/\/i0.wp.com\/blogdoeloiltoncajuhy.com.br\/site\/wp-content\/uploads\/2025\/01\/MG_Acidente-com-39-mortos-%E2%80%94-Foto_Corpo-de-Bombeiros-MG-Divulgacao.png?resize=700%2C532\" alt=\"\" class=\"wp-image-85458\" srcset=\"https:\/\/i0.wp.com\/blogdoeloiltoncajuhy.com.br\/site\/wp-content\/uploads\/2025\/01\/MG_Acidente-com-39-mortos-%E2%80%94-Foto_Corpo-de-Bombeiros-MG-Divulgacao.png?w=700&amp;ssl=1 700w, https:\/\/i0.wp.com\/blogdoeloiltoncajuhy.com.br\/site\/wp-content\/uploads\/2025\/01\/MG_Acidente-com-39-mortos-%E2%80%94-Foto_Corpo-de-Bombeiros-MG-Divulgacao.png?resize=300%2C228&amp;ssl=1 300w\" sizes=\"(max-width: 700px) 100vw, 700px\" \/><\/a><figcaption class=\"wp-element-caption\"><sub>\u00d4nibus pegou fogo ap\u00f3s colidir contra carreta \u2014 Foto: Corpo de Bombeiros MG\/Divulga\u00e7\u00e3o<\/sub><\/figcaption><\/figure>\n\n\n\n<p>O motorista da carreta envolvida no acidente que matou 39 pessoas na BR-116, em Te\u00f3filo Otoni (MG), em dezembro passado, usou coca\u00edna, ecstasy e outras drogas. A conclus\u00e3o \u00e9 de um exame toxicol\u00f3gico realizado no suspeito no dia 23 de dezembro, dois dias depois da batida.<\/p>\n\n\n\n<p><strong><mark style=\"background-color:rgba(0, 0, 0, 0)\" class=\"has-inline-color has-black-color\">Arilton Bastos Alves<\/mark><\/strong> foi preso no Esp\u00edrito Santo, na manh\u00e3 desta ter\u00e7a-feira (21). Segundo a decis\u00e3o judicial que decretou a pris\u00e3o, o exame detectou ainda MDA, alprazolam e venlafaxina no material biol\u00f3gico do condutor. Ao interpretar os resultados, os peritos conclu\u00edram que ele consumiu &#8220;coca\u00edna e \u00e1lcool et\u00edlico concomitantemente&#8221;.<\/p>\n\n\n\n<ul class=\"wp-block-list\">\n<li><a href=\"https:\/\/whatsapp.com\/channel\/0029VaAT7tDLI8Yfj5y9Z50Z\"><strong><mark style=\"background-color:rgba(0, 0, 0, 0)\" class=\"has-inline-color has-vivid-red-color\">Siga nosso canal no WhatsApp e veja mais not\u00edcias<\/mark><\/strong><\/a><\/li>\n<\/ul>\n\n\n\n<p><\/p>\n\n\n\n<p>Ainda de acordo com a decis\u00e3o, &#8220;h\u00e1 ind\u00edcios de que o investigado tinha por costume conduzir ve\u00edculo automotor sob efeito de bebidas alco\u00f3licas&#8221;. Em julho de 2022, ele foi abordado por policiais com sintoma de embriaguez na condu\u00e7\u00e3o de um carro e acabou sendo penalizado com a suspens\u00e3o do direito de dirigir.<\/p>\n\n\n\n<h2 class=\"wp-block-heading has-text-align-center\"><strong><mark style=\"background-color:rgba(0, 0, 0, 0)\" class=\"has-inline-color has-vivid-red-color\">____________<\/mark><\/strong><\/h2>\n\n\n\n<blockquote class=\"wp-block-quote is-layout-flow wp-block-quote-is-layout-flow\">\n<blockquote class=\"wp-block-quote is-layout-flow wp-block-quote-is-layout-flow\">\n<p class=\"has-medium-font-size\"><strong><mark style=\"background-color:rgba(0, 0, 0, 0)\" class=\"has-inline-color has-black-color\">&#8220;Ao ver do Ju\u00edzo, diante destas informa\u00e7\u00f5es, n\u00e3o h\u00e1 o que se falar em simples descuido ou inobserv\u00e2ncia de um dever de cuidado objetivo, mas em deliberada assun\u00e7\u00e3o de risco, mormente quando embalado pelo uso de drogas diversas&#8221;, diz um trecho da decis\u00e3o, assinada nesta segunda-feira (20) pelo juiz Danilo de Mello Ferraz.<\/mark><\/strong><\/p>\n\n\n\n<h2 class=\"wp-block-heading has-text-align-center\"><strong><mark style=\"background-color:rgba(0, 0, 0, 0)\" class=\"has-inline-color has-vivid-red-color\">____________<\/mark><\/strong><\/h2>\n<\/blockquote>\n<\/blockquote>\n\n\n\n<p>Em nota, a defesa de Arilton Bastos Alves se disse surpresa com o decreto de pris\u00e3o preventiva. &#8220;Ressaltamos que o caso ainda est\u00e1 em fase de investiga\u00e7\u00e3o, n\u00e3o fomos cientificados dos fundamentos da pris\u00e3o e que todas as provid\u00eancias jur\u00eddicas cab\u00edveis ser\u00e3o tomadas para assegurar o devido processo legal, direito de defesa e a restaura\u00e7\u00e3o da liberdade&#8221;, registrou.<\/p>\n\n\n\n<h4 class=\"wp-block-heading\"><strong><mark style=\"background-color:rgba(0, 0, 0, 0)\" class=\"has-inline-color has-black-color\">Outros problemas<\/mark><\/strong><\/h4>\n\n\n\n<p>O acidente ocorreu na madrugada de 21 de dezembro e envolveu um \u00f4nibus de viagem, uma carreta que carregava blocos de granito e um carro.<\/p>\n\n\n\n<p>O caminhoneiro Arilton Bastos Alves fugiu do local da batida e se apresentou \u00e0 pol\u00edcia dois dias depois, em 23 de dezembro, mas foi liberado \u2013 na \u00e9poca, a Justi\u00e7a negou o pedido de pris\u00e3o preventiva feito pela Pol\u00edcia Civil.<\/p>\n\n\n\n<p>O juiz Danilo de Mello Ferraz, da 1\u00aa Vara Criminal da Comarca de Te\u00f3filo Otoni, no entanto, decidiu revisar essa decis\u00e3o e decretar a pris\u00e3o do motorista. Al\u00e9m do uso de drogas, o magistrado considerou o fato de Alves ter deixado o local do acidente, o sobrepeso da carga da carreta e o excesso de velocidade do ve\u00edculo.<\/p>\n\n\n\n<p>Segundo a decis\u00e3o, o caminhoneiro admitiu n\u00e3o ter o costume de verificar o peso do material que transportava. No dia do acidente, a carreta carregava dois blocos de quartzito, com peso total superior a 68 toneladas.<\/p>\n\n\n\n<h2 class=\"wp-block-heading has-text-align-center\"><strong><mark style=\"background-color:rgba(0, 0, 0, 0)\" class=\"has-inline-color has-vivid-red-color\">____________<\/mark><\/strong><\/h2>\n\n\n\n<blockquote class=\"wp-block-quote is-layout-flow wp-block-quote-is-layout-flow\">\n<p class=\"has-medium-font-size\"><strong><mark style=\"background-color:rgba(0, 0, 0, 0)\" class=\"has-inline-color has-black-color\">&#8220;Acrescentando-se o peso do conjunto da carreta e seus dois semirreboques, chega-se a 91,261 toneladas, equivalente a quase o dobro do permitido pela legisla\u00e7\u00e3o de tr\u00e2nsito aplic\u00e1vel \u00e0 esp\u00e9cie&#8221;, diz um trecho do documento.<\/mark><\/strong><\/p>\n\n\n\n<h2 class=\"wp-block-heading has-text-align-center\"><strong><mark style=\"background-color:rgba(0, 0, 0, 0)\" class=\"has-inline-color has-vivid-red-color\">____________<\/mark><\/strong><\/h2>\n<\/blockquote>\n\n\n\n<p>Ainda conforme a Justi\u00e7a, a carreta trafegava a mais de 90 km\/h, enquanto o permitido para a via eram 80 km\/h.<\/p>\n\n\n\n<h2 class=\"wp-block-heading has-text-align-center\"><strong><mark style=\"background-color:rgba(0, 0, 0, 0)\" class=\"has-inline-color has-vivid-red-color\">____________<\/mark><\/strong><\/h2>\n\n\n\n<blockquote class=\"wp-block-quote is-layout-flow wp-block-quote-is-layout-flow\">\n<p class=\"has-medium-font-size\"><strong><mark style=\"background-color:rgba(0, 0, 0, 0)\" class=\"has-inline-color has-black-color\">&#8220;O representado chegou a imprimir 132 (cento e trinta e dois) km\/h na mesma viagem, o que revela o grau de descuido\/ indiferen\u00e7a em poder causar um acidente de tr\u00e2nsito&#8221;, diz a decis\u00e3o.<\/mark><\/strong><\/p>\n\n\n\n<h2 class=\"wp-block-heading has-text-align-center\"><strong><mark style=\"background-color:rgba(0, 0, 0, 0)\" class=\"has-inline-color has-vivid-red-color\">____________<\/mark><\/strong><\/h2>\n<\/blockquote>\n\n\n\n<p>O juiz afirmou, ainda, que as investiga\u00e7\u00f5es permitem concluir que a principal causa do acidente foi o &#8220;tombamento do segundo semirreboque da carreta sobre a contram\u00e3o direcional e, subsequentemente, o desprendimento do bloco de granito e o seu choque frontal com o \u00f4nibus&#8221;<\/p>\n","protected":false},"excerpt":{"rendered":"<p>Exame toxicol\u00f3gico foi realizado em 23 de dezembro, dois dias depois da batida. Arilton Bastos Alves foi preso no Esp\u00edrito Santo, na manh\u00e3 desta ter\u00e7a-feira (21) Por Rafaela Mansur, g1 Minas \u2014 Belo Horizonte O motorista da carreta envolvida no acidente que matou 39 pessoas na BR-116, em Te\u00f3filo Otoni (MG), em dezembro passado, usou [&hellip;]<\/p>\n","protected":false},"author":2,"featured_media":85458,"comment_status":"open","ping_status":"open","sticky":false,"template":"","format":"standard","meta":{"_acf_changed":false,"_monsterinsights_skip_tracking":false,"_monsterinsights_sitenote_active":false,"_monsterinsights_sitenote_note":"","_monsterinsights_sitenote_category":0,"_jetpack_memberships_contains_paid_content":false,"footnotes":"","jetpack_publicize_message":"","jetpack_publicize_feature_enabled":true,"jetpack_social_post_already_shared":true,"jetpack_social_options":{"image_generator_settings":{"template":"highway","default_image_id":0,"font":"","enabled":false},"version":2}},"categories":[15],"tags":[],"class_list":["post-85457","post","type-post","status-publish","format-standard","has-post-thumbnail","hentry","category-policia"],"acf":[],"jetpack_publicize_connections":[],"jetpack_featured_media_url":"https:\/\/i0.wp.com\/blogdoeloiltoncajuhy.com.br\/site\/wp-content\/uploads\/2025\/01\/MG_Acidente-com-39-mortos-%E2%80%94-Foto_Corpo-de-Bombeiros-MG-Divulgacao.png?fit=700%2C532&ssl=1","jetpack_sharing_enabled":true,"publishpress_future_workflow_manual_trigger":{"enabledWorkflows":[]},"_links":{"self":[{"href":"https:\/\/blogdoeloiltoncajuhy.com.br\/site\/wp-json\/wp\/v2\/posts\/85457","targetHints":{"allow":["GET"]}}],"collection":[{"href":"https:\/\/blogdoeloiltoncajuhy.com.br\/site\/wp-json\/wp\/v2\/posts"}],"about":[{"href":"https:\/\/blogdoeloiltoncajuhy.com.br\/site\/wp-json\/wp\/v2\/types\/post"}],"author":[{"embeddable":true,"href":"https:\/\/blogdoeloiltoncajuhy.com.br\/site\/wp-json\/wp\/v2\/users\/2"}],"replies":[{"embeddable":true,"href":"https:\/\/blogdoeloiltoncajuhy.com.br\/site\/wp-json\/wp\/v2\/comments?post=85457"}],"version-history":[{"count":1,"href":"https:\/\/blogdoeloiltoncajuhy.com.br\/site\/wp-json\/wp\/v2\/posts\/85457\/revisions"}],"predecessor-version":[{"id":85459,"href":"https:\/\/blogdoeloiltoncajuhy.com.br\/site\/wp-json\/wp\/v2\/posts\/85457\/revisions\/85459"}],"wp:featuredmedia":[{"embeddable":true,"href":"https:\/\/blogdoeloiltoncajuhy.com.br\/site\/wp-json\/wp\/v2\/media\/85458"}],"wp:attachment":[{"href":"https:\/\/blogdoeloiltoncajuhy.com.br\/site\/wp-json\/wp\/v2\/media?parent=85457"}],"wp:term":[{"taxonomy":"category","embeddable":true,"href":"https:\/\/blogdoeloiltoncajuhy.com.br\/site\/wp-json\/wp\/v2\/categories?post=85457"},{"taxonomy":"post_tag","embeddable":true,"href":"https:\/\/blogdoeloiltoncajuhy.com.br\/site\/wp-json\/wp\/v2\/tags?post=85457"}],"curies":[{"name":"wp","href":"https:\/\/api.w.org\/{rel}","templated":true}]}}