{"id":85446,"date":"2025-01-21T08:26:14","date_gmt":"2025-01-21T11:26:14","guid":{"rendered":"https:\/\/blogdoeloiltoncajuhy.com.br\/site\/?p=85446"},"modified":"2025-01-21T08:27:15","modified_gmt":"2025-01-21T11:27:15","slug":"prioridade-do-governo-em-2025-e-baratear-os-alimentos-diz-lula","status":"publish","type":"post","link":"https:\/\/blogdoeloiltoncajuhy.com.br\/site\/prioridade-do-governo-em-2025-e-baratear-os-alimentos-diz-lula\/","title":{"rendered":"Prioridade do governo em 2025 \u00e9 baratear os alimentos, diz Lula"},"content":{"rendered":"\n<p class=\"has-medium-font-size\"><strong>Presidente diz ainda querer paz e boas rela\u00e7\u00f5es com Donald Trump<\/strong><\/p>\n\n\n\n<p><strong>Pedro Peduzzi\/Ag\u00eancia Brasil<\/strong><\/p>\n\n\n\n<figure class=\"wp-block-image aligncenter size-full\"><a href=\"https:\/\/i0.wp.com\/blogdoeloiltoncajuhy.com.br\/site\/wp-content\/uploads\/2025\/01\/Lulua-reuniao-mnistros_21-1-2025.jpeg?ssl=1\"><img data-recalc-dims=\"1\" fetchpriority=\"high\" decoding=\"async\" width=\"760\" height=\"432\" src=\"https:\/\/i0.wp.com\/blogdoeloiltoncajuhy.com.br\/site\/wp-content\/uploads\/2025\/01\/Lulua-reuniao-mnistros_21-1-2025.jpeg?resize=760%2C432&#038;ssl=1\" alt=\"\" class=\"wp-image-85447\" srcset=\"https:\/\/i0.wp.com\/blogdoeloiltoncajuhy.com.br\/site\/wp-content\/uploads\/2025\/01\/Lulua-reuniao-mnistros_21-1-2025.jpeg?w=760&amp;ssl=1 760w, https:\/\/i0.wp.com\/blogdoeloiltoncajuhy.com.br\/site\/wp-content\/uploads\/2025\/01\/Lulua-reuniao-mnistros_21-1-2025.jpeg?resize=300%2C171&amp;ssl=1 300w\" sizes=\"(max-width: 760px) 100vw, 760px\" \/><\/a><figcaption class=\"wp-element-caption\"><sub>Foto: Ricardo Stuckert\/PR<\/sub><\/figcaption><\/figure>\n\n\n\n<p>Uma das prioridades do governo federal para 2025 \u00e9 a de baratear o pre\u00e7o dos alimentos que chegam \u00e0 mesa do trabalhador. A orienta\u00e7\u00e3o foi passada pelo presidente Luiz In\u00e1cio Lula da Silva a sua equipe nesta segunda-feira (20), durante a primeira reuni\u00e3o do ano com seus ministros.<\/p>\n\n\n\n<p>De acordo com o presidente, o novo ano ser\u00e1 de colheita de muitas das pol\u00edticas p\u00fablicas iniciadas ap\u00f3s o que chamou de per\u00edodo de reconstitui\u00e7\u00e3o de diversas pastas, segundo ele, desmontadas durante o governo anterior. Ele cobrou de seus ministros um esfor\u00e7o cada vez maior para avan\u00e7ar nas pol\u00edticas que v\u00eam sendo implementadas.<\/p>\n\n\n\n<p>\u201cTemos agora um tema muito importante, que \u00e9 a reconstru\u00e7\u00e3o, a uni\u00e3o e comida barata na mesa do trabalhador, porque os alimentos est\u00e3o caros na mesa do trabalhador. Todos os ministros sabem que o alimento est\u00e1 caro. \u00c9 uma tarefa nossa garantir que o alimento chegue na mesa do povo trabalhador, da dona da casa e do povo brasileiro em condi\u00e7\u00f5es compat\u00edveis com o sal\u00e1rio que ganha\u201d, disse o presidente durante a fala de abertura da reuni\u00e3o.<\/p>\n\n\n\n<h4 class=\"wp-block-heading\"><strong><mark style=\"background-color:rgba(0, 0, 0, 0)\" class=\"has-inline-color has-black-color\">Combate \u00e0 desinforma\u00e7\u00e3o<\/mark><\/strong><\/h4>\n\n\n\n<p>O presidente, que se disse prontamente recuperado da cirurgia que fez na cabe\u00e7a ap\u00f3s uma queda, reiterou o compromisso do governo com a manuten\u00e7\u00e3o da democracia. Ele pediu a seus ministros que fiquem atentos para evitar dar argumenta\u00e7\u00f5es a opositores que, segundo ele, j\u00e1 iniciaram campanha visando as elei\u00e7\u00f5es presidenciais do ano que vem.<\/p>\n\n\n\n<p>\u201cDaqui para frente, nenhum ministro vai poder fazer portaria que depois crie confus\u00e3o, sem que essa portaria passe pela Presid\u00eancia da Rep\u00fablica, por meio da Casa Civil\u201d, disse.<\/p>\n\n\n\n<p>Segundo Lula, as elei\u00e7\u00f5es de 2026 j\u00e1 come\u00e7aram para seus advers\u00e1rios.<\/p>\n\n\n\n<h2 class=\"wp-block-heading has-text-align-center\"><strong><mark style=\"background-color:rgba(0, 0, 0, 0)\" class=\"has-inline-color has-vivid-red-color\">____________<\/mark><\/strong><\/h2>\n\n\n\n<blockquote class=\"wp-block-quote is-layout-flow wp-block-quote-is-layout-flow\">\n<p class=\"has-medium-font-size\"><strong><mark style=\"background-color:rgba(0, 0, 0, 0)\" class=\"has-inline-color has-black-color\">\u201cBasta ver a internet para perceber que eles j\u00e1 est\u00e3o em campanha. E n\u00f3s n\u00e3o podemos antecipar a campanha, porque temos de trabalhar para entregar ao povo aquilo que ele precisa\u201d, disse o presidente.<\/mark><\/strong><\/p>\n\n\n\n<h2 class=\"wp-block-heading has-text-align-center\"><strong><mark style=\"background-color:rgba(0, 0, 0, 0)\" class=\"has-inline-color has-vivid-red-color\">____________<\/mark><\/strong><\/h2>\n<\/blockquote>\n\n\n\n<ul class=\"wp-block-list\">\n<li><a href=\"https:\/\/whatsapp.com\/channel\/0029VaAT7tDLI8Yfj5y9Z50Z\"><strong><mark style=\"background-color:rgba(0, 0, 0, 0)\" class=\"has-inline-color has-vivid-red-color\">Siga nosso canal no WhatsApp e veja mais not\u00edcias<\/mark><\/strong><\/a><\/li>\n<\/ul>\n\n\n\n<p><\/p>\n\n\n\n<figure class=\"wp-block-image aligncenter size-full is-resized\"><a href=\"https:\/\/i0.wp.com\/blogdoeloiltoncajuhy.com.br\/site\/wp-content\/uploads\/2025\/01\/Lula_reuniao-mnistros_21-1-2025.webp?ssl=1\"><img data-recalc-dims=\"1\" decoding=\"async\" width=\"463\" height=\"309\" src=\"https:\/\/i0.wp.com\/blogdoeloiltoncajuhy.com.br\/site\/wp-content\/uploads\/2025\/01\/Lula_reuniao-mnistros_21-1-2025.webp?resize=463%2C309&#038;ssl=1\" alt=\"\" class=\"wp-image-85448\" style=\"width:673px;height:auto\" srcset=\"https:\/\/i0.wp.com\/blogdoeloiltoncajuhy.com.br\/site\/wp-content\/uploads\/2025\/01\/Lula_reuniao-mnistros_21-1-2025.webp?w=463&amp;ssl=1 463w, https:\/\/i0.wp.com\/blogdoeloiltoncajuhy.com.br\/site\/wp-content\/uploads\/2025\/01\/Lula_reuniao-mnistros_21-1-2025.webp?resize=300%2C200&amp;ssl=1 300w\" sizes=\"(max-width: 463px) 100vw, 463px\" \/><\/a><figcaption class=\"wp-element-caption\"><sub>Reuni\u00e3o Ministerial desta segunda-feira (20) na Resid\u00eancia oficial da Granja do Torto &#8211; Foto: Ricardo Stuckert\/PR<\/sub><\/figcaption><\/figure>\n\n\n\n<p>\u201cEu tenho uma causa, e ela \u00e9 o que vai me motivar em 2025, que \u00e9 a de n\u00e3o permitir, em hip\u00f3tese alguma, que esse pa\u00eds volte ao horror do que foi o mandato do meu antecessor, garantindo que a democracia permane\u00e7a nesse pa\u00eds. N\u00e3o queremos entregar esse pa\u00eds de volta ao neofascismo, ao neonazismo, ao autoritarismo. E precisamos dizer em alto e bom som: queremos eleger um governo para continuar o processo democr\u00e1tico nesse pa\u00eds \u201d, acrescentou.<\/p>\n\n\n\n<p>O presidente citou tamb\u00e9m algumas entregas na \u00e1rea da educa\u00e7\u00e3o e fez elogios \u00e0 aprova\u00e7\u00e3o da lei que n\u00e3o permite uso de celulares pelas crian\u00e7as no ambiente escolar.<\/p>\n\n\n\n<h2 class=\"wp-block-heading has-text-align-center\"><strong><mark style=\"background-color:rgba(0, 0, 0, 0)\" class=\"has-inline-color has-vivid-red-color\">____________<\/mark><\/strong><\/h2>\n\n\n\n<blockquote class=\"wp-block-quote is-layout-flow wp-block-quote-is-layout-flow\">\n<p class=\"has-medium-font-size\"><strong><mark style=\"background-color:rgba(0, 0, 0, 0)\" class=\"has-inline-color has-black-color\">\u201cEste \u00e9 um sistema de prote\u00e7\u00e3o das nossas crian\u00e7as. \u00c9 um sistema de prote\u00e7\u00e3o da nossa educa\u00e7\u00e3o e dos nossos professores. Estamos privilegiando a educa\u00e7\u00e3o, o humanismo, e n\u00e3o os algoritmos para fazer a cabe\u00e7a das nossas pessoas\u201d, argumentou.<\/mark><\/strong><\/p>\n<\/blockquote>\n\n\n\n<h2 class=\"wp-block-heading has-text-align-center\"><strong><mark style=\"background-color:rgba(0, 0, 0, 0)\" class=\"has-inline-color has-vivid-red-color\">____________<\/mark><\/strong><\/h2>\n\n\n\n<h4 class=\"wp-block-heading\"><strong><mark style=\"background-color:rgba(0, 0, 0, 0)\" class=\"has-inline-color has-black-color\">Estados Unidos<\/mark><\/strong><\/h4>\n\n\n\n<p>Lula falou tamb\u00e9m sobre as expectativas de manter boas rela\u00e7\u00f5es com os Estados Unidos. O presidente eleito, Donald Trump, tomou posse na tarde desta segunda-feira, 20.<\/p>\n\n\n\n<p>\u201cTem gente que fala que a elei\u00e7\u00e3o do Trump pode causar problema para a democracia mundial. O Trump foi eleito para governar os Estados Unidos. Eu, como presidente do Brasil, tor\u00e7o para que ele fa\u00e7a uma gest\u00e3o prof\u00edcua, para que o povo brasileiro e o americano melhorem, e para que os americanos continuem a ser o parceiro hist\u00f3rico que \u00e9 do Brasil\u201d, disse. Lula ainda acrescentou que deseja paz, harmonia e diplomacia com todos pa\u00edses.<\/p>\n","protected":false},"excerpt":{"rendered":"<p>Presidente diz ainda querer paz e boas rela\u00e7\u00f5es com Donald Trump Pedro Peduzzi\/Ag\u00eancia Brasil Uma das prioridades do governo federal para 2025 \u00e9 a de baratear o pre\u00e7o dos alimentos que chegam \u00e0 mesa do trabalhador. A orienta\u00e7\u00e3o foi passada pelo presidente Luiz In\u00e1cio Lula da Silva a sua equipe nesta segunda-feira (20), durante a [&hellip;]<\/p>\n","protected":false},"author":2,"featured_media":85447,"comment_status":"open","ping_status":"open","sticky":false,"template":"","format":"standard","meta":{"_acf_changed":false,"_monsterinsights_skip_tracking":false,"_monsterinsights_sitenote_active":false,"_monsterinsights_sitenote_note":"","_monsterinsights_sitenote_category":0,"_jetpack_memberships_contains_paid_content":false,"footnotes":"","jetpack_publicize_message":"","jetpack_publicize_feature_enabled":true,"jetpack_social_post_already_shared":true,"jetpack_social_options":{"image_generator_settings":{"template":"highway","default_image_id":0,"font":"","enabled":false},"version":2}},"categories":[3],"tags":[],"class_list":["post-85446","post","type-post","status-publish","format-standard","has-post-thumbnail","hentry","category-politica"],"acf":[],"jetpack_publicize_connections":[],"jetpack_featured_media_url":"https:\/\/i0.wp.com\/blogdoeloiltoncajuhy.com.br\/site\/wp-content\/uploads\/2025\/01\/Lulua-reuniao-mnistros_21-1-2025.jpeg?fit=760%2C432&ssl=1","jetpack_sharing_enabled":true,"publishpress_future_workflow_manual_trigger":{"enabledWorkflows":[]},"_links":{"self":[{"href":"https:\/\/blogdoeloiltoncajuhy.com.br\/site\/wp-json\/wp\/v2\/posts\/85446","targetHints":{"allow":["GET"]}}],"collection":[{"href":"https:\/\/blogdoeloiltoncajuhy.com.br\/site\/wp-json\/wp\/v2\/posts"}],"about":[{"href":"https:\/\/blogdoeloiltoncajuhy.com.br\/site\/wp-json\/wp\/v2\/types\/post"}],"author":[{"embeddable":true,"href":"https:\/\/blogdoeloiltoncajuhy.com.br\/site\/wp-json\/wp\/v2\/users\/2"}],"replies":[{"embeddable":true,"href":"https:\/\/blogdoeloiltoncajuhy.com.br\/site\/wp-json\/wp\/v2\/comments?post=85446"}],"version-history":[{"count":2,"href":"https:\/\/blogdoeloiltoncajuhy.com.br\/site\/wp-json\/wp\/v2\/posts\/85446\/revisions"}],"predecessor-version":[{"id":85450,"href":"https:\/\/blogdoeloiltoncajuhy.com.br\/site\/wp-json\/wp\/v2\/posts\/85446\/revisions\/85450"}],"wp:featuredmedia":[{"embeddable":true,"href":"https:\/\/blogdoeloiltoncajuhy.com.br\/site\/wp-json\/wp\/v2\/media\/85447"}],"wp:attachment":[{"href":"https:\/\/blogdoeloiltoncajuhy.com.br\/site\/wp-json\/wp\/v2\/media?parent=85446"}],"wp:term":[{"taxonomy":"category","embeddable":true,"href":"https:\/\/blogdoeloiltoncajuhy.com.br\/site\/wp-json\/wp\/v2\/categories?post=85446"},{"taxonomy":"post_tag","embeddable":true,"href":"https:\/\/blogdoeloiltoncajuhy.com.br\/site\/wp-json\/wp\/v2\/tags?post=85446"}],"curies":[{"name":"wp","href":"https:\/\/api.w.org\/{rel}","templated":true}]}}