{"id":85417,"date":"2025-01-19T08:01:37","date_gmt":"2025-01-19T11:01:37","guid":{"rendered":"https:\/\/blogdoeloiltoncajuhy.com.br\/site\/?p=85417"},"modified":"2025-01-19T08:01:43","modified_gmt":"2025-01-19T11:01:43","slug":"bolsa-familia-retira-da-lista-de-contemplados-1-199-candidatos-eleitos-em-2024","status":"publish","type":"post","link":"https:\/\/blogdoeloiltoncajuhy.com.br\/site\/bolsa-familia-retira-da-lista-de-contemplados-1-199-candidatos-eleitos-em-2024\/","title":{"rendered":"Bolsa Fam\u00edlia retira da lista de contemplados 1.199 candidatos eleitos em 2024"},"content":{"rendered":"\n<p class=\"has-medium-font-size\"><strong>Medida se pauta nos requisitos de vulnerabilidade social do programa de transfer\u00eancia de renda do Governo Federal e foi publicada no Di\u00e1rio Oficial da Uni\u00e3o de sexta, 17 de janeiro<\/strong><\/p>\n\n\n\n<p><strong>Blog do Eloilton Cajuhy \u2013 BEC<\/strong><\/p>\n\n\n\n<figure class=\"wp-block-image aligncenter size-large\"><a href=\"https:\/\/i0.wp.com\/blogdoeloiltoncajuhy.com.br\/site\/wp-content\/uploads\/2023\/04\/Novo-cartao-Bolsa-familia-2023.webp\"><img data-recalc-dims=\"1\" fetchpriority=\"high\" decoding=\"async\" width=\"800\" height=\"450\" src=\"https:\/\/i0.wp.com\/blogdoeloiltoncajuhy.com.br\/site\/wp-content\/uploads\/2023\/04\/Novo-cartao-Bolsa-familia-2023.webp?resize=800%2C450\" alt=\"\" class=\"wp-image-73679\" srcset=\"https:\/\/i0.wp.com\/blogdoeloiltoncajuhy.com.br\/site\/wp-content\/uploads\/2023\/04\/Novo-cartao-Bolsa-familia-2023.webp?resize=1024%2C576&amp;ssl=1 1024w, https:\/\/i0.wp.com\/blogdoeloiltoncajuhy.com.br\/site\/wp-content\/uploads\/2023\/04\/Novo-cartao-Bolsa-familia-2023.webp?resize=300%2C169&amp;ssl=1 300w, https:\/\/i0.wp.com\/blogdoeloiltoncajuhy.com.br\/site\/wp-content\/uploads\/2023\/04\/Novo-cartao-Bolsa-familia-2023.webp?resize=768%2C432&amp;ssl=1 768w, https:\/\/i0.wp.com\/blogdoeloiltoncajuhy.com.br\/site\/wp-content\/uploads\/2023\/04\/Novo-cartao-Bolsa-familia-2023.webp?w=1280&amp;ssl=1 1280w\" sizes=\"(max-width: 800px) 100vw, 800px\" \/><\/a><figcaption class=\"wp-element-caption\"><sub>Bolsa Fam\u00edlia retira da lista de contemplados 1.199 candidatos eleitos em 2024<\/sub><\/figcaption><\/figure>\n\n\n\n<p>Seguindo as regras previstas para acesso ao programa de transfer\u00eancia de renda do Governo Federal, o primeiro pagamento de 2025 do Bolsa Fam\u00edlia, que tem in\u00edcio na pr\u00f3xima segunda-feira (20), retirou da lista de contemplados 1.199 candidatos eleitos nas elei\u00e7\u00f5es municipais de 2024.<\/p>\n\n\n\n<p>A instru\u00e7\u00e3o normativa da Secretaria Nacional de Renda de Cidadania do Minist\u00e9rio do Desenvolvimento e Assist\u00eancia Social, Fam\u00edlia e Combate \u00e0 Fome foi publicada no Di\u00e1rio Oficial da Uni\u00e3o de sexta-feira, 17 de janeiro.<\/p>\n\n\n\n<ul class=\"wp-block-list\">\n<li><a href=\"https:\/\/whatsapp.com\/channel\/0029VaAT7tDLI8Yfj5y9Z50Z\"><strong><mark style=\"background-color:rgba(0, 0, 0, 0)\" class=\"has-inline-color has-vivid-red-color\">Siga nosso canal no WhatsApp e veja mais not\u00edcias<\/mark><\/strong><\/a><\/li>\n<\/ul>\n\n\n\n<p><\/p>\n\n\n\n<p>De acordo com o texto, fam\u00edlias benefici\u00e1rias que tiverem integrantes identificados como candidatos eleitos nas elei\u00e7\u00f5es de 2024 ter\u00e3o os benef\u00edcios do Bolsa Fam\u00edlia e do Aux\u00edlio G\u00e1s cancelados a partir de janeiro de 2025.<\/p>\n\n\n\n<p>A medida prev\u00ea ainda que as fam\u00edlias n\u00e3o benefici\u00e1rias no Bolsa Fam\u00edlia, mas inscritas no Cadastro \u00danico e que apresentem na composi\u00e7\u00e3o candidatos eleitos n\u00e3o poder\u00e3o solicitar benef\u00edcios e ficam impedidas de ingressar nos programas durante o per\u00edodo do mandato.<\/p>\n\n\n\n<h4 class=\"wp-block-heading\"><strong><mark style=\"background-color:rgba(0, 0, 0, 0)\" class=\"has-inline-color has-black-color\">Cancelamento<\/mark><\/strong><\/h4>\n\n\n\n<p>A lista inclui 167 fam\u00edlias na regi\u00e3o Norte, 592 no Nordeste, 300 no Sudeste, 82 no Sul e 58 no Centro-Oeste. <strong><mark style=\"background-color:rgba(0, 0, 0, 0)\" class=\"has-inline-color has-black-color\">Confira a lista por estado:<\/mark><\/strong><\/p>\n\n\n\n<figure class=\"wp-block-table\"><table class=\"has-fixed-layout\"><tbody><tr><td>RO<\/td><td>3<\/td><\/tr><tr><td>AC<\/td><td>8<\/td><\/tr><tr><td>AM<\/td><td>23<\/td><\/tr><tr><td>RR<\/td><td>2<\/td><\/tr><tr><td>PA<\/td><td>64<\/td><\/tr><tr><td>AP<\/td><td>10<\/td><\/tr><tr><td>TO<\/td><td>57<\/td><\/tr><tr><td>MA<\/td><td>94<\/td><\/tr><tr><td>PI<\/td><td>79<\/td><\/tr><tr><td>CE<\/td><td>38<\/td><\/tr><tr><td>RN<\/td><td>41<\/td><\/tr><tr><td>PB<\/td><td>80<\/td><\/tr><tr><td>PE<\/td><td>59<\/td><\/tr><tr><td>AL<\/td><td>20<\/td><\/tr><tr><td>SE<\/td><td>25<\/td><\/tr><tr><td>BA<\/td><td>156<\/td><\/tr><tr><td>MG<\/td><td>229<\/td><\/tr><tr><td>ES<\/td><td>13<\/td><\/tr><tr><td>RJ<\/td><td>7<\/td><\/tr><tr><td>SP<\/td><td>51<\/td><\/tr><tr><td>PR<\/td><td>33<\/td><\/tr><tr><td>SC<\/td><td>11<\/td><\/tr><tr><td>RS<\/td><td>38<\/td><\/tr><tr><td>MS<\/td><td>6<\/td><\/tr><tr><td>MT<\/td><td>18<\/td><\/tr><tr><td>GO<\/td><td>34<\/td><\/tr><\/tbody><\/table><\/figure>\n","protected":false},"excerpt":{"rendered":"<p>Medida se pauta nos requisitos de vulnerabilidade social do programa de transfer\u00eancia de renda do Governo Federal e foi publicada no Di\u00e1rio Oficial da Uni\u00e3o de sexta, 17 de janeiro Blog do Eloilton Cajuhy \u2013 BEC Seguindo as regras previstas para acesso ao programa de transfer\u00eancia de renda do Governo Federal, o primeiro pagamento de [&hellip;]<\/p>\n","protected":false},"author":2,"featured_media":73679,"comment_status":"open","ping_status":"open","sticky":false,"template":"","format":"standard","meta":{"_acf_changed":false,"_monsterinsights_skip_tracking":false,"_monsterinsights_sitenote_active":false,"_monsterinsights_sitenote_note":"","_monsterinsights_sitenote_category":0,"_jetpack_memberships_contains_paid_content":false,"footnotes":"","jetpack_publicize_message":"","jetpack_publicize_feature_enabled":true,"jetpack_social_post_already_shared":false,"jetpack_social_options":{"image_generator_settings":{"template":"highway","enabled":false},"version":2}},"categories":[1],"tags":[],"class_list":["post-85417","post","type-post","status-publish","format-standard","has-post-thumbnail","hentry","category-noticias"],"acf":[],"jetpack_publicize_connections":[],"jetpack_featured_media_url":"https:\/\/i0.wp.com\/blogdoeloiltoncajuhy.com.br\/site\/wp-content\/uploads\/2023\/04\/Novo-cartao-Bolsa-familia-2023.webp?fit=1280%2C720&ssl=1","jetpack_sharing_enabled":true,"publishpress_future_workflow_manual_trigger":{"enabledWorkflows":[]},"_links":{"self":[{"href":"https:\/\/blogdoeloiltoncajuhy.com.br\/site\/wp-json\/wp\/v2\/posts\/85417","targetHints":{"allow":["GET"]}}],"collection":[{"href":"https:\/\/blogdoeloiltoncajuhy.com.br\/site\/wp-json\/wp\/v2\/posts"}],"about":[{"href":"https:\/\/blogdoeloiltoncajuhy.com.br\/site\/wp-json\/wp\/v2\/types\/post"}],"author":[{"embeddable":true,"href":"https:\/\/blogdoeloiltoncajuhy.com.br\/site\/wp-json\/wp\/v2\/users\/2"}],"replies":[{"embeddable":true,"href":"https:\/\/blogdoeloiltoncajuhy.com.br\/site\/wp-json\/wp\/v2\/comments?post=85417"}],"version-history":[{"count":1,"href":"https:\/\/blogdoeloiltoncajuhy.com.br\/site\/wp-json\/wp\/v2\/posts\/85417\/revisions"}],"predecessor-version":[{"id":85418,"href":"https:\/\/blogdoeloiltoncajuhy.com.br\/site\/wp-json\/wp\/v2\/posts\/85417\/revisions\/85418"}],"wp:featuredmedia":[{"embeddable":true,"href":"https:\/\/blogdoeloiltoncajuhy.com.br\/site\/wp-json\/wp\/v2\/media\/73679"}],"wp:attachment":[{"href":"https:\/\/blogdoeloiltoncajuhy.com.br\/site\/wp-json\/wp\/v2\/media?parent=85417"}],"wp:term":[{"taxonomy":"category","embeddable":true,"href":"https:\/\/blogdoeloiltoncajuhy.com.br\/site\/wp-json\/wp\/v2\/categories?post=85417"},{"taxonomy":"post_tag","embeddable":true,"href":"https:\/\/blogdoeloiltoncajuhy.com.br\/site\/wp-json\/wp\/v2\/tags?post=85417"}],"curies":[{"name":"wp","href":"https:\/\/api.w.org\/{rel}","templated":true}]}}