{"id":85407,"date":"2025-01-18T18:19:21","date_gmt":"2025-01-18T21:19:21","guid":{"rendered":"https:\/\/blogdoeloiltoncajuhy.com.br\/site\/?p=85407"},"modified":"2025-01-18T18:19:26","modified_gmt":"2025-01-18T21:19:26","slug":"suspeito-de-assalto-e-morto-em-troca-de-tiros-com-a-pm-de-campo-formoso","status":"publish","type":"post","link":"https:\/\/blogdoeloiltoncajuhy.com.br\/site\/suspeito-de-assalto-e-morto-em-troca-de-tiros-com-a-pm-de-campo-formoso\/","title":{"rendered":"Suspeito de assalto \u00e9 morto em troca de tiros com a PM de Campo Formoso"},"content":{"rendered":"\n<p class=\"has-medium-font-size\"><strong>Assalto na estrada de Piabas aconteceu na \u00faltima quinta-feira (16)<\/strong><\/p>\n\n\n\n<p><strong>Por Blog do Eloilton Cajuhy \u2013 BEC<\/strong><\/p>\n\n\n\n<figure class=\"wp-block-image aligncenter size-full\"><a href=\"https:\/\/i0.wp.com\/blogdoeloiltoncajuhy.com.br\/site\/wp-content\/uploads\/2025\/01\/Apreensao-arma-e-droga-em-Campo-Formoso_18-1-2025.jpeg?ssl=1\"><img data-recalc-dims=\"1\" fetchpriority=\"high\" decoding=\"async\" width=\"760\" height=\"462\" src=\"https:\/\/i0.wp.com\/blogdoeloiltoncajuhy.com.br\/site\/wp-content\/uploads\/2025\/01\/Apreensao-arma-e-droga-em-Campo-Formoso_18-1-2025.jpeg?resize=760%2C462&#038;ssl=1\" alt=\"\" class=\"wp-image-85408\" srcset=\"https:\/\/i0.wp.com\/blogdoeloiltoncajuhy.com.br\/site\/wp-content\/uploads\/2025\/01\/Apreensao-arma-e-droga-em-Campo-Formoso_18-1-2025.jpeg?w=760&amp;ssl=1 760w, https:\/\/i0.wp.com\/blogdoeloiltoncajuhy.com.br\/site\/wp-content\/uploads\/2025\/01\/Apreensao-arma-e-droga-em-Campo-Formoso_18-1-2025.jpeg?resize=300%2C182&amp;ssl=1 300w\" sizes=\"(max-width: 760px) 100vw, 760px\" \/><\/a><figcaption class=\"wp-element-caption\"><sub>Suspeito de assalto \u00e9 morto em troca de tiros com a PM de Campo Formoso &#8211; Foto: Divulga\u00e7\u00e3o \/ Pol\u00edcia Militar<\/sub><\/figcaption><\/figure>\n\n\n\n<ul class=\"wp-block-list\">\n<li><a href=\"https:\/\/whatsapp.com\/channel\/0029VaAT7tDLI8Yfj5y9Z50Z\"><strong><mark style=\"background-color:rgba(0, 0, 0, 0)\" class=\"has-inline-color has-vivid-red-color\">Siga nosso canal no WhatsApp e veja mais not\u00edcias<\/mark><\/strong><\/a><\/li>\n<\/ul>\n\n\n\n<p><\/p>\n\n\n\n<p>Por volta das 13h30 deste s\u00e1bado (18), uma guarni\u00e7\u00e3o da 54\u00aa Companhia Independente da Pol\u00edcia Militar de Campo Formoso foi informada pela Central de Opera\u00e7\u00f5es sobre o paradeiro do segundo suspeito do assalto ocorrido na tarde da \u00faltima quinta-feira (16), na estrada que interliga o povoado de Piabas, interior daquele munic\u00edpio.<\/p>\n\n\n\n<p>De imediato, a equipe empreendeu dilig\u00eancia e, durante cerco no local indicado, foi surpreendida pelo infrator, que, ao perceber a aproxima\u00e7\u00e3o dos policiais, teria efetuado disparos de arma de fogo contra os PMs.<\/p>\n\n\n\n<p>Ainda de acordo com a PM, houve uma ligeira troca de tiros e, ap\u00f3s cessados os disparos, foi localizado o homem ferido, portando um rev\u00f3lver. Ele foi socorrido ao hospital mais pr\u00f3ximo pela pr\u00f3pria PM, por\u00e9m n\u00e3o resistiu. O nome dele n\u00e3o foi revelado.<\/p>\n\n\n\n<p class=\"has-black-color has-text-color has-link-color wp-elements-4fcb50d47f857269a045b3d1c8c3b725\"><strong>Com ele foi apreendido, de acordo com informa\u00e7\u00f5es da 54\u00aa CIPM:<\/strong><\/p>\n\n\n\n<ul class=\"wp-block-list\">\n<li>Um rev\u00f3lver calibre 38;<\/li>\n\n\n\n<li>Quatro cartuchos calibre 38 deflagrados;<\/li>\n\n\n\n<li>Dois cartuchos calibre 38 intactos;<\/li>\n\n\n\n<li>Uma certa quantidade de maconha.<\/li>\n<\/ul>\n\n\n\n<p><\/p>\n\n\n\n<p>O material apreendido foi encaminhado \u00e0 Delegacia Territorial de Campo Formoso para a ado\u00e7\u00e3o das provid\u00eancias legais cab\u00edveis.<\/p>\n","protected":false},"excerpt":{"rendered":"<p>Assalto na estrada de Piabas aconteceu na \u00faltima quinta-feira (16) Por Blog do Eloilton Cajuhy \u2013 BEC Por volta das 13h30 deste s\u00e1bado (18), uma guarni\u00e7\u00e3o da 54\u00aa Companhia Independente da Pol\u00edcia Militar de Campo Formoso foi informada pela Central de Opera\u00e7\u00f5es sobre o paradeiro do segundo suspeito do assalto ocorrido na tarde da \u00faltima [&hellip;]<\/p>\n","protected":false},"author":2,"featured_media":85408,"comment_status":"open","ping_status":"open","sticky":false,"template":"","format":"standard","meta":{"_acf_changed":false,"_monsterinsights_skip_tracking":false,"_monsterinsights_sitenote_active":false,"_monsterinsights_sitenote_note":"","_monsterinsights_sitenote_category":0,"_jetpack_memberships_contains_paid_content":false,"footnotes":"","jetpack_publicize_message":"","jetpack_publicize_feature_enabled":true,"jetpack_social_post_already_shared":true,"jetpack_social_options":{"image_generator_settings":{"template":"highway","default_image_id":0,"font":"","enabled":false},"version":2}},"categories":[15],"tags":[],"class_list":["post-85407","post","type-post","status-publish","format-standard","has-post-thumbnail","hentry","category-policia"],"acf":[],"jetpack_publicize_connections":[],"jetpack_featured_media_url":"https:\/\/i0.wp.com\/blogdoeloiltoncajuhy.com.br\/site\/wp-content\/uploads\/2025\/01\/Apreensao-arma-e-droga-em-Campo-Formoso_18-1-2025.jpeg?fit=760%2C462&ssl=1","jetpack_sharing_enabled":true,"publishpress_future_workflow_manual_trigger":{"enabledWorkflows":[]},"_links":{"self":[{"href":"https:\/\/blogdoeloiltoncajuhy.com.br\/site\/wp-json\/wp\/v2\/posts\/85407","targetHints":{"allow":["GET"]}}],"collection":[{"href":"https:\/\/blogdoeloiltoncajuhy.com.br\/site\/wp-json\/wp\/v2\/posts"}],"about":[{"href":"https:\/\/blogdoeloiltoncajuhy.com.br\/site\/wp-json\/wp\/v2\/types\/post"}],"author":[{"embeddable":true,"href":"https:\/\/blogdoeloiltoncajuhy.com.br\/site\/wp-json\/wp\/v2\/users\/2"}],"replies":[{"embeddable":true,"href":"https:\/\/blogdoeloiltoncajuhy.com.br\/site\/wp-json\/wp\/v2\/comments?post=85407"}],"version-history":[{"count":1,"href":"https:\/\/blogdoeloiltoncajuhy.com.br\/site\/wp-json\/wp\/v2\/posts\/85407\/revisions"}],"predecessor-version":[{"id":85409,"href":"https:\/\/blogdoeloiltoncajuhy.com.br\/site\/wp-json\/wp\/v2\/posts\/85407\/revisions\/85409"}],"wp:featuredmedia":[{"embeddable":true,"href":"https:\/\/blogdoeloiltoncajuhy.com.br\/site\/wp-json\/wp\/v2\/media\/85408"}],"wp:attachment":[{"href":"https:\/\/blogdoeloiltoncajuhy.com.br\/site\/wp-json\/wp\/v2\/media?parent=85407"}],"wp:term":[{"taxonomy":"category","embeddable":true,"href":"https:\/\/blogdoeloiltoncajuhy.com.br\/site\/wp-json\/wp\/v2\/categories?post=85407"},{"taxonomy":"post_tag","embeddable":true,"href":"https:\/\/blogdoeloiltoncajuhy.com.br\/site\/wp-json\/wp\/v2\/tags?post=85407"}],"curies":[{"name":"wp","href":"https:\/\/api.w.org\/{rel}","templated":true}]}}